{"id":188188,"date":"2019-07-30T16:46:33","date_gmt":"2019-07-30T13:46:33","guid":{"rendered":"http:\/\/www.tvturk.com\/index.php\/ayi-korkusundan-bahcelerine-giremiyorlar\/"},"modified":"2019-07-30T16:46:33","modified_gmt":"2019-07-30T13:46:33","slug":"ayi-korkusundan-bahcelerine-giremiyorlar","status":"publish","type":"post","link":"http:\/\/www.tvturk.com\/index.php\/ayi-korkusundan-bahcelerine-giremiyorlar\/","title":{"rendered":"Ay\u0131 korkusundan bah\u00e7elerine giremiyorlar"},"content":{"rendered":"<p>Erzurum\u2019da sabah saatlerinde bah\u00e7esine giden Hamza Maral ay\u0131 sald\u0131r\u0131s\u0131ndan son anda kurtuldu. Maral, ay\u0131 korkusundan bah\u00e7elerine giremediklerini s\u00f6yledi.<\/p>\n<p>Olay, Erzurum\u2019un Oltu il\u00e7esine ba\u011fl\u0131 Orcuk mahallesinde meydana geldi. Hamza Maral, sabah saatlerinde evinden bah\u00e7esini sulamak i\u00e7in d\u0131\u015far\u0131 \u00e7\u0131kt\u0131. Bah\u00e7ede ay\u0131 ile kar\u015f\u0131la\u015fan Hamza Maral, ay\u0131n\u0131n sald\u0131r\u0131s\u0131ndan son anda kurtuldu. Olay yerinden ko\u015farak uzakla\u015fan Maral, durumu yetkililere bildirdi. Mahallede ya\u015fayan vatanda\u015flar ise, ay\u0131lar\u0131n bah\u00e7elerine girdikleri i\u00e7in d\u0131\u015far\u0131da balta ve k\u00fcreklerle geziyorlar.<\/p>\n<p>Mahalle Muhtar\u0131 Vahit Kartal, \u201cK\u00f6y\u00fcm\u00fczde olan yabani hayvanlardan, ay\u0131lardan illallah etti insan\u0131m\u0131z. On ki\u015fi yirmi ki\u015fiyle tarlam\u0131za ancak gidebiliyoruz. Bu durumu yetkililere s\u00f6yledik. Mevsimin \u00e7ok k\u00f6t\u00fc zaman\u0131 ama arazinin i\u00e7erisinde \u00e7al\u0131\u015fmak zorunday\u0131z. Ge\u00e7en sene kom\u015fu k\u00f6ylerimizde sekiz on ki\u015fiyi yaraland\u0131. \u00d6l\u00fcm olay\u0131 bile oldu. Buna bir \u00e7are bulmam\u0131z laz\u0131m\u201d dedi.<\/p>\n<p>Ay\u0131 sald\u0131r\u0131s\u0131ndan son anda ka\u00e7arak kurtaran Hamza Maral ise, \u201cA\u011fa\u00e7lar\u0131 kontrol ediyordum, ay\u0131 birden kar\u015f\u0131ma \u00e7\u0131k\u0131p sesle \u00fcst\u00fcme gelince bende hemen kendimi d\u0131\u015far\u0131 att\u0131m. Oradan ka\u00e7t\u0131m. Ay\u0131y\u0131 g\u00f6r\u00fcnce ba\u011f\u0131rd\u0131m kom\u015funun yan\u0131na ko\u015ftum.  Neredeyse nefesim kesildi zor nefes ald\u0131m. \u00c7ok korktum. Yar\u0131m saat kendime gelemedim\u201d diye konu\u015ftu.<\/p>\n<p>Mahalle halk\u0131 yetkililerden yard\u0131m bekliyor.<\/p>\n","protected":false},"excerpt":{"rendered":"<p>MAHALLEL\u0130 AYI N\u00d6BET\u0130 TUTUYOR<\/p>\n","protected":false},"author":1,"featured_media":188189,"comment_status":"closed","ping_status":"open","sticky":false,"template":"","format":"standard","meta":{"jetpack_post_was_ever_published":false,"_jetpack_newsletter_access":"","_jetpack_dont_email_post_to_subs":false,"_jetpack_newsletter_tier_id":0,"_jetpack_memberships_contains_paywalled_content":false,"_jetpack_memberships_contains_paid_content":false,"footnotes":"","jetpack_publicize_message":"","jetpack_publicize_feature_enabled":true,"jetpack_social_post_already_shared":true,"jetpack_social_options":{"image_generator_settings":{"template":"highway","default_image_id":0,"font":"","enabled":false},"version":2}},"categories":[1],"tags":[345,30783,46877,46876],"class_list":["post-188188","post","type-post","status-publish","format-standard","has-post-thumbnail","hentry","category-genel","tag-ayi","tag-bahcelerine","tag-giremiyorlar","tag-korkusundan"],"jetpack_publicize_connections":[],"jetpack_featured_media_url":"https:\/\/i0.wp.com\/www.tvturk.com\/wp-content\/uploads\/2019\/07\/ayi-korkusundan-bahcelerine-giremiyorlar_6bda8c9.jpg?fit=1000%2C666","jetpack_sharing_enabled":true,"jetpack_shortlink":"https:\/\/wp.me\/paKIfm-MXi","_links":{"self":[{"href":"http:\/\/www.tvturk.com\/index.php\/wp-json\/wp\/v2\/posts\/188188","targetHints":{"allow":["GET"]}}],"collection":[{"href":"http:\/\/www.tvturk.com\/index.php\/wp-json\/wp\/v2\/posts"}],"about":[{"href":"http:\/\/www.tvturk.com\/index.php\/wp-json\/wp\/v2\/types\/post"}],"author":[{"embeddable":true,"href":"http:\/\/www.tvturk.com\/index.php\/wp-json\/wp\/v2\/users\/1"}],"replies":[{"embeddable":true,"href":"http:\/\/www.tvturk.com\/index.php\/wp-json\/wp\/v2\/comments?post=188188"}],"version-history":[{"count":0,"href":"http:\/\/www.tvturk.com\/index.php\/wp-json\/wp\/v2\/posts\/188188\/revisions"}],"wp:featuredmedia":[{"embeddable":true,"href":"http:\/\/www.tvturk.com\/index.php\/wp-json\/wp\/v2\/media\/188189"}],"wp:attachment":[{"href":"http:\/\/www.tvturk.com\/index.php\/wp-json\/wp\/v2\/media?parent=188188"}],"wp:term":[{"taxonomy":"category","embeddable":true,"href":"http:\/\/www.tvturk.com\/index.php\/wp-json\/wp\/v2\/categories?post=188188"},{"taxonomy":"post_tag","embeddable":true,"href":"http:\/\/www.tvturk.com\/index.php\/wp-json\/wp\/v2\/tags?post=188188"}],"curies":[{"name":"wp","href":"https:\/\/api.w.org\/{rel}","templated":true}]}}