{"id":188202,"date":"2019-07-30T17:01:51","date_gmt":"2019-07-30T14:01:51","guid":{"rendered":"http:\/\/www.tvturk.com\/index.php\/mudanya-kapali-pazar-yerine-yeni-adres\/"},"modified":"2019-07-30T17:01:51","modified_gmt":"2019-07-30T14:01:51","slug":"mudanya-kapali-pazar-yerine-yeni-adres","status":"publish","type":"post","link":"http:\/\/www.tvturk.com\/index.php\/mudanya-kapali-pazar-yerine-yeni-adres\/","title":{"rendered":"Mudanya Kapal\u0131 Pazar Yeri\u2019ne yeni adres"},"content":{"rendered":"<p>Mudanya Belediyesi\u2019nin temmuz ay\u0131 ola\u011fan\u00fcst\u00fc meclis toplans\u0131t\u0131s\u0131nda kapal\u0131 pazar yerinin kald\u0131r\u0131larak \u00d6merbey Mahallesi\u2019nde Ye\u015fildere ve \u00c7\u0131nar Sokak\u2019ta kurulmas\u0131 kararla\u015ft\u0131r\u0131ld\u0131.<\/p>\n<p>Belediye meclisi,  bilhassa hafta sonlar\u0131 ya\u015fanan trafik s\u0131k\u0131\u015f\u0131kl\u0131\u011f\u0131na \u00e7\u00f6z\u00fcm bulmak i\u00e7in kapal\u0131 pazar yerinin kapat\u0131lmas\u0131na karar verdi. Bursa 2. \u0130dare Mahkemesi kapal\u0131 pazar yerinin imar plan\u0131nda turizm alan\u0131nda kald\u0131\u011f\u0131 gerek\u00e7esiyle b\u00f6lgenin pazar yeri olarak kullan\u0131lmas\u0131yla al\u00e2kal\u0131 ipt\u00e2l karar\u0131 verirken, Mudanya Belediyesi Pazar Yeri Kurulu\u015f Komisyonu, oy birli\u011fiyle pazar yerinin kald\u0131r\u0131larak modern bir pazar yeri yap\u0131l\u0131ncaya kadar \u00d6merbey Mahallesi\u2019nde Ye\u015fildere ve \u00c7\u0131nar Sokak\u2019ta kurulmas\u0131n\u0131 kararla\u015ft\u0131rd\u0131.<\/p>\n<p>Yap\u0131lan ola\u011fan\u00fcst\u00fc meclis toplant\u0131s\u0131yla komisyon raporu onayland\u0131. Kapal\u0131 pazar yerinde hizmet veren esnaf, yeni pazar yeri olu\u015fturuluncaya kadar  eski pazar yerine yak\u0131nl\u0131\u011f\u0131, \u00e7evre, alt yap\u0131 ve trafik durumu g\u00f6z \u00f6n\u00fcnde bulundurularak pazar\u0131n \u00d6merbey Mahallesi\u2019nde Ye\u015fildere ve \u00c7\u0131nar Sokak\u2019ta kurulmas\u0131na karar verdi.<\/p>\n<p>Mudanya Belediye Ba\u015fkan\u0131 Hayri T\u00fcrky\u0131lmaz, mahkeme karar\u0131n\u0131 yerine getireceklerini dile getirerek, \u201cHem\u015fehrilerimiz bize g\u00f6rev verdi. Mahkemenin de kesinle\u015fmi\u015f karar\u0131 var. Bizim yapmaya \u00e7al\u0131\u015ft\u0131\u011f\u0131m\u0131z trafi\u011fin rahatlamas\u0131, mahkeme karar\u0131n\u0131n uygulanmas\u0131d\u0131r. Trafik s\u0131k\u0131\u015f\u0131kl\u0131\u011f\u0131na yol a\u00e7mayacak bir mevki belirlendi. Yeni kapal\u0131 pazar yeri yap\u0131lana kadar bu ge\u00e7ici olarak bu alanda bulunacak. Yeni yerle ilgili \u015fartn\u00e2me haz\u0131rlan\u0131yor. \u0130haleye \u00e7\u0131karaca\u011f\u0131z. Hangi oda al\u0131rsa, o bedeli \u00f6deyecek ve elektri\u011fi, suyu onlara ait olacak. Benim istedi\u011fim sadece bir kapal\u0131 pazar yeri de\u011fil, sosyal tesisi, otopark\u0131 ve servis alanlar\u0131 d\u00e2hil bir alan olacak. Mudanya\u2019y\u0131 yeni, modern bir pazar yeriyle bulu\u015fturaca\u011f\u0131z\u201d diye konu\u015ftu.<\/p>\n","protected":false},"excerpt":{"rendered":"<p>MUDANYA BELED\u0130YES\u0130\u2019N\u0130N TEMMUZ AYI OLA\u011eAN\u00dcST\u00dc MECL\u0130S TOPLANSITISINDA KAPALI PAZAR YER\u0130N\u0130N KALDIRILARAK \u00d6MERBEY MAHALLES\u0130\u2019NDE YE\u015e\u0130LDERE VE \u00c7INAR SOKAK\u2019TA KURULMASI KARARLA\u015eTIRILDI.<\/p>\n","protected":false},"author":1,"featured_media":188203,"comment_status":"closed","ping_status":"open","sticky":false,"template":"","format":"standard","meta":{"jetpack_post_was_ever_published":false,"_jetpack_newsletter_access":"","_jetpack_dont_email_post_to_subs":false,"_jetpack_newsletter_tier_id":0,"_jetpack_memberships_contains_paywalled_content":false,"_jetpack_memberships_contains_paid_content":false,"footnotes":"","jetpack_publicize_message":"","jetpack_publicize_feature_enabled":true,"jetpack_social_post_already_shared":true,"jetpack_social_options":{"image_generator_settings":{"template":"highway","default_image_id":0,"font":"","enabled":false},"version":2}},"categories":[1],"tags":[29125,2004,9220,123,87,1794],"class_list":["post-188202","post","type-post","status-publish","format-standard","has-post-thumbnail","hentry","category-genel","tag-adres","tag-kapali","tag-mudanya","tag-pazar","tag-yeni","tag-yerine"],"jetpack_publicize_connections":[],"jetpack_featured_media_url":"https:\/\/i0.wp.com\/www.tvturk.com\/wp-content\/uploads\/2019\/07\/mudanya-kapali-pazar-yerine-yeni-adres_e50502f.jpg?fit=1000%2C719","jetpack_sharing_enabled":true,"jetpack_shortlink":"https:\/\/wp.me\/paKIfm-MXw","_links":{"self":[{"href":"http:\/\/www.tvturk.com\/index.php\/wp-json\/wp\/v2\/posts\/188202","targetHints":{"allow":["GET"]}}],"collection":[{"href":"http:\/\/www.tvturk.com\/index.php\/wp-json\/wp\/v2\/posts"}],"about":[{"href":"http:\/\/www.tvturk.com\/index.php\/wp-json\/wp\/v2\/types\/post"}],"author":[{"embeddable":true,"href":"http:\/\/www.tvturk.com\/index.php\/wp-json\/wp\/v2\/users\/1"}],"replies":[{"embeddable":true,"href":"http:\/\/www.tvturk.com\/index.php\/wp-json\/wp\/v2\/comments?post=188202"}],"version-history":[{"count":0,"href":"http:\/\/www.tvturk.com\/index.php\/wp-json\/wp\/v2\/posts\/188202\/revisions"}],"wp:featuredmedia":[{"embeddable":true,"href":"http:\/\/www.tvturk.com\/index.php\/wp-json\/wp\/v2\/media\/188203"}],"wp:attachment":[{"href":"http:\/\/www.tvturk.com\/index.php\/wp-json\/wp\/v2\/media?parent=188202"}],"wp:term":[{"taxonomy":"category","embeddable":true,"href":"http:\/\/www.tvturk.com\/index.php\/wp-json\/wp\/v2\/categories?post=188202"},{"taxonomy":"post_tag","embeddable":true,"href":"http:\/\/www.tvturk.com\/index.php\/wp-json\/wp\/v2\/tags?post=188202"}],"curies":[{"name":"wp","href":"https:\/\/api.w.org\/{rel}","templated":true}]}}