{"id":188226,"date":"2019-07-30T18:16:37","date_gmt":"2019-07-30T15:16:37","guid":{"rendered":"http:\/\/www.tvturk.com\/index.php\/ankara-ticaret-odasi-golbasi-temsilciligi-acildi\/"},"modified":"2019-07-30T18:16:37","modified_gmt":"2019-07-30T15:16:37","slug":"ankara-ticaret-odasi-golbasi-temsilciligi-acildi","status":"publish","type":"post","link":"http:\/\/www.tvturk.com\/index.php\/ankara-ticaret-odasi-golbasi-temsilciligi-acildi\/","title":{"rendered":"Ankara Ticaret Odas\u0131 G\u00f6lba\u015f\u0131 temsilcili\u011fi a\u00e7\u0131ld\u0131"},"content":{"rendered":"<p>Ankara Ticaret Odas\u0131n\u0131n (ATO) G\u00f6lba\u015f\u0131 temsilcili\u011fi, G\u00f6lba\u015f\u0131 Belediyesinde hizmete a\u00e7\u0131ld\u0131. ATO\u2019nun Kazan, Ke\u00e7i\u00f6ren, Ostim, Sincan ve Siteler temsilcilerine ek olarak, ATO \u00fcyelerinin yo\u011funlukta oldu\u011fu G\u00f6lba\u015f\u0131\u2019nda hizmete a\u00e7\u0131ld\u0131. A\u00e7\u0131l\u0131\u015fa G\u00f6lba\u015f\u0131 Kaymakam\u0131 T\u00fclay Baydar Bilgihan, ATO Ba\u015fkan\u0131 G\u00fcrsel Baran, G\u00f6lba\u015f\u0131 Belediye Ba\u015fkan\u0131 Ramazan \u015eim\u015fek, ATO Y\u00f6netim Kurulu \u00fcyeleri kat\u0131ld\u0131.<\/p>\n<p>ATO\u2019nun G\u00f6lba\u015f\u0131 halk\u0131na yarar\u0131 olaca\u011f\u0131n\u0131 ifade eden Ramazan \u015eim\u015fek, \u201dG\u00f6lba\u015f\u0131 geli\u015fen kalk\u0131nmaya bir il\u00e7e olmas\u0131ndan dolay\u0131 2010 y\u0131l\u0131ndan beri a\u00e7\u0131lmas\u0131n\u0131 istiyoruz. G\u00f6lba\u015f\u0131\u2019n\u0131n ticaretini kalk\u0131nd\u0131rmam\u0131z gerekiyor. ATO buraya a\u00e7mam\u0131z gerekiyor. \u00c7ok m\u00fccadele ettik, 9 y\u0131l sonra \u015fubesini a\u00e7t\u0131k. G\u00f6lba\u015f\u0131 lokomotif bir il\u00e7e, G\u00f6lba\u015f\u0131 turizm il\u00e7esi, G\u00f6lba\u015f\u0131 tar\u0131mla u\u011fra\u015fan bir il\u00e7e, en \u00f6nemlisi ticarete a\u00e7\u0131k bir b\u00f6lgedir. ATO\u2019nun G\u00f6lba\u015f\u0131\u2019nda bin 400 \u00fcyesi var\u201d \u015feklinde konu\u015ftu.<\/p>\n<p>G\u00f6lba\u015f\u0131 temsilcili\u011finin a\u00e7\u0131lmas\u0131n\u0131n \u00f6nemine vurgu yapan ATO Ba\u015fkan\u0131 G\u00fcrsel Baran, \u201cEme\u011fi ge\u00e7en herkese te\u015fekk\u00fcr ediyorum. \u00c7evre il\u00e7elerle 3 bin ki\u015fi ATO\u2019ya kat\u0131ld\u0131. Bizim g\u00f6revimiz \u00fcyelerimizin \u00f6n\u00fcn\u00fc a\u00e7mak, onlara destek olmak. ATO e-devlet kap\u0131s\u0131nda tek oda, evraklar\u0131m\u0131z\u0131n bir k\u0131sm\u0131n\u0131 da e-imzal\u0131 olarak internet olan her yerde veren bir oday\u0131z. 2018 rakamlar\u0131yla yakla\u015f\u0131k 40 bin evrak\u0131m\u0131z\u0131 ofise gelmeden verdik\u201d ifadelerini kulland\u0131.<\/p>\n","protected":false},"excerpt":{"rendered":"<p>ANKARA T\u0130CARET ODASININ (ATO) G\u00d6LBA\u015eI TEMS\u0130LC\u0130L\u0130\u011e\u0130, G\u00d6LBA\u015eI BELED\u0130YES\u0130NDE H\u0130ZMETE A\u00c7ILDI.<\/p>\n","protected":false},"author":1,"featured_media":188227,"comment_status":"closed","ping_status":"open","sticky":false,"template":"","format":"standard","meta":{"jetpack_post_was_ever_published":false,"_jetpack_newsletter_access":"","_jetpack_dont_email_post_to_subs":false,"_jetpack_newsletter_tier_id":0,"_jetpack_memberships_contains_paywalled_content":false,"_jetpack_memberships_contains_paid_content":false,"footnotes":"","jetpack_publicize_message":"","jetpack_publicize_feature_enabled":true,"jetpack_social_post_already_shared":true,"jetpack_social_options":{"image_generator_settings":{"template":"highway","default_image_id":0,"font":"","enabled":false},"version":2}},"categories":[1],"tags":[288,1475,2905,374,9582,373],"class_list":["post-188226","post","type-post","status-publish","format-standard","has-post-thumbnail","hentry","category-genel","tag-acildi","tag-ankara","tag-golbasi","tag-odasi","tag-temsilciligi","tag-ticaret"],"jetpack_publicize_connections":[],"jetpack_featured_media_url":"https:\/\/i0.wp.com\/www.tvturk.com\/wp-content\/uploads\/2019\/07\/ankara-ticaret-odasi-golbasi-temsilciligi-acildi_88e0137.jpg?fit=1000%2C750","jetpack_sharing_enabled":true,"jetpack_shortlink":"https:\/\/wp.me\/paKIfm-MXU","_links":{"self":[{"href":"http:\/\/www.tvturk.com\/index.php\/wp-json\/wp\/v2\/posts\/188226","targetHints":{"allow":["GET"]}}],"collection":[{"href":"http:\/\/www.tvturk.com\/index.php\/wp-json\/wp\/v2\/posts"}],"about":[{"href":"http:\/\/www.tvturk.com\/index.php\/wp-json\/wp\/v2\/types\/post"}],"author":[{"embeddable":true,"href":"http:\/\/www.tvturk.com\/index.php\/wp-json\/wp\/v2\/users\/1"}],"replies":[{"embeddable":true,"href":"http:\/\/www.tvturk.com\/index.php\/wp-json\/wp\/v2\/comments?post=188226"}],"version-history":[{"count":0,"href":"http:\/\/www.tvturk.com\/index.php\/wp-json\/wp\/v2\/posts\/188226\/revisions"}],"wp:featuredmedia":[{"embeddable":true,"href":"http:\/\/www.tvturk.com\/index.php\/wp-json\/wp\/v2\/media\/188227"}],"wp:attachment":[{"href":"http:\/\/www.tvturk.com\/index.php\/wp-json\/wp\/v2\/media?parent=188226"}],"wp:term":[{"taxonomy":"category","embeddable":true,"href":"http:\/\/www.tvturk.com\/index.php\/wp-json\/wp\/v2\/categories?post=188226"},{"taxonomy":"post_tag","embeddable":true,"href":"http:\/\/www.tvturk.com\/index.php\/wp-json\/wp\/v2\/tags?post=188226"}],"curies":[{"name":"wp","href":"https:\/\/api.w.org\/{rel}","templated":true}]}}