{"id":188248,"date":"2019-07-30T20:17:44","date_gmt":"2019-07-30T17:17:44","guid":{"rendered":"http:\/\/www.tvturk.com\/index.php\/boyaci-izmirde-ogretmen-acigimiz-yok\/"},"modified":"2019-07-30T20:17:44","modified_gmt":"2019-07-30T17:17:44","slug":"boyaci-izmirde-ogretmen-acigimiz-yok","status":"publish","type":"post","link":"http:\/\/www.tvturk.com\/index.php\/boyaci-izmirde-ogretmen-acigimiz-yok\/","title":{"rendered":"Boyac\u0131: &#8220;\u0130zmir\u2019de \u00f6\u011fretmen a\u00e7\u0131\u011f\u0131m\u0131z yok&#8221;"},"content":{"rendered":"<p>Milli E\u011fitim Bakanl\u0131\u011f\u0131 \u00d6\u011fretmen Yeti\u015ftirme ve Geli\u015ftirme Genel M\u00fcd\u00fcr\u00fc Adnan Boyac\u0131, \u0130zmir\u2019de \u00f6\u011fretmen a\u00e7\u0131\u011f\u0131 bulunmad\u0131\u011f\u0131n\u0131 kaydetti.<\/p>\n<p>\u0130zmir \u0130l Milli E\u011fitim M\u00fcd\u00fcrl\u00fc\u011f\u00fcnden yap\u0131lan yaz\u0131l\u0131 a\u00e7\u0131klamaya g\u00f6re, Milli E\u011fitim Bakanl\u0131\u011f\u0131 \u00d6\u011fretmen Yeti\u015ftirme ve Geli\u015ftirme Genel M\u00fcd\u00fcr\u00fc Adnan Boyac\u0131, m\u00fcd\u00fcrl\u00fckte d\u00fczenlenen toplant\u0131ya kat\u0131larak E\u011fitim Bili\u015fim A\u011f\u0131 (EBA), AR-GE, dijital i\u00e7erik geli\u015ftirme \u00e7al\u0131\u015fmalar\u0131na ili\u015fkin bilgi ald\u0131. Boyac\u0131, toplant\u0131da yapt\u0131\u011f\u0131 konu\u015fmada 2023 hedefleri do\u011frultusunda e\u011fitimde \u00e7al\u0131\u015fmalar\u0131n s\u00fcrd\u00fc\u011f\u00fcn\u00fc kaydetti. E\u011fitim sorunlar\u0131n\u0131n her b\u00f6lgede ortak \u00f6zellikler g\u00f6sterdi\u011fine i\u015faret eden Boyac\u0131, &#8220;\u0130zmir\u2019de yap\u0131lan \u00e7al\u0131\u015fmalar gayet ba\u015far\u0131l\u0131. \u00c7al\u0131\u015fmalar\u0131n\u0131z\u0131 yak\u0131ndan takip ediyorum. \u00dclkemizde 2023 vizyon \u00e7al\u0131\u015fmalar\u0131 \u00e7er\u00e7evesinde teknolojiyi yakalayan yap\u0131land\u0131r\u0131c\u0131 e\u011fitimi uygulamaya koymak i\u00e7in \u00e7al\u0131\u015fmalar devam ediyor&#8221; ifadelerini kulland\u0131.<\/p>\n<p>&#8220;\u0130zmir\u2019de \u00f6\u011fretmen a\u00e7\u0131\u011f\u0131m\u0131z yok&#8221;<\/p>\n<p>Milli E\u011fitim Bakanl\u0131\u011f\u0131n\u0131n d\u00fczenledi\u011fi mesleki geli\u015fim \u00e7al\u0131\u015fmalar\u0131na 650 bin \u00f6\u011fretmenin kat\u0131ld\u0131\u011f\u0131 bilgisini veren Boyac\u0131, \u015funlar\u0131 kaydetti: &#8220;Art\u0131k eski sorunlarla ilgilenmiyoruz. Bak\u0131n \u0130zmir\u2019de \u00f6\u011fretmen a\u00e7\u0131\u011f\u0131m\u0131z yok. Yetki g\u00fcc\u00fcnden daha \u00e7ok etki g\u00fcc\u00fcn\u00fc kullanan e\u011fitimciler ba\u015far\u0131y\u0131 yakalayabiliyor. \u00d6\u011fretmenlik meslek kanununun hayata ge\u00e7irilmesi ile \u00f6\u011fretmenlerimize gerekli mesleki pozisyonlar\u0131, kariyer planlamalar\u0131n\u0131n da uygulamaya koyulmas\u0131 hedeflenmektedir. \u00d6\u011fretmenlerimiz ki\u015fisel geli\u015fimleri a\u00e7\u0131s\u0131ndan, kendi ki\u015fisel geli\u015fimlerine katk\u0131da bulunan e\u011fitimleri tercih ediyorlar.&#8221;<\/p>\n<p>Adnan Boyac\u0131, toplant\u0131 sonunda ba\u015far\u0131l\u0131 \u00e7al\u0131\u015fmalar\u0131 dolay\u0131s\u0131yla \u0130zmir \u0130l Milli E\u011fitim M\u00fcd\u00fcr\u00fc \u00d6mer Yah\u015fi ve ekibine te\u015fekk\u00fcr etti.<\/p>\n","protected":false},"excerpt":{"rendered":"<p>M\u0130LL\u0130 E\u011e\u0130T\u0130M BAKANLI\u011eI \u00d6\u011eRETMEN YET\u0130\u015eT\u0130RME VE GEL\u0130\u015eT\u0130RME GENEL M\u00dcD\u00dcR\u00dc ADNAN BOYACI, \u0130ZM\u0130R&#8217;DE \u00d6\u011eRETMEN A\u00c7I\u011eI BULUNMADI\u011eINI KAYDETT\u0130.<\/p>\n","protected":false},"author":1,"featured_media":188249,"comment_status":"closed","ping_status":"open","sticky":false,"template":"","format":"standard","meta":{"jetpack_post_was_ever_published":false,"_jetpack_newsletter_access":"","_jetpack_dont_email_post_to_subs":false,"_jetpack_newsletter_tier_id":0,"_jetpack_memberships_contains_paywalled_content":false,"_jetpack_memberships_contains_paid_content":false,"footnotes":"","jetpack_publicize_message":"","jetpack_publicize_feature_enabled":true,"jetpack_social_post_already_shared":true,"jetpack_social_options":{"image_generator_settings":{"template":"highway","default_image_id":0,"font":"","enabled":false},"version":2}},"categories":[1],"tags":[46890,28916,1554,1904,664],"class_list":["post-188248","post","type-post","status-publish","format-standard","has-post-thumbnail","hentry","category-genel","tag-acigimiz","tag-boyaci","tag-izmirde","tag-ogretmen","tag-yok"],"jetpack_publicize_connections":[],"jetpack_featured_media_url":"https:\/\/i0.wp.com\/www.tvturk.com\/wp-content\/uploads\/2019\/07\/boyaci-izmirde-ogretmen-acigimiz-yok_3cfc748.jpg?fit=1000%2C666","jetpack_sharing_enabled":true,"jetpack_shortlink":"https:\/\/wp.me\/paKIfm-MYg","_links":{"self":[{"href":"http:\/\/www.tvturk.com\/index.php\/wp-json\/wp\/v2\/posts\/188248","targetHints":{"allow":["GET"]}}],"collection":[{"href":"http:\/\/www.tvturk.com\/index.php\/wp-json\/wp\/v2\/posts"}],"about":[{"href":"http:\/\/www.tvturk.com\/index.php\/wp-json\/wp\/v2\/types\/post"}],"author":[{"embeddable":true,"href":"http:\/\/www.tvturk.com\/index.php\/wp-json\/wp\/v2\/users\/1"}],"replies":[{"embeddable":true,"href":"http:\/\/www.tvturk.com\/index.php\/wp-json\/wp\/v2\/comments?post=188248"}],"version-history":[{"count":0,"href":"http:\/\/www.tvturk.com\/index.php\/wp-json\/wp\/v2\/posts\/188248\/revisions"}],"wp:featuredmedia":[{"embeddable":true,"href":"http:\/\/www.tvturk.com\/index.php\/wp-json\/wp\/v2\/media\/188249"}],"wp:attachment":[{"href":"http:\/\/www.tvturk.com\/index.php\/wp-json\/wp\/v2\/media?parent=188248"}],"wp:term":[{"taxonomy":"category","embeddable":true,"href":"http:\/\/www.tvturk.com\/index.php\/wp-json\/wp\/v2\/categories?post=188248"},{"taxonomy":"post_tag","embeddable":true,"href":"http:\/\/www.tvturk.com\/index.php\/wp-json\/wp\/v2\/tags?post=188248"}],"curies":[{"name":"wp","href":"https:\/\/api.w.org\/{rel}","templated":true}]}}