{"id":188262,"date":"2019-07-30T22:31:28","date_gmt":"2019-07-30T19:31:28","guid":{"rendered":"http:\/\/www.tvturk.com\/index.php\/abdli-mimarlardan-sinirlari-yikan-proje\/"},"modified":"2019-07-30T22:31:28","modified_gmt":"2019-07-30T19:31:28","slug":"abdli-mimarlardan-sinirlari-yikan-proje","status":"publish","type":"post","link":"http:\/\/www.tvturk.com\/index.php\/abdli-mimarlardan-sinirlari-yikan-proje\/","title":{"rendered":"ABD\u2019li mimarlardan s\u0131n\u0131rlar\u0131 y\u0131kan proje"},"content":{"rendered":"<p>Kaliforniya \u00dcniversitesi Mimarl\u0131k B\u00f6l\u00fcm\u00fc profes\u00f6rleri Meksika-ABD s\u0131n\u0131r\u0131na tahterevalli kurdu. S\u0131n\u0131r\u0131n iki yakas\u0131ndaki \u00e7ocuklar\u0131 bulu\u015fturan proje anlaml\u0131 g\u00f6r\u00fcnt\u00fcler olu\u015fturdu.<\/p>\n<p>Kaliforniya \u00dcniversitesi Mimarl\u0131k B\u00f6l\u00fcm\u00fc profes\u00f6rlerinden Ronald Rael ve Virginia San Fratello ABD Ba\u015fkan\u0131 Donald Trump\u2019\u0131n g\u00fc\u00e7l\u00fc bir duvar \u00f6rmek istedi\u011fi Meksika- ABD s\u0131n\u0131r\u0131na tahterevalli kurdu. S\u0131n\u0131r\u0131n iki taraf\u0131ndaki \u00e7ocuklar\u0131n, duvar\u0131n varl\u0131\u011f\u0131na kar\u015f\u0131 beraber e\u011flendi\u011fi anlar ise Rael taraf\u0131ndan sosyal medya \u00fczerinden payla\u015f\u0131ld\u0131. Profes\u00f6r yapt\u0131\u011f\u0131 payla\u015f\u0131mda projeye destek veren herkese te\u015fekk\u00fcr ederek, \u201c Bu Fratello ve benim kariyerimiz i\u00e7in, 2009\u2019da kavramsal bir \u00e7izim olarak ba\u015flayan Duvar Tahterevalli\u2019si projesinin hayata ge\u00e7ti\u011fi inan\u0131lmaz ve e\u011flence dolu bir deneyimdi\u201d ifadelerini kulland\u0131.<\/p>\n","protected":false},"excerpt":{"rendered":"<p>KAL\u0130FORN\u0130YA \u00dcN\u0130VERS\u0130TES\u0130 M\u0130MARLIK B\u00d6L\u00dcM\u00dc PROFES\u00d6RLER\u0130 MEKS\u0130KA-ABD SINIRINA TAHTEREVALL\u0130 KURDU. SINIRIN \u0130K\u0130 YAKASINDAK\u0130 \u00c7OCUKLARI BULU\u015eTURAN PROJE ANLAMLI G\u00d6R\u00dcNT\u00dcLER OLU\u015eTURDU.<\/p>\n","protected":false},"author":1,"featured_media":188263,"comment_status":"closed","ping_status":"open","sticky":false,"template":"","format":"standard","meta":{"jetpack_post_was_ever_published":false,"_jetpack_newsletter_access":"","_jetpack_dont_email_post_to_subs":false,"_jetpack_newsletter_tier_id":0,"_jetpack_memberships_contains_paywalled_content":false,"_jetpack_memberships_contains_paid_content":false,"footnotes":"","jetpack_publicize_message":"","jetpack_publicize_feature_enabled":true,"jetpack_social_post_already_shared":true,"jetpack_social_options":{"image_generator_settings":{"template":"highway","default_image_id":0,"font":"","enabled":false},"version":2}},"categories":[10],"tags":[5736,46896,1456,2903,39929],"class_list":["post-188262","post","type-post","status-publish","format-standard","has-post-thumbnail","hentry","category-dunya","tag-abdli","tag-mimarlardan","tag-proje","tag-sinirlari","tag-yikan"],"jetpack_publicize_connections":[],"jetpack_featured_media_url":"https:\/\/i0.wp.com\/www.tvturk.com\/wp-content\/uploads\/2019\/07\/abdli-mimarlardan-sinirlari-yikan-proje_61b839a.jpg?fit=1000%2C987","jetpack_sharing_enabled":true,"jetpack_shortlink":"https:\/\/wp.me\/paKIfm-MYu","_links":{"self":[{"href":"http:\/\/www.tvturk.com\/index.php\/wp-json\/wp\/v2\/posts\/188262","targetHints":{"allow":["GET"]}}],"collection":[{"href":"http:\/\/www.tvturk.com\/index.php\/wp-json\/wp\/v2\/posts"}],"about":[{"href":"http:\/\/www.tvturk.com\/index.php\/wp-json\/wp\/v2\/types\/post"}],"author":[{"embeddable":true,"href":"http:\/\/www.tvturk.com\/index.php\/wp-json\/wp\/v2\/users\/1"}],"replies":[{"embeddable":true,"href":"http:\/\/www.tvturk.com\/index.php\/wp-json\/wp\/v2\/comments?post=188262"}],"version-history":[{"count":0,"href":"http:\/\/www.tvturk.com\/index.php\/wp-json\/wp\/v2\/posts\/188262\/revisions"}],"wp:featuredmedia":[{"embeddable":true,"href":"http:\/\/www.tvturk.com\/index.php\/wp-json\/wp\/v2\/media\/188263"}],"wp:attachment":[{"href":"http:\/\/www.tvturk.com\/index.php\/wp-json\/wp\/v2\/media?parent=188262"}],"wp:term":[{"taxonomy":"category","embeddable":true,"href":"http:\/\/www.tvturk.com\/index.php\/wp-json\/wp\/v2\/categories?post=188262"},{"taxonomy":"post_tag","embeddable":true,"href":"http:\/\/www.tvturk.com\/index.php\/wp-json\/wp\/v2\/tags?post=188262"}],"curies":[{"name":"wp","href":"https:\/\/api.w.org\/{rel}","templated":true}]}}