{"id":188270,"date":"2019-07-31T00:01:30","date_gmt":"2019-07-30T21:01:30","guid":{"rendered":"http:\/\/www.tvturk.com\/index.php\/israil-6-yasindaki-filistinli-cocugu-sorguya-cagirdi\/"},"modified":"2019-07-31T00:01:30","modified_gmt":"2019-07-30T21:01:30","slug":"israil-6-yasindaki-filistinli-cocugu-sorguya-cagirdi","status":"publish","type":"post","link":"http:\/\/www.tvturk.com\/index.php\/israil-6-yasindaki-filistinli-cocugu-sorguya-cagirdi\/","title":{"rendered":"\u0130srail, 6 ya\u015f\u0131ndaki Filistinli \u00e7ocu\u011fu sorguya \u00e7a\u011f\u0131rd\u0131"},"content":{"rendered":"<p>\u0130srail ordusu, \u0130srail askerlerine ta\u015f att\u0131\u011f\u0131 iddias\u0131yla Kud\u00fcs\u2019\u00fcn \u0130saviya beldesinde 6 ya\u015f\u0131ndaki Qais Obaid\u2019i sorguya \u00e7a\u011f\u0131rd\u0131.<\/p>\n<p>\u0130srail ordusu, \u0130srail askerlerine ta\u015f att\u0131\u011f\u0131 iddias\u0131yla Kud\u00fcs\u2019\u00fcn \u0130saviya beldesinde ya\u015fayan 6 ya\u015f\u0131ndaki Qais Obaid\u2019i sorgulamak i\u00e7in karakola \u00e7a\u011f\u0131rd\u0131. Obaid ve babas\u0131na yar\u0131n karakola gelmesi i\u00e7in soru\u015fturma mektubu verildi\u011fi bildirildi. \u0130srail ordusu, d\u00fcn de 3 ya\u015f\u0131ndaki Filistinli Muhammed Rabi\u2019yi askeri arac\u0131 ta\u015flad\u0131\u011f\u0131 gerek\u00e7esiyle sorguya \u00e7a\u011f\u0131rm\u0131\u015ft\u0131. \u0130srail\u2019de ge\u00e7ti\u011fimiz 3 y\u0131l i\u00e7inde yakla\u015f\u0131k 20 Filistinli \u00e7ocuk hapis cezas\u0131na \u00e7arpt\u0131r\u0131ld\u0131.<\/p>\n","protected":false},"excerpt":{"rendered":"<p>\u0130SRA\u0130L ORDUSU, \u0130SRA\u0130L ASKERLER\u0130NE TA\u015e ATTI\u011eI \u0130DD\u0130ASIYLA KUD\u00dcS&#8217;\u00dcN \u0130SAV\u0130YA BELDES\u0130NDE 6 YA\u015eINDAK\u0130 QA\u0130S OBA\u0130D&#8217;\u0130 SORGUYA \u00c7A\u011eIRDI.<\/p>\n","protected":false},"author":1,"featured_media":188271,"comment_status":"closed","ping_status":"open","sticky":false,"template":"","format":"standard","meta":{"jetpack_post_was_ever_published":false,"_jetpack_newsletter_access":"","_jetpack_dont_email_post_to_subs":false,"_jetpack_newsletter_tier_id":0,"_jetpack_memberships_contains_paywalled_content":false,"_jetpack_memberships_contains_paid_content":false,"footnotes":"","jetpack_publicize_message":"","jetpack_publicize_feature_enabled":true,"jetpack_social_post_already_shared":true,"jetpack_social_options":{"image_generator_settings":{"template":"highway","default_image_id":0,"font":"","enabled":false},"version":2}},"categories":[10],"tags":[19532,3647,17996,8494,46831,1063],"class_list":["post-188270","post","type-post","status-publish","format-standard","has-post-thumbnail","hentry","category-dunya","tag-cagirdi","tag-cocugu","tag-filistinli","tag-israil","tag-sorguya","tag-yasindaki"],"jetpack_publicize_connections":[],"jetpack_featured_media_url":"https:\/\/i0.wp.com\/www.tvturk.com\/wp-content\/uploads\/2019\/07\/israil-6-yasindaki-filistinli-cocugu-sorguya-cagirdi_28ac89c.jpg?fit=487%2C960","jetpack_sharing_enabled":true,"jetpack_shortlink":"https:\/\/wp.me\/paKIfm-MYC","_links":{"self":[{"href":"http:\/\/www.tvturk.com\/index.php\/wp-json\/wp\/v2\/posts\/188270","targetHints":{"allow":["GET"]}}],"collection":[{"href":"http:\/\/www.tvturk.com\/index.php\/wp-json\/wp\/v2\/posts"}],"about":[{"href":"http:\/\/www.tvturk.com\/index.php\/wp-json\/wp\/v2\/types\/post"}],"author":[{"embeddable":true,"href":"http:\/\/www.tvturk.com\/index.php\/wp-json\/wp\/v2\/users\/1"}],"replies":[{"embeddable":true,"href":"http:\/\/www.tvturk.com\/index.php\/wp-json\/wp\/v2\/comments?post=188270"}],"version-history":[{"count":0,"href":"http:\/\/www.tvturk.com\/index.php\/wp-json\/wp\/v2\/posts\/188270\/revisions"}],"wp:featuredmedia":[{"embeddable":true,"href":"http:\/\/www.tvturk.com\/index.php\/wp-json\/wp\/v2\/media\/188271"}],"wp:attachment":[{"href":"http:\/\/www.tvturk.com\/index.php\/wp-json\/wp\/v2\/media?parent=188270"}],"wp:term":[{"taxonomy":"category","embeddable":true,"href":"http:\/\/www.tvturk.com\/index.php\/wp-json\/wp\/v2\/categories?post=188270"},{"taxonomy":"post_tag","embeddable":true,"href":"http:\/\/www.tvturk.com\/index.php\/wp-json\/wp\/v2\/tags?post=188270"}],"curies":[{"name":"wp","href":"https:\/\/api.w.org\/{rel}","templated":true}]}}