{"id":188308,"date":"2019-07-31T10:01:42","date_gmt":"2019-07-31T07:01:42","guid":{"rendered":"http:\/\/www.tvturk.com\/index.php\/palandoken-depozito-uygulamasi-plastik-atik-ithalatini-azaltir\/"},"modified":"2019-07-31T10:01:42","modified_gmt":"2019-07-31T07:01:42","slug":"palandoken-depozito-uygulamasi-plastik-atik-ithalatini-azaltir","status":"publish","type":"post","link":"http:\/\/www.tvturk.com\/index.php\/palandoken-depozito-uygulamasi-plastik-atik-ithalatini-azaltir\/","title":{"rendered":"Paland\u00f6ken: \u201cDepozito uygulamas\u0131 plastik at\u0131k ithalat\u0131n\u0131 azalt\u0131r\u201d"},"content":{"rendered":"<p>T\u00fcrkiye Esnaf ve Sanatkarlar\u0131 Konfederasyonu (TESK) Genel Ba\u015fkan\u0131 Bendevi Paland\u00f6ken, \u201cDepozito uygulamas\u0131 plastik at\u0131k ithalat\u0131n\u0131 azalt\u0131r&#8221; dedi.<\/p>\n<p>T\u00fcrkiye\u2019nin plastik sekt\u00f6r\u00fcnde d\u00fcnyan\u0131n alt\u0131nc\u0131 b\u00fcy\u00fck \u00fclkesi oldu\u011funu ve 10 milyon ton plastik \u00fcretildi\u011fini hat\u0131rlatan TESK Genel Ba\u015fkan\u0131 Bendevi Paland\u00f6ken, \u201c\u00dclkemizde \u00fcretilen 10 milyon ton plasti\u011fin 4 milyon tonu ambalaj olarak \u00fcretiliyor. Ancak \u00c7evre ve \u015eehircilik Bakanl\u0131\u011f\u0131 verilerine g\u00f6re bunlar\u0131n y\u00fczde 50\u2019si geri d\u00f6n\u00fc\u015f\u00fcme kazand\u0131r\u0131labiliyor. Geri d\u00f6n\u00fc\u015f\u00fcm yetersiz kald\u0131\u011f\u0131 i\u00e7in Avrupa \u00fclkelerinden plastik at\u0131k ithal ediyoruz. Sadece 2017 y\u0131l\u0131nda bu ithalattan kaynakl\u0131 cari a\u00e7\u0131k 52 milyon avroyu ge\u00e7ti. Ba\u015fta \u0130ngiltere olmak \u00fczere bir\u00e7ok Avrupa \u00fclkesinden ithal etti\u011fimiz plastik at\u0131klar \u00fcretim ve geri d\u00f6n\u00fc\u015f\u00fcmde sa\u011fl\u0131kl\u0131 ham madde elde etmemizi engelliyor\u201d dedi.<\/p>\n<p>Plastik at\u0131k ithalat\u0131n\u0131n \u00fclkemizde her y\u0131l artt\u0131\u011f\u0131na dikkati \u00e7eken Paland\u00f6ken, \u201cPlastikler, ku\u015fkusuz ula\u015f\u0131mdan, tekstile, g\u0131da ve i\u00e7ecek ambalaj\u0131ndan, ara\u00e7lara hatta evlerimizin in\u015faat\u0131ndan tesisat\u0131na kadar bir \u00e7ok alanda kullan\u0131l\u0131yor. Bu kadar \u00e7ok kullan\u0131m alan\u0131 bulunan, ta\u015f\u0131mada, saklamada uzun \u00f6m\u00fcrl\u00fc olmas\u0131 nedeniyle kolayl\u0131k sa\u011flayan plastikler, kullan\u0131m\u0131 sonras\u0131 kontroll\u00fc bir \u015fekilde geri d\u00f6n\u00fc\u015ft\u00fcr\u00fclemedi\u011finde tehlike sa\u00e7abiliyor. Geri d\u00f6n\u00fc\u015ft\u00fcrmedi\u011fimiz her bir plastik at\u0131k, hem \u00e7evremizi kirleterek sa\u011fl\u0131\u011f\u0131m\u0131z\u0131 tehdit ediyor hem de ekonomiye b\u00fcy\u00fck bir zarar veriyor.  \u00c7\u00fcnk\u00fc plastik at\u0131klar\u0131m\u0131z\u0131n geri d\u00f6n\u00fc\u015f\u00fcm\u00fcn\u00fc tam olarak yapamad\u0131\u011f\u0131m\u0131z i\u00e7in bir\u00e7ok Avrupa \u00fclkesinden T\u00fcrkiye\u2019ye plastik men\u015feili at\u0131klar ithal ediyoruz. \u00d6yle ki, 2016\u2019da 159.569 ton olan ithal plastik at\u0131k miktar\u0131 2018\u2019de y\u00fczde 68 artarak 439.909 tona ula\u015ft\u0131. Bu y\u0131l ise plastik at\u0131k ithalat\u0131n\u0131n 670 bin tona \u00e7\u0131kaca\u011f\u0131 tahmin ediliyor. Oysa \u00fcretti\u011fimiz plastikleri b\u00fcy\u00fck oranda geri d\u00f6n\u00fc\u015f\u00fcme kazand\u0131rsak ham madde i\u00e7in yapt\u0131\u011f\u0131m\u0131z plastik at\u0131k ithalat\u0131 bu boyutlara ula\u015fmaz\u201d diye konu\u015ftu.<\/p>\n<p>\u201cGeri d\u00f6n\u00fc\u015febilir at\u0131klar \u00e7\u00f6pe gitmemeli\u201d<\/p>\n<p>Plastik sekt\u00f6r\u00fcnde \u00f6nc\u00fc konumunda olan \u00fclkemizin geri d\u00f6n\u00fc\u015f\u00fcmde de ayn\u0131 ba\u015far\u0131y\u0131 yakalamas\u0131 i\u00e7in depozito uygulamas\u0131n\u0131n \u00f6nemine de\u011finen Paland\u00f6ken, \u201cDo\u011fada en \u00e7ok bulunan plastiklerin ba\u015f\u0131nda pet \u015fi\u015feler ve \u015fi\u015felerin kapaklar\u0131 geliyor. At\u0131k hale gelen \u015fi\u015felerin al\u00fcminyum, cam ve pet olmas\u0131 fark etmeksizin depozito uygulamas\u0131 ile t\u00fcketicilerin bu ambalajlar\u0131 getirmesinin sa\u011flanmas\u0131 gerekir. Geri d\u00f6n\u00fc\u015febilir at\u0131klar\u0131n di\u011fer at\u0131klarla birlikte \u00e7\u00f6pe gitmemesi i\u00e7in en uygun sistem depozito sistemidir. T\u00fcrk plastik sekt\u00f6r\u00fc olarak bug\u00fcn Avrupa\u2019n\u0131n ikinci, d\u00fcnyan\u0131n ise alt\u0131nc\u0131 b\u00fcy\u00fck \u00fcreticisiyiz. Sekt\u00f6rdeki bu \u00f6nc\u00fcl\u00fc\u011f\u00fcm\u00fcz\u00fc geri d\u00f6n\u00fc\u015f\u00fcm bilinciyle tamamlamal\u0131y\u0131z. B\u00f6ylece d\u0131\u015far\u0131dan plastik at\u0131k ithal etmek zorunda kalmay\u0131z\u201d \u015feklinde konu\u015ftu.<\/p>\n","protected":false},"excerpt":{"rendered":"<p>TESK GENEL BA\u015eKANI BENDEV\u0130 PALAND\u00d6KEN, \u201cB\u0130R\u00c7OK AVRUPA \u00dcLKES\u0130NDEN \u0130THAL ETT\u0130\u011e\u0130M\u0130Z PLAST\u0130K ATIKLAR \u00dcRET\u0130M VE GER\u0130 D\u00d6N\u00dc\u015e\u00dcMDE SA\u011eLIKLI HAM MADDE ELDE ETMEM\u0130Z\u0130 ENGELL\u0130YOR\u201d DED\u0130.<\/p>\n","protected":false},"author":1,"featured_media":188309,"comment_status":"closed","ping_status":"open","sticky":false,"template":"","format":"standard","meta":{"jetpack_post_was_ever_published":false,"_jetpack_newsletter_access":"","_jetpack_dont_email_post_to_subs":false,"_jetpack_newsletter_tier_id":0,"_jetpack_memberships_contains_paywalled_content":false,"_jetpack_memberships_contains_paid_content":false,"footnotes":"","jetpack_publicize_message":"","jetpack_publicize_feature_enabled":true,"jetpack_social_post_already_shared":true,"jetpack_social_options":{"image_generator_settings":{"template":"highway","default_image_id":0,"font":"","enabled":false},"version":2}},"categories":[1],"tags":[30362,4512,46909,39940,8073,3156,861],"class_list":["post-188308","post","type-post","status-publish","format-standard","has-post-thumbnail","hentry","category-genel","tag-depozito","tag-atik","tag-azaltir","tag-ithalatini","tag-palandoken","tag-plastik","tag-uygulamasi"],"jetpack_publicize_connections":[],"jetpack_featured_media_url":"https:\/\/i0.wp.com\/www.tvturk.com\/wp-content\/uploads\/2019\/07\/palandoken-depozito-uygulamasi-plastik-atik-ithalatini-azaltir_6fd640b.jpg?fit=1000%2C982","jetpack_sharing_enabled":true,"jetpack_shortlink":"https:\/\/wp.me\/paKIfm-MZe","_links":{"self":[{"href":"http:\/\/www.tvturk.com\/index.php\/wp-json\/wp\/v2\/posts\/188308","targetHints":{"allow":["GET"]}}],"collection":[{"href":"http:\/\/www.tvturk.com\/index.php\/wp-json\/wp\/v2\/posts"}],"about":[{"href":"http:\/\/www.tvturk.com\/index.php\/wp-json\/wp\/v2\/types\/post"}],"author":[{"embeddable":true,"href":"http:\/\/www.tvturk.com\/index.php\/wp-json\/wp\/v2\/users\/1"}],"replies":[{"embeddable":true,"href":"http:\/\/www.tvturk.com\/index.php\/wp-json\/wp\/v2\/comments?post=188308"}],"version-history":[{"count":0,"href":"http:\/\/www.tvturk.com\/index.php\/wp-json\/wp\/v2\/posts\/188308\/revisions"}],"wp:featuredmedia":[{"embeddable":true,"href":"http:\/\/www.tvturk.com\/index.php\/wp-json\/wp\/v2\/media\/188309"}],"wp:attachment":[{"href":"http:\/\/www.tvturk.com\/index.php\/wp-json\/wp\/v2\/media?parent=188308"}],"wp:term":[{"taxonomy":"category","embeddable":true,"href":"http:\/\/www.tvturk.com\/index.php\/wp-json\/wp\/v2\/categories?post=188308"},{"taxonomy":"post_tag","embeddable":true,"href":"http:\/\/www.tvturk.com\/index.php\/wp-json\/wp\/v2\/tags?post=188308"}],"curies":[{"name":"wp","href":"https:\/\/api.w.org\/{rel}","templated":true}]}}