{"id":188330,"date":"2019-07-31T10:16:52","date_gmt":"2019-07-31T07:16:52","guid":{"rendered":"http:\/\/www.tvturk.com\/index.php\/sag-gozundeki-sorun-sol-gozunu-ameliyat-edince-duzeldi\/"},"modified":"2019-07-31T10:16:52","modified_gmt":"2019-07-31T07:16:52","slug":"sag-gozundeki-sorun-sol-gozunu-ameliyat-edince-duzeldi","status":"publish","type":"post","link":"http:\/\/www.tvturk.com\/index.php\/sag-gozundeki-sorun-sol-gozunu-ameliyat-edince-duzeldi\/","title":{"rendered":"Sa\u011f g\u00f6z\u00fcndeki sorun sol g\u00f6z\u00fcn\u00fc ameliyat edince d\u00fczeldi"},"content":{"rendered":"<p>Kayseri\u2019de 51 y\u0131ld\u0131r sa\u011f g\u00f6z kapa\u011f\u0131 d\u00fc\u015f\u00fck olan 66 ya\u015f\u0131ndaki Mustafa Hal\u0131c\u0131, sol g\u00f6z\u00fcne yap\u0131lan \u015fa\u015f\u0131l\u0131k cerrahisiyle sa\u011fl\u0131\u011f\u0131na kavu\u015ftu. Literat\u00fcrde e\u015fine \u00e7ok az rastlanan operasyonu ger\u00e7ekle\u015ftiren Memorial Kayseri Hastanesi G\u00f6z Merkezi\u2019nden Do\u00e7. Dr. G\u00f6k\u00e7en G\u00f6k\u00e7e, \u201cHastan\u0131n probleminin hep sa\u011f g\u00f6zde oldu\u011fu d\u00fc\u015f\u00fcn\u00fclm\u00fc\u015f, oysa sol g\u00f6zdeki \u015fa\u015f\u0131l\u0131\u011f\u0131n d\u00fczeltilmesiyle sorunu ortadan kald\u0131rd\u0131k\u201d dedi.<\/p>\n<p>Kayseri\u2019de ya\u015fayan Mustafa Hal\u0131c\u0131, 15 ya\u015f\u0131ndan beri sa\u011f g\u00f6z\u00fcndeki kapak d\u00fc\u015f\u00fckl\u00fc\u011f\u00fc nedeniyle psikolojik ve sosyal a\u00e7\u0131dan sorunlar ya\u015fad\u0131. Bir kamu kurulu\u015fundan emekli olan 2 \u00e7ocuk babas\u0131 Mustafa Hal\u0131c\u0131, 51 y\u0131l boyunca bir\u00e7ok sa\u011fl\u0131k kurulu\u015funa giderek sa\u011f g\u00f6z kapa\u011f\u0131n\u0131n d\u00fc\u015f\u00fckl\u00fc\u011f\u00fcne \u00e7are arad\u0131. Son 10 y\u0131lda 2 g\u00f6z doktoru, cerrahiyle sa\u011f g\u00f6zdeki kapak d\u00fc\u015f\u00fckl\u00fc\u011f\u00fcn\u00fc d\u00fczeltebileceklerini ancak yeniden bu sorunun tekrarlayabilece\u011fini s\u00f6yledi. Mustafa Hal\u0131c\u0131, bu sorunun \u00e7\u00f6z\u00fcm\u00fc olmad\u0131\u011f\u0131n\u0131 d\u00fc\u015f\u00fcnd\u00fc\u011f\u00fcnden son 5 y\u0131ld\u0131r da hi\u00e7bir g\u00f6z doktoruna muayene olmad\u0131. Yak\u0131nlar\u0131n\u0131n tavsiyesiyle Memorial Kayseri Hastanesi\u2019ne gelen Mustafa Hal\u0131c\u0131, Do\u00e7. Dr. G\u00f6k\u00e7en G\u00f6k\u00e7en\u2019e muayene oldu. Do\u00e7. Dr. G\u00f6k\u00e7e, muayene sonras\u0131nda sa\u011f g\u00f6z kapa\u011f\u0131ndaki d\u00fc\u015f\u00fckl\u00fc\u011f\u00fcn, sol g\u00f6zdeki \u015fa\u015f\u0131l\u0131kla ilgili oldu\u011funu belirtti. Do\u00e7. Dr. G\u00f6k\u00e7e, sol g\u00f6zdeki \u015fa\u015f\u0131l\u0131\u011f\u0131 cerrahiyle d\u00fczelttikten sonra sa\u011f g\u00f6z kapa\u011f\u0131n\u0131n da normale d\u00f6nece\u011fini ifade etti. Muayene sonras\u0131nda yap\u0131lan cerrahiyle Mustafa Hal\u0131c\u0131\u2019n\u0131n sa\u011f g\u00f6z kapa\u011f\u0131ndaki sorun kendili\u011finden d\u00fczeldi. Mustafa Hal\u0131c\u0131, sa\u011f g\u00f6z kapa\u011f\u0131ndaki d\u00fc\u015f\u00fckl\u00fc\u011f\u00fcn hayat\u0131n\u0131 de\u011fi\u015ftirdi\u011fini belirterek, &#8220;Her gitti\u011fim g\u00f6z doktoru sa\u011f g\u00f6z\u00fcm\u00fc inceledi. Sol g\u00f6z\u00fcmde sorun oldu\u011funu d\u00fc\u015f\u00fcnm\u00fcyorlard\u0131. 15 ya\u015f\u0131ndayken ilk kez eski SSK hastanesindeki bir doktora g\u00f6t\u00fcrd\u00fcler. G\u00f6z kapa\u011f\u0131m\u0131n d\u00fc\u015f\u00fck oldu\u011funu ancak g\u00f6rme ile ilgili bir sorunun olmad\u0131\u011f\u0131n\u0131 belirtti. Sonra bir\u00e7ok doktora gittim ancak sonu\u00e7 elde edemedim. G\u00f6k\u00e7en Bey\u2019e bir yak\u0131n\u0131m\u0131n tavsiyesi \u00fczerine geldim. Sa\u011f olsun, benimle \u00f6zel olarak ilgilendi. Bu sorunun sa\u011f g\u00f6zle de\u011fil sol g\u00f6zle ilgili oldu\u011funu s\u00f6yledi. Daha do\u011frusu bana garanti vererek, ameliyat konusundaki fikrimi de\u011fi\u015ftirdi\u201d diye konu\u015ftu.<\/p>\n<p>&#8220;Sorun gizli yukar\u0131 kayma&#8221;<\/p>\n<p>Do\u00e7. Dr. G\u00f6k\u00e7en G\u00f6k\u00e7e, yap\u0131lan muayenede hastan\u0131n sa\u011f g\u00f6z\u00fcnde ger\u00e7ek bir kayma ve kapak d\u00fc\u015f\u00fckl\u00fc\u011f\u00fc olmad\u0131\u011f\u0131n\u0131 ifade ederek, \u015fu bilgileri verdi: \u201cAs\u0131l sorunun sol g\u00f6zdeki gizli yukar\u0131 kayma oldu\u011funu fark ettim. G\u00f6z kaslar\u0131 her iki g\u00f6zde de simetrik olarak hareket etti\u011finden, hasta sol g\u00f6z\u00fcyle kar\u015f\u0131ya bakt\u0131\u011f\u0131nda, sa\u011f g\u00f6z\u00fc ve kapa\u011f\u0131 a\u015fa\u011f\u0131ya d\u00fc\u015f\u00fcyordu. Bu nedenle sol g\u00f6zdeki sorunu maskelemekteydi. Hastam\u0131za durumu detayl\u0131ca a\u00e7\u0131klad\u0131ktan sonra yapt\u0131\u011f\u0131m\u0131z cerrahiyle her iki g\u00f6zdeki sorunlar\u0131 gidermi\u015f olduk.\u201d<\/p>\n","protected":false},"excerpt":{"rendered":"<p>KAYSER\u0130\u2019DE 51 YILDIR SA\u011e G\u00d6Z KAPA\u011eI D\u00dc\u015e\u00dcK OLAN 66 YA\u015eINDAK\u0130 MUSTAFA HALICI, SOL G\u00d6Z\u00dcNE YAPILAN \u015eA\u015eILIK CERRAH\u0130S\u0130YLE SA\u011eLI\u011eINA KAVU\u015eTU.<\/p>\n","protected":false},"author":1,"featured_media":188331,"comment_status":"closed","ping_status":"open","sticky":false,"template":"","format":"standard","meta":{"jetpack_post_was_ever_published":false,"_jetpack_newsletter_access":"","_jetpack_dont_email_post_to_subs":false,"_jetpack_newsletter_tier_id":0,"_jetpack_memberships_contains_paywalled_content":false,"_jetpack_memberships_contains_paid_content":false,"footnotes":"","jetpack_publicize_message":"","jetpack_publicize_feature_enabled":true,"jetpack_social_post_already_shared":true,"jetpack_social_options":{"image_generator_settings":{"template":"highway","default_image_id":0,"font":"","enabled":false},"version":2}},"categories":[1],"tags":[571,46918,23126,38458,11759,1785,14674,7252],"class_list":["post-188330","post","type-post","status-publish","format-standard","has-post-thumbnail","hentry","category-genel","tag-ameliyat","tag-duzeldi","tag-edince","tag-gozundeki","tag-gozunu","tag-sag","tag-sol","tag-sorun"],"jetpack_publicize_connections":[],"jetpack_featured_media_url":"https:\/\/i0.wp.com\/www.tvturk.com\/wp-content\/uploads\/2019\/07\/sag-gozundeki-sorun-sol-gozunu-ameliyat-edince-duzeldi_450b76f.jpg?fit=1000%2C671","jetpack_sharing_enabled":true,"jetpack_shortlink":"https:\/\/wp.me\/paKIfm-MZA","_links":{"self":[{"href":"http:\/\/www.tvturk.com\/index.php\/wp-json\/wp\/v2\/posts\/188330","targetHints":{"allow":["GET"]}}],"collection":[{"href":"http:\/\/www.tvturk.com\/index.php\/wp-json\/wp\/v2\/posts"}],"about":[{"href":"http:\/\/www.tvturk.com\/index.php\/wp-json\/wp\/v2\/types\/post"}],"author":[{"embeddable":true,"href":"http:\/\/www.tvturk.com\/index.php\/wp-json\/wp\/v2\/users\/1"}],"replies":[{"embeddable":true,"href":"http:\/\/www.tvturk.com\/index.php\/wp-json\/wp\/v2\/comments?post=188330"}],"version-history":[{"count":0,"href":"http:\/\/www.tvturk.com\/index.php\/wp-json\/wp\/v2\/posts\/188330\/revisions"}],"wp:featuredmedia":[{"embeddable":true,"href":"http:\/\/www.tvturk.com\/index.php\/wp-json\/wp\/v2\/media\/188331"}],"wp:attachment":[{"href":"http:\/\/www.tvturk.com\/index.php\/wp-json\/wp\/v2\/media?parent=188330"}],"wp:term":[{"taxonomy":"category","embeddable":true,"href":"http:\/\/www.tvturk.com\/index.php\/wp-json\/wp\/v2\/categories?post=188330"},{"taxonomy":"post_tag","embeddable":true,"href":"http:\/\/www.tvturk.com\/index.php\/wp-json\/wp\/v2\/tags?post=188330"}],"curies":[{"name":"wp","href":"https:\/\/api.w.org\/{rel}","templated":true}]}}