{"id":188346,"date":"2019-07-31T10:32:06","date_gmt":"2019-07-31T07:32:06","guid":{"rendered":"http:\/\/www.tvturk.com\/index.php\/utuden-gelen-lezzet\/"},"modified":"2019-07-31T10:32:06","modified_gmt":"2019-07-31T07:32:06","slug":"utuden-gelen-lezzet","status":"publish","type":"post","link":"http:\/\/www.tvturk.com\/index.php\/utuden-gelen-lezzet\/","title":{"rendered":"\u00dct\u00fcden gelen lezzet"},"content":{"rendered":"<p>Eski\u015fehir\u2019deki i\u015fletmelerinde me\u015fhur Balaban Kebab\u0131n\u0131 kendilerine has bir y\u00f6ntemle \u00fct\u00fc ile pi\u015firen baba ve o\u011ful, 30 y\u0131ld\u0131r s\u00fcregelen ilgin\u00e7 y\u00f6ntemlerini ya\u015fatmaya devam ediyor.<\/p>\n<p>Eski\u015fehir\u2019in kendine has lezzetlerinden olan Balaban Kebab\u0131, tad\u0131yla parmaklar\u0131 \u0131s\u0131rt\u0131yor. Me\u015fhur lezzet i\u00e7in \u00f6nce pidenin \u00fczerine k\u00f6fte ve et yerle\u015ftirilirken ard\u0131ndan sal\u00e7a, yo\u011furt ve tereya\u011f\u0131 ile lezzet ikiye katlan\u0131yor. Eski\u015fehir\u2019de Balaban Kebab\u0131 yapan bir i\u015fletmede ise tarif ayn\u0131 olsa bile pi\u015firme y\u00f6ntemi olduk\u00e7a \u015fa\u015f\u0131rt\u0131yor. Di\u011fer i\u015fletmelerin aksine kebaplar\u0131 \u00fct\u00fcde pi\u015firen baba ve o\u011ful, 30 y\u0131ld\u0131r kendi bulduklar\u0131 bu y\u00f6ntemle m\u00fc\u015fterilerini a\u011f\u0131rl\u0131yor. M\u00fc\u015fteriler Yolveren Sokak \u00fczerinde bulunan mekanla \u00f6zde\u015fle\u015fen \u00fct\u00fc ile kendilerine has bir deneyim sunan i\u015fletmeye olduk\u00e7a talep g\u00f6steriyor. Babas\u0131ndan g\u00f6rd\u00fc\u011f\u00fc pi\u015firme y\u00f6ntemini devam ettiren U\u011fur Da\u011fdeviren ise t\u0131pk\u0131 kendi babas\u0131 gibi bu birikimi o\u011fluna aktararak uzun y\u0131llar ya\u015fatmak istiyor.<\/p>\n<p>\u201c\u00dct\u00fc kulland\u0131\u011f\u0131m\u0131zda et daha lezzetli oluyor\u201d<\/p>\n<p>Kendilerine has y\u00f6ntemin tarifini veren U\u011fur Da\u011fdeviren, \u00fct\u00fc sayesinde etin daha yumu\u015fak ve daha lezzetli oldu\u011funu ifade etti. \u0130\u015flemi babas\u0131ndan g\u00f6rd\u00fc\u011f\u00fcn\u00fc ve kendi o\u011fluna da aktarmak istedi\u011fini belirten Da\u011fdeviren, \u201cEt pi\u015ferken \u00fczerine \u00fct\u00fc bast\u0131r\u0131yoruz. \u00dct\u00fc bast\u0131r\u0131nca etler daha h\u0131zl\u0131 ve daha iyi pi\u015fiyor. Bu i\u015flemi babam bulmu\u015f. Biz de ondan g\u00f6rd\u00fc\u011f\u00fcm\u00fcz \u015fekilde devam ettiriyoruz. \u0130lk defa g\u00f6renler genelde \u015fa\u015f\u0131r\u0131yor, ilgin\u00e7 geliyor. Foto\u011fraf\u0131n\u0131 \u00e7ekiyorlar, kameraya \u00e7ekiyorlar. \u00dct\u00fc kulland\u0131\u011f\u0131m\u0131zda et daha yumu\u015fak oluyor, daha lezzetli oluyor. Bu i\u015flemi babam bulmu\u015f. Ben de o\u011fluma aktarmak istiyorum\u201d ifadelerini kulland\u0131.<\/p>\n","protected":false},"excerpt":{"rendered":"<p>KEND\u0130LER\u0130NE HAS Y\u00d6NTEM\u0130N TAR\u0130F\u0130N\u0130 VEREN U\u011eUR DA\u011eDEV\u0130REN, \u00dcT\u00dc SAYES\u0130NDE ET\u0130N DAHA YUMU\u015eAK VE DAHA LEZZETL\u0130 OLDU\u011eUNU \u0130FADE ETT\u0130.<\/p>\n","protected":false},"author":1,"featured_media":188347,"comment_status":"closed","ping_status":"open","sticky":false,"template":"","format":"standard","meta":{"jetpack_post_was_ever_published":false,"_jetpack_newsletter_access":"","_jetpack_dont_email_post_to_subs":false,"_jetpack_newsletter_tier_id":0,"_jetpack_memberships_contains_paywalled_content":false,"_jetpack_memberships_contains_paid_content":false,"footnotes":"","jetpack_publicize_message":"","jetpack_publicize_feature_enabled":true,"jetpack_social_post_already_shared":true,"jetpack_social_options":{"image_generator_settings":{"template":"highway","default_image_id":0,"font":"","enabled":false},"version":2}},"categories":[1],"tags":[307,15461,46924],"class_list":["post-188346","post","type-post","status-publish","format-standard","has-post-thumbnail","hentry","category-genel","tag-gelen","tag-lezzet","tag-utuden"],"jetpack_publicize_connections":[],"jetpack_featured_media_url":"https:\/\/i0.wp.com\/www.tvturk.com\/wp-content\/uploads\/2019\/07\/utuden-gelen-lezzet_0132373.jpg?fit=1000%2C666","jetpack_sharing_enabled":true,"jetpack_shortlink":"https:\/\/wp.me\/paKIfm-MZQ","_links":{"self":[{"href":"http:\/\/www.tvturk.com\/index.php\/wp-json\/wp\/v2\/posts\/188346","targetHints":{"allow":["GET"]}}],"collection":[{"href":"http:\/\/www.tvturk.com\/index.php\/wp-json\/wp\/v2\/posts"}],"about":[{"href":"http:\/\/www.tvturk.com\/index.php\/wp-json\/wp\/v2\/types\/post"}],"author":[{"embeddable":true,"href":"http:\/\/www.tvturk.com\/index.php\/wp-json\/wp\/v2\/users\/1"}],"replies":[{"embeddable":true,"href":"http:\/\/www.tvturk.com\/index.php\/wp-json\/wp\/v2\/comments?post=188346"}],"version-history":[{"count":0,"href":"http:\/\/www.tvturk.com\/index.php\/wp-json\/wp\/v2\/posts\/188346\/revisions"}],"wp:featuredmedia":[{"embeddable":true,"href":"http:\/\/www.tvturk.com\/index.php\/wp-json\/wp\/v2\/media\/188347"}],"wp:attachment":[{"href":"http:\/\/www.tvturk.com\/index.php\/wp-json\/wp\/v2\/media?parent=188346"}],"wp:term":[{"taxonomy":"category","embeddable":true,"href":"http:\/\/www.tvturk.com\/index.php\/wp-json\/wp\/v2\/categories?post=188346"},{"taxonomy":"post_tag","embeddable":true,"href":"http:\/\/www.tvturk.com\/index.php\/wp-json\/wp\/v2\/tags?post=188346"}],"curies":[{"name":"wp","href":"https:\/\/api.w.org\/{rel}","templated":true}]}}