{"id":188356,"date":"2019-07-31T10:46:38","date_gmt":"2019-07-31T07:46:38","guid":{"rendered":"http:\/\/www.tvturk.com\/index.php\/sehit-yakinlari-ve-gazilerin-dugunleri-ucretsiz-yapilacak\/"},"modified":"2019-07-31T10:46:38","modified_gmt":"2019-07-31T07:46:38","slug":"sehit-yakinlari-ve-gazilerin-dugunleri-ucretsiz-yapilacak","status":"publish","type":"post","link":"http:\/\/www.tvturk.com\/index.php\/sehit-yakinlari-ve-gazilerin-dugunleri-ucretsiz-yapilacak\/","title":{"rendered":"\u015eehit yak\u0131nlar\u0131 ve gazilerin d\u00fc\u011f\u00fcnleri \u00fccretsiz yap\u0131lacak"},"content":{"rendered":"<p>Aile \u00c7al\u0131\u015fma ve Sosyal Hizmetler \u0130l M\u00fcd\u00fcrl\u00fc\u011f\u00fc ile Afyonkarahisar D\u00fc\u011f\u00fcn ve Toplant\u0131 Salonlar\u0131 \u0130\u015fletmecileri Derne\u011fi aras\u0131nda, \u2019\u015eehit Yak\u0131nlar\u0131 ve Gazilerin D\u00fc\u011f\u00fcn Salonlar\u0131ndan \u00dccretsiz Yararland\u0131r\u0131lmas\u0131\u2019 kapsam\u0131nda haz\u0131rlanan i\u015fbirli\u011fi protokol\u00fc Vali Mustafa Tutulmaz\u2019\u0131n nezaretinde imzaland\u0131.<\/p>\n<p>\u0130mzalanan protokol kapsam\u0131nda \u015fehit \u00e7ocuklar\u0131 ile gazi ve gazi \u00e7ocuklar\u0131 Afyonkarahisar D\u00fc\u011f\u00fcn ve Toplant\u0131 Salonlar\u0131 \u0130\u015fletmecileri Derne\u011fi\u2019ne \u00fcye olan i\u015fletmecilere ait d\u00fc\u011f\u00fcn salonlar\u0131nda evlilik, k\u0131na gecesi, ni\u015fan, d\u00fc\u011f\u00fcn gibi etkinlikleri \u00fccretsiz d\u00fczenleyecek. Protokol kapsam\u0131nda Aile \u00c7al\u0131\u015fma ve Sosyal Hizmetler \u0130l M\u00fcd\u00fcrl\u00fc\u011f\u00fc, \u015fehit \u00e7ocu\u011fu, gazi ve gazi \u00e7ocuklar\u0131n\u0131n evlilik, k\u0131na gecesi, ni\u015fan gibi t\u00f6ren taleplerini toplayacak, talepler en az bir ay \u00f6ncesinden dernek y\u00f6netimine bildirilecek. Protokole g\u00f6re dernek y\u00f6netimi, \u0130l M\u00fcd\u00fcrl\u00fc\u011f\u00fcnden gelen taleplere en ge\u00e7 bir g\u00fcn i\u00e7erisinde yan\u0131t verecek. D\u00fc\u011f\u00fcn yeme\u011fi hari\u00e7 olmak \u00fczere m\u00fczik, kamera \u00e7ekimi, d\u00fc\u011f\u00fcn pastas\u0131 ve muhtelif ikramlar \u00fccretsiz olarak sunulacak. 15 Ekim ile 15 Nisan tarihleri aras\u0131nda \u0130l M\u00fcd\u00fcrl\u00fc\u011f\u00fcnden gelen taleplerin dernek taraf\u0131ndan hafta i\u00e7i ve hafta sonu olmak \u00fczere kar\u015f\u0131lanmas\u0131 hedefleniyor. 15 Nisan &#8211; 15 Ekim tarihleri aras\u0131ndaki talepler ise Cuma g\u00fcnleri dahil olmak \u00fczere hafta i\u00e7i g\u00fcnlerde kar\u015f\u0131lanacak.<\/p>\n<p>&#8220;T\u00fcrkiye\u2019de ilk oldu\u011funu d\u00fc\u015f\u00fcn\u00fcyoruz&#8221;<\/p>\n<p>Afyonkarahisar D\u00fc\u011f\u00fcn ve Toplant\u0131 Salonlar\u0131 \u0130\u015fletmecileri Derne\u011fi Ba\u015fkan\u0131 \u015e\u00fckr\u00fc K\u00f6ken, dernek olarak \u015fehit yak\u0131nlar\u0131n\u0131n ve gazilerin yanlar\u0131nda olduklar\u0131n\u0131 belirterek, \u201cBu vatan\u0131 bizlere emanet b\u0131rakan \u015fehitlerimizin evlatlar\u0131 ve gazilerimiz i\u00e7in dernek olarak ne yapabiliriz diye d\u00fc\u015f\u00fcnd\u00fck. Ortaya b\u00f6yle bir protokol \u00e7\u0131kt\u0131. \u015eehit \u00e7ocuklar\u0131m\u0131z, gazilerimiz ve onlar\u0131n \u00e7ocuklar\u0131n\u0131n en \u00f6zel ve en mutlu anlar\u0131nda, \u00e7orbada bizim de tuzumuz olsun diyerek b\u00f6yle bir protokol\u00fc il m\u00fcd\u00fcrl\u00fc\u011f\u00fcm\u00fcz ile birlikte haz\u0131rlad\u0131k. Bu protokol\u00fcn T\u00fcrkiye\u2019de ilk oldu\u011funu d\u00fc\u015f\u00fcn\u00fcyor, protokol\u00fcn hay\u0131rlar getirmesini temenni ediyorum\u201d dedi.<\/p>\n<p>&#8220;T\u00fcrkiye\u2019ye \u00f6rnek olacak&#8221;<\/p>\n<p>Protokol imza t\u00f6reninde konu\u015fan Vali Mustafa Tutulmaz bu protokol\u00fcn T\u00fcrkiye\u2019ye \u00f6rnek olaca\u011f\u0131n\u0131 s\u00f6yledi. Tutulmaz, \u201c\u015eehitlerimizin evlatlar\u0131, gazilerimiz onlar\u0131n \u00e7ocuklar\u0131 bize emanettir. Onlar \u015fehit olarak, gazi olarak bu vatan\u0131 bizlere emanet b\u0131rakt\u0131. Onlar\u0131n emanetlerine her zaman sahip \u00e7\u0131kaca\u011f\u0131z. Onlar\u0131n hat\u0131ralar\u0131n\u0131 ya\u015fatmaya gayret edece\u011fiz. Bu kapsamda onlar\u0131n hayatlar\u0131n\u0131 kolayla\u015ft\u0131rma noktas\u0131nda elimizden ne gelirse yapaca\u011f\u0131z. Bu ama\u00e7la haz\u0131rlanarak imzalanan bu protokol\u00fcn \u015fehrimize hay\u0131rlar getirmesini diliyorum. Uygulama ger\u00e7ekten \u00e7ok g\u00fczel bir uygulama. T\u00fcrkiye\u2019ye \u00f6rnek olacak bir uygulama. \u015eehitlerimizin \u00e7ocuklar\u0131, gazilerimiz ve onlar\u0131n \u00e7ocuklar\u0131n\u0131 unutmad\u0131klar\u0131 i\u00e7in D\u00fc\u011f\u00fcn ve Toplant\u0131 Salonlar\u0131 \u0130\u015fletmecilerimizi bu anlaml\u0131 davran\u0131\u015flar\u0131ndan dolay\u0131 kutluyorum. Arkada\u015flar\u0131m\u0131z bu uygulaman\u0131n T\u00fcrkiye\u2019de bir ilk oldu\u011funu belirttiler. Bu kapsamda bu g\u00fczel uygulaman\u0131n Afyonkarahisar\u2019dan t\u00fcm T\u00fcrkiye\u2019ye yay\u0131lmas\u0131n\u0131 temenni ediyorum\u201d ifadelerini kulland\u0131.<\/p>\n<p>Konu\u015fmalar\u0131n ard\u0131ndan \u2019\u015eehit Yak\u0131nlar\u0131 ve Gazilerin D\u00fc\u011f\u00fcn Salonlar\u0131ndan \u00dccretsiz Yararland\u0131r\u0131lmas\u0131\u2019 kapsam\u0131nda haz\u0131rlanan i\u015fbirli\u011fi protokol\u00fc taraflarca imzalanarak y\u00fcr\u00fcrl\u00fc\u011fe girmi\u015f oldu.<\/p>\n<p>Protokol imza t\u00f6renine Vali Mustafa Tutulmaz, Aile \u00c7al\u0131\u015fma ve Sosyal Hizmetler \u0130l M\u00fcd\u00fcr\u00fc Zekai \u0130nan, Afyonkarahisar D\u00fc\u011f\u00fcn ve Toplant\u0131 Salonlar\u0131 \u0130\u015fletmecileri Derne\u011fi Ba\u015fkan\u0131 \u015e\u00fckr\u00fc K\u00f6ken ve dernek y\u00f6netim kurulu \u00fcyeleri kat\u0131ld\u0131.<\/p>\n","protected":false},"excerpt":{"rendered":"<p>A\u0130LE \u00c7ALI\u015eMA VE SOSYAL H\u0130ZMETLER \u0130L M\u00dcD\u00dcRL\u00dc\u011e\u00dc \u0130LE AFYONKARAH\u0130SAR D\u00dc\u011e\u00dcN VE TOPLANTI SALONLARI \u0130\u015eLETMEC\u0130LER\u0130 DERNE\u011e\u0130 ARASINDA \u201c\u015eEH\u0130T YAKINLARI VE GAZ\u0130LER\u0130N D\u00dc\u011e\u00dcN SALONLARINDAN \u00dcCRETS\u0130Z YARARLANDIRILMASI\u201d KAPSAMINDA HAZIRLANAN \u0130\u015eB\u0130RL\u0130\u011e\u0130 PROTOKOL\u00dc VAL\u0130 MUSTAFA TUTULMAZ\u2019IN NEZARET\u0130NDE \u0130MZALANDI.<\/p>\n","protected":false},"author":1,"featured_media":188357,"comment_status":"closed","ping_status":"open","sticky":false,"template":"","format":"standard","meta":{"jetpack_post_was_ever_published":false,"_jetpack_newsletter_access":"","_jetpack_dont_email_post_to_subs":false,"_jetpack_newsletter_tier_id":0,"_jetpack_memberships_contains_paywalled_content":false,"_jetpack_memberships_contains_paid_content":false,"footnotes":"","jetpack_publicize_message":"","jetpack_publicize_feature_enabled":true,"jetpack_social_post_already_shared":true,"jetpack_social_options":{"image_generator_settings":{"template":"highway","default_image_id":0,"font":"","enabled":false},"version":2}},"categories":[1],"tags":[46926,38006,237,324,6653,158],"class_list":["post-188356","post","type-post","status-publish","format-standard","has-post-thumbnail","hentry","category-genel","tag-dugunleri","tag-gazilerin","tag-sehit","tag-ucretsiz","tag-yakinlari","tag-yapilacak"],"jetpack_publicize_connections":[],"jetpack_featured_media_url":"https:\/\/i0.wp.com\/www.tvturk.com\/wp-content\/uploads\/2019\/07\/sehit-yakinlari-ve-gazilerin-dugunleri-ucretsiz-yapilacak_6489640.jpg?fit=1000%2C671","jetpack_sharing_enabled":true,"jetpack_shortlink":"https:\/\/wp.me\/paKIfm-N00","_links":{"self":[{"href":"http:\/\/www.tvturk.com\/index.php\/wp-json\/wp\/v2\/posts\/188356","targetHints":{"allow":["GET"]}}],"collection":[{"href":"http:\/\/www.tvturk.com\/index.php\/wp-json\/wp\/v2\/posts"}],"about":[{"href":"http:\/\/www.tvturk.com\/index.php\/wp-json\/wp\/v2\/types\/post"}],"author":[{"embeddable":true,"href":"http:\/\/www.tvturk.com\/index.php\/wp-json\/wp\/v2\/users\/1"}],"replies":[{"embeddable":true,"href":"http:\/\/www.tvturk.com\/index.php\/wp-json\/wp\/v2\/comments?post=188356"}],"version-history":[{"count":0,"href":"http:\/\/www.tvturk.com\/index.php\/wp-json\/wp\/v2\/posts\/188356\/revisions"}],"wp:featuredmedia":[{"embeddable":true,"href":"http:\/\/www.tvturk.com\/index.php\/wp-json\/wp\/v2\/media\/188357"}],"wp:attachment":[{"href":"http:\/\/www.tvturk.com\/index.php\/wp-json\/wp\/v2\/media?parent=188356"}],"wp:term":[{"taxonomy":"category","embeddable":true,"href":"http:\/\/www.tvturk.com\/index.php\/wp-json\/wp\/v2\/categories?post=188356"},{"taxonomy":"post_tag","embeddable":true,"href":"http:\/\/www.tvturk.com\/index.php\/wp-json\/wp\/v2\/tags?post=188356"}],"curies":[{"name":"wp","href":"https:\/\/api.w.org\/{rel}","templated":true}]}}