{"id":188436,"date":"2019-07-31T12:31:39","date_gmt":"2019-07-31T09:31:39","guid":{"rendered":"http:\/\/www.tvturk.com\/index.php\/united-group-ulusal-kalite-hareketine-katildi\/"},"modified":"2019-07-31T12:31:39","modified_gmt":"2019-07-31T09:31:39","slug":"united-group-ulusal-kalite-hareketine-katildi","status":"publish","type":"post","link":"http:\/\/www.tvturk.com\/index.php\/united-group-ulusal-kalite-hareketine-katildi\/","title":{"rendered":"United Group, Ulusal Kalite Hareketi\u2019ne kat\u0131ld\u0131"},"content":{"rendered":"<p>T\u00fcrkiye Kalite Derne\u011fi (KalDer) taraf\u0131ndan y\u00fcr\u00fct\u00fclen Ulusal Kalite Hareketi\u2019ne (UKH) d\u00e2hil olan United Group ile KalDer aras\u0131nda iyi niyet bildirgesi imzaland\u0131.<\/p>\n<p>10\u2019un \u00fczerinde farkl\u0131 sekt\u00f6rlerde profesyonel hizmet sunan United Group, T\u00fcrkiye Kalite Derne\u011fi (KalDer) taraf\u0131ndan y\u00fcr\u00fct\u00fclen Ulusal Kalite Hareketi\u2019ne (UKH) d\u00e2hil oldu. \u0130yi Niyet Bildirgesi KalDer Y\u00f6netim Kurulu Ba\u015fkan\u0131 G\u00f6rg\u00fcn \u00d6zdemir ve United Group \u0130cra Kurulu Ba\u015fkan\u0131 \u0130lhan Altun taraf\u0131ndan \u015firket merkezinde t\u00f6renle imzaland\u0131.<\/p>\n<p>T\u00f6rende konu\u015fan \u0130lhan Altun, &#8220;United Group olarak Ulusal Kalite Hareketi\u2019nin \u0130yi Niyet Bildirgesi\u2019ne att\u0131\u011f\u0131m\u0131z bu imza ile m\u00fckemmelli\u011fin temel kavramlar\u0131n\u0131 grubumuzda ya\u015fama ge\u00e7irme konusunda kararl\u0131 oldu\u011fumuzu deklare etmi\u015f oluyoruz. \u0130dari ve saha personelimizle birlikte yakla\u015f\u0131k 8 bin ki\u015filik bir aile olarak, payda\u015flar\u0131m\u0131za, hizmet verdi\u011fimiz her alanda entegre \u00e7\u00f6z\u00fcmleri y\u00fcksek kaliteyle sunmaya devam edece\u011fiz&#8221; dedi.<\/p>\n<p>Kalite Derne\u011fi Y\u00f6netim Kurumu Ba\u015fkan\u0131 G\u00f6rg\u00fcn \u00d6zdemir ise a\u00e7\u0131klamas\u0131nda &#8220;United Group\u2019un EFQM M\u00fckemmellik Modelini esas alarak, \u00f6zde\u011ferlendirmeyi s\u00fcrekli geli\u015fim arac\u0131 olarak kullanmas\u0131, i\u015f d\u00fcnyas\u0131 i\u00e7in olduk\u00e7a olumlu bir geli\u015fme. KalDer olarak United Group\u2019u bu konuda destekliyoruz&#8221; \u015feklinde konu\u015ftu.<\/p>\n","protected":false},"excerpt":{"rendered":"<p>T\u00dcRK\u0130YE KAL\u0130TE DERNE\u011e\u0130 (KALDER) TARAFINDAN Y\u00dcR\u00dcT\u00dcLEN ULUSAL KAL\u0130TE HAREKET\u0130\u2019NE (UKH) D\u00c2H\u0130L OLAN UNITED GROUP \u0130LE KALDER ARASINDA \u0130Y\u0130 N\u0130YET B\u0130LD\u0130RGES\u0130 \u0130MZALANDI.<\/p>\n","protected":false},"author":1,"featured_media":188437,"comment_status":"closed","ping_status":"open","sticky":false,"template":"","format":"standard","meta":{"jetpack_post_was_ever_published":false,"_jetpack_newsletter_access":"","_jetpack_dont_email_post_to_subs":false,"_jetpack_newsletter_tier_id":0,"_jetpack_memberships_contains_paywalled_content":false,"_jetpack_memberships_contains_paid_content":false,"footnotes":"","jetpack_publicize_message":"","jetpack_publicize_feature_enabled":true,"jetpack_social_post_already_shared":true,"jetpack_social_options":{"image_generator_settings":{"template":"highway","default_image_id":0,"font":"","enabled":false},"version":2}},"categories":[19],"tags":[44208,42491,13348,1757,2683,21937],"class_list":["post-188436","post","type-post","status-publish","format-standard","has-post-thumbnail","hentry","category-ekonomi","tag-group","tag-hareketine","tag-kalite","tag-katildi","tag-ulusal","tag-united"],"jetpack_publicize_connections":[],"jetpack_featured_media_url":"https:\/\/i0.wp.com\/www.tvturk.com\/wp-content\/uploads\/2019\/07\/united-group-ulusal-kalite-hareketine-katildi_a540cbc.jpg?fit=601%2C696","jetpack_sharing_enabled":true,"jetpack_shortlink":"https:\/\/wp.me\/paKIfm-N1i","_links":{"self":[{"href":"http:\/\/www.tvturk.com\/index.php\/wp-json\/wp\/v2\/posts\/188436","targetHints":{"allow":["GET"]}}],"collection":[{"href":"http:\/\/www.tvturk.com\/index.php\/wp-json\/wp\/v2\/posts"}],"about":[{"href":"http:\/\/www.tvturk.com\/index.php\/wp-json\/wp\/v2\/types\/post"}],"author":[{"embeddable":true,"href":"http:\/\/www.tvturk.com\/index.php\/wp-json\/wp\/v2\/users\/1"}],"replies":[{"embeddable":true,"href":"http:\/\/www.tvturk.com\/index.php\/wp-json\/wp\/v2\/comments?post=188436"}],"version-history":[{"count":0,"href":"http:\/\/www.tvturk.com\/index.php\/wp-json\/wp\/v2\/posts\/188436\/revisions"}],"wp:featuredmedia":[{"embeddable":true,"href":"http:\/\/www.tvturk.com\/index.php\/wp-json\/wp\/v2\/media\/188437"}],"wp:attachment":[{"href":"http:\/\/www.tvturk.com\/index.php\/wp-json\/wp\/v2\/media?parent=188436"}],"wp:term":[{"taxonomy":"category","embeddable":true,"href":"http:\/\/www.tvturk.com\/index.php\/wp-json\/wp\/v2\/categories?post=188436"},{"taxonomy":"post_tag","embeddable":true,"href":"http:\/\/www.tvturk.com\/index.php\/wp-json\/wp\/v2\/tags?post=188436"}],"curies":[{"name":"wp","href":"https:\/\/api.w.org\/{rel}","templated":true}]}}