{"id":188450,"date":"2019-07-31T12:32:31","date_gmt":"2019-07-31T09:32:31","guid":{"rendered":"http:\/\/www.tvturk.com\/index.php\/rizespor-oguz-yilmazin-pesinde\/"},"modified":"2019-07-31T12:32:31","modified_gmt":"2019-07-31T09:32:31","slug":"rizespor-oguz-yilmazin-pesinde","status":"publish","type":"post","link":"http:\/\/www.tvturk.com\/index.php\/rizespor-oguz-yilmazin-pesinde\/","title":{"rendered":"Rizespor, O\u011fuz Y\u0131lmaz\u2019\u0131n pe\u015finde"},"content":{"rendered":"<p>Yukatel Denizlispor\u2019un savunmas\u0131n\u0131n \u00f6nemli oyuncular\u0131ndan O\u011fuz Y\u0131lmaz, \u00c7aykur Rizespor\u2019un radar\u0131na girdi. Karadeniz temsilcisinin Y\u0131lmaz\u2019\u0131 transfer etmek i\u00e7in giri\u015fimlere ba\u015flad\u0131\u011f\u0131 \u00f6\u011frenildi.<\/p>\n<p>Yukatel Denizlispor\u2019un ge\u00e7ti\u011fimiz sezon devre aras\u0131nda Bal\u0131kesirspor\u2019dan kadrosuna katt\u0131\u011f\u0131 ba\u015far\u0131l\u0131 defans oyuncusu O\u011fuz Y\u0131lmaz ye\u015fil-siyahl\u0131 tak\u0131mda ge\u00e7ti\u011fimiz sezon 10 ma\u00e7ta forma giydi. Sezon sonuna kadar s\u00f6zle\u015fmesi bulunan Y\u0131lmaz\u2019\u0131, \u00c7aykur Rizespor\u2019un kadrosuna almak istedi\u011fi \u00f6\u011frenildi. Teknik Direkt\u00f6r \u0130smail Kartal\u2019\u0131n yeniden olu\u015fturdu\u011fu kadroda 26 ya\u015f\u0131ndaki O\u011fuz Y\u0131lmaz\u2019\u0131 da g\u00f6rmek istedi\u011fi belirtildi.<\/p>\n","protected":false},"excerpt":{"rendered":"<p>YUKATEL DEN\u0130ZL\u0130SPOR&#8217;UN SAVUNMASININ \u00d6NEML\u0130 OYUNCULARINDAN O\u011eUZ YILMAZ, S\u00dcPER L\u0130G EK\u0130B\u0130 \u00c7AYKUR R\u0130ZESPOR&#8217;UN RADARINA G\u0130RD\u0130. KARADEN\u0130Z TEMS\u0130LC\u0130S\u0130N\u0130N YILMAZ&#8217;I TRANSFER ETMEK \u0130\u00c7\u0130N G\u0130R\u0130\u015e\u0130MLERE BA\u015eLADI\u011eI \u00d6\u011eREN\u0130LD\u0130.<\/p>\n","protected":false},"author":1,"featured_media":188451,"comment_status":"closed","ping_status":"open","sticky":false,"template":"","format":"standard","meta":{"jetpack_post_was_ever_published":false,"_jetpack_newsletter_access":"","_jetpack_dont_email_post_to_subs":false,"_jetpack_newsletter_tier_id":0,"_jetpack_memberships_contains_paywalled_content":false,"_jetpack_memberships_contains_paid_content":false,"footnotes":"","jetpack_publicize_message":"","jetpack_publicize_feature_enabled":true,"jetpack_social_post_already_shared":true,"jetpack_social_options":{"image_generator_settings":{"template":"highway","default_image_id":0,"font":"","enabled":false},"version":2}},"categories":[657],"tags":[4353,781,2856,23350],"class_list":["post-188450","post","type-post","status-publish","format-standard","has-post-thumbnail","hentry","category-spor","tag-oguz","tag-pesinde","tag-rizespor","tag-yilmazin"],"jetpack_publicize_connections":[],"jetpack_featured_media_url":"https:\/\/i0.wp.com\/www.tvturk.com\/wp-content\/uploads\/2019\/07\/rizespor-oguz-yilmazin-pesinde_0b002bc.jpg?fit=1000%2C667","jetpack_sharing_enabled":true,"jetpack_shortlink":"https:\/\/wp.me\/paKIfm-N1w","_links":{"self":[{"href":"http:\/\/www.tvturk.com\/index.php\/wp-json\/wp\/v2\/posts\/188450","targetHints":{"allow":["GET"]}}],"collection":[{"href":"http:\/\/www.tvturk.com\/index.php\/wp-json\/wp\/v2\/posts"}],"about":[{"href":"http:\/\/www.tvturk.com\/index.php\/wp-json\/wp\/v2\/types\/post"}],"author":[{"embeddable":true,"href":"http:\/\/www.tvturk.com\/index.php\/wp-json\/wp\/v2\/users\/1"}],"replies":[{"embeddable":true,"href":"http:\/\/www.tvturk.com\/index.php\/wp-json\/wp\/v2\/comments?post=188450"}],"version-history":[{"count":0,"href":"http:\/\/www.tvturk.com\/index.php\/wp-json\/wp\/v2\/posts\/188450\/revisions"}],"wp:featuredmedia":[{"embeddable":true,"href":"http:\/\/www.tvturk.com\/index.php\/wp-json\/wp\/v2\/media\/188451"}],"wp:attachment":[{"href":"http:\/\/www.tvturk.com\/index.php\/wp-json\/wp\/v2\/media?parent=188450"}],"wp:term":[{"taxonomy":"category","embeddable":true,"href":"http:\/\/www.tvturk.com\/index.php\/wp-json\/wp\/v2\/categories?post=188450"},{"taxonomy":"post_tag","embeddable":true,"href":"http:\/\/www.tvturk.com\/index.php\/wp-json\/wp\/v2\/tags?post=188450"}],"curies":[{"name":"wp","href":"https:\/\/api.w.org\/{rel}","templated":true}]}}