{"id":188458,"date":"2019-07-31T12:47:07","date_gmt":"2019-07-31T09:47:07","guid":{"rendered":"http:\/\/www.tvturk.com\/index.php\/denizlispor-radoslaw-murawski-ile-11-yillik-sozlesme-imzaladi\/"},"modified":"2019-07-31T12:47:07","modified_gmt":"2019-07-31T09:47:07","slug":"denizlispor-radoslaw-murawski-ile-11-yillik-sozlesme-imzaladi","status":"publish","type":"post","link":"http:\/\/www.tvturk.com\/index.php\/denizlispor-radoslaw-murawski-ile-11-yillik-sozlesme-imzaladi\/","title":{"rendered":"Denizlispor, Radoslaw Murawski ile 1+1 y\u0131ll\u0131k s\u00f6zle\u015fme imzalad\u0131"},"content":{"rendered":"<p>Yukatel Denizlispor, Palermo formas\u0131 giyen 25 ya\u015f\u0131ndaki Polonyal\u0131 orta saha oyuncusu Radoslaw Murawski ile 1+1 y\u0131ll\u0131k s\u00f6zle\u015fme imzalad\u0131.<\/p>\n<p>Yukatel Denizlispor, bug\u00fcn Polonyal\u0131 oyuncu Radoslaw Murawski\u2019yi kadrosuna dahil etti. Gen\u00e7 oyuncu, Denizli\u2019ye geldi\u011finde ilk olarak tak\u0131m\u0131n ma\u00e7lar\u0131n\u0131 oynayaca\u011f\u0131 Atat\u00fcrk Stadyumu\u2019na giderek Ba\u015fkan Ali \u00c7etin ile bir araya geldi ve oyuncunun Denizli\u2019ye geldi\u011fini Ba\u015fkan \u00c7etin sosyal medya hesab\u0131ndan yapt\u0131\u011f\u0131 payla\u015f\u0131mla duyurdu. Ard\u0131ndan sa\u011fl\u0131k kontrol\u00fcne giden oyuncu kul\u00fcp tesislerinde 1+1 y\u0131ll\u0131k s\u00f6zle\u015fmeye imza att\u0131. Radoslaw Murawski\u2019nin imza t\u00f6renine Ba\u015fkan Yard\u0131mc\u0131lar\u0131 Nevzat Yak\u0131, Ramazan Erbil, Mali Asba\u015fkan Fikret Onur, Tesislerden Sorumlu Asba\u015fkan \u0130smail Bay kat\u0131ld\u0131. Gen\u00e7 futbolcu imza t\u00f6reninin ard\u0131ndan Afyonkarahisar\u2019da kamp yapan tak\u0131ma kat\u0131lmak \u00fczere yola \u00e7\u0131kt\u0131.<\/p>\n","protected":false},"excerpt":{"rendered":"<p>YUKATEL DEN\u0130ZL\u0130SPOR, PALERMO FORMASI G\u0130YEN 25 YA\u015eINDAK\u0130 POLONYALI ORTA SAHA OYUNCUSU RADOSLAW MURAWSK\u0130 \u0130LE 1+1 YILLIK S\u00d6ZLE\u015eME \u0130MZALADI.<\/p>\n","protected":false},"author":1,"featured_media":188459,"comment_status":"closed","ping_status":"open","sticky":false,"template":"","format":"standard","meta":{"jetpack_post_was_ever_published":false,"_jetpack_newsletter_access":"","_jetpack_dont_email_post_to_subs":false,"_jetpack_newsletter_tier_id":0,"_jetpack_memberships_contains_paywalled_content":false,"_jetpack_memberships_contains_paid_content":false,"footnotes":"","jetpack_publicize_message":"","jetpack_publicize_feature_enabled":true,"jetpack_social_post_already_shared":true,"jetpack_social_options":{"image_generator_settings":{"template":"highway","default_image_id":0,"font":"","enabled":false},"version":2}},"categories":[657],"tags":[3893,6694,192,2317,46862,46861,4475,710],"class_list":["post-188458","post","type-post","status-publish","format-standard","has-post-thumbnail","hentry","category-spor","tag-3893","tag-denizlispor","tag-ile","tag-imzaladi","tag-murawski","tag-radoslaw","tag-sozlesme","tag-yillik"],"jetpack_publicize_connections":[],"jetpack_featured_media_url":"https:\/\/i0.wp.com\/www.tvturk.com\/wp-content\/uploads\/2019\/07\/denizlispor-radoslaw-murawski-ile-11-yillik-sozlesme-imzaladi_359ed49.jpg?fit=1000%2C750","jetpack_sharing_enabled":true,"jetpack_shortlink":"https:\/\/wp.me\/paKIfm-N1E","_links":{"self":[{"href":"http:\/\/www.tvturk.com\/index.php\/wp-json\/wp\/v2\/posts\/188458","targetHints":{"allow":["GET"]}}],"collection":[{"href":"http:\/\/www.tvturk.com\/index.php\/wp-json\/wp\/v2\/posts"}],"about":[{"href":"http:\/\/www.tvturk.com\/index.php\/wp-json\/wp\/v2\/types\/post"}],"author":[{"embeddable":true,"href":"http:\/\/www.tvturk.com\/index.php\/wp-json\/wp\/v2\/users\/1"}],"replies":[{"embeddable":true,"href":"http:\/\/www.tvturk.com\/index.php\/wp-json\/wp\/v2\/comments?post=188458"}],"version-history":[{"count":0,"href":"http:\/\/www.tvturk.com\/index.php\/wp-json\/wp\/v2\/posts\/188458\/revisions"}],"wp:featuredmedia":[{"embeddable":true,"href":"http:\/\/www.tvturk.com\/index.php\/wp-json\/wp\/v2\/media\/188459"}],"wp:attachment":[{"href":"http:\/\/www.tvturk.com\/index.php\/wp-json\/wp\/v2\/media?parent=188458"}],"wp:term":[{"taxonomy":"category","embeddable":true,"href":"http:\/\/www.tvturk.com\/index.php\/wp-json\/wp\/v2\/categories?post=188458"},{"taxonomy":"post_tag","embeddable":true,"href":"http:\/\/www.tvturk.com\/index.php\/wp-json\/wp\/v2\/tags?post=188458"}],"curies":[{"name":"wp","href":"https:\/\/api.w.org\/{rel}","templated":true}]}}