{"id":188469,"date":"2019-07-31T13:02:05","date_gmt":"2019-07-31T10:02:05","guid":{"rendered":"http:\/\/www.tvturk.com\/index.php\/kktc-basbakani-tatar-bu-saatten-sonra-kibrista-oyle-annan-plani-zamaninda-dusunulen-bir-cozum-modeline-cok-uzaktayiz\/"},"modified":"2019-07-31T13:02:05","modified_gmt":"2019-07-31T10:02:05","slug":"kktc-basbakani-tatar-bu-saatten-sonra-kibrista-oyle-annan-plani-zamaninda-dusunulen-bir-cozum-modeline-cok-uzaktayiz","status":"publish","type":"post","link":"http:\/\/www.tvturk.com\/index.php\/kktc-basbakani-tatar-bu-saatten-sonra-kibrista-oyle-annan-plani-zamaninda-dusunulen-bir-cozum-modeline-cok-uzaktayiz\/","title":{"rendered":"KKTC Ba\u015fbakan\u0131 Tatar: \u201cBu saatten sonra K\u0131br\u0131s\u2019ta \u00f6yle Annan Plan\u0131 zaman\u0131nda d\u00fc\u015f\u00fcn\u00fclen bir \u00e7\u00f6z\u00fcm modeline \u00e7ok uzaktay\u0131z\u201d"},"content":{"rendered":"<p>Do\u011fu Akdeniz\u2019deki petrol ve do\u011fal gaz arama \u00e7al\u0131\u015fmalar\u0131na ili\u015fkin sorular\u0131 yan\u0131tlayan Kuzey K\u0131br\u0131s T\u00fcrk Cumhuriyeti (KKTC) Ba\u015fbakan\u0131 Ersin Tatar, &#8220;Do\u011fu Akdeniz\u2019deki hak, \u00e7\u0131kar ve menfaatlerimiz T\u00fcrkiye ile birlikte Kuzey K\u0131br\u0131s T\u00fcrk Cumhuriyeti\u2019ni bamba\u015fka bir pozisyona getirmi\u015ftir. Bu saatten sonra K\u0131br\u0131s\u2019ta \u00f6yle Annan Plan\u0131 zaman\u0131nda d\u00fc\u015f\u00fcn\u00fclen bir \u00e7\u00f6z\u00fcm modeline \u00e7ok uzaktay\u0131z\u201d dedi.<\/p>\n<p>Kuzey K\u0131br\u0131s T\u00fcrk Cumhuriyeti Ba\u015fbakan\u0131 Ersin Tatar, Kuzey K\u0131br\u0131s Turizm \u0130\u015fbirli\u011fi Toplant\u0131s\u0131\u2019na kat\u0131lmak i\u00e7in, e\u015fi Sibel Tatar ve beraberindeki heyetle birlikte \u0130stanbul\u2019a geldi. \u0130stanbul\u2019da \u00e7e\u015fitli kurum ve kurulu\u015flar\u0131 ziyaret eden Tatar, Do\u011fu Akdeniz\u2019de yap\u0131lan petrol ve do\u011fal gaz arama \u00e7al\u0131\u015fmalar\u0131na ili\u015fkin \u00f6nemli bilgiler payla\u015ft\u0131.<\/p>\n<p>&#8220;Federal temelde bir anla\u015fman\u0131n m\u00fcmk\u00fcn olmad\u0131\u011f\u0131 ortaya \u00e7\u0131km\u0131\u015ft\u0131r&#8221;<\/p>\n<p>Kuzey K\u0131br\u0131s T\u00fcrk Cumhuriyeti Ba\u015fbakan\u0131 Ersin Tatar, \u201cK\u0131br\u0131s\u2019a ili\u015fkin Birle\u015fmi\u015f Milletlerin raporlar\u0131nda yer alan hususlar, her zaman \u015f\u00f6yle bir cevap veriyoruz; bir kere d\u00fcnya 5\u2019ten ibaret de\u011fildir. \u015eunu kabul etmek laz\u0131m ki K\u0131br\u0131s\u2019ta iki halk vard\u0131r. 1960 meselelerinden sonra K\u0131br\u0131s Cumhuriyeti bir yanl\u0131\u015fl\u0131kla tan\u0131nmaya devam edilmi\u015f ve hala daha Birle\u015fmi\u015f Milletler nezdinde K\u0131br\u0131s Cumhuriyeti, Yunanlar\u0131n esas\u0131nda i\u015fgal ettikleri K\u0131br\u0131s Cumhuriyeti tek tan\u0131nm\u0131\u015f devlet olarak o taraflarda muamele g\u00f6r\u00fcyor. Dolay\u0131s\u0131yla bizlere b\u00fcy\u00fck haks\u0131zl\u0131klar yap\u0131l\u0131yor. Halbuki K\u0131br\u0131s\u2019ta iki e\u015fit halk vard\u0131r. K\u0131br\u0131s T\u00fcrk halk\u0131 ile K\u0131br\u0131s Rum halk\u0131. Dolay\u0131s\u0131yla 20 Temmuz Bar\u0131\u015f Harekat\u0131\u2019ndan sonra 45 y\u0131l ge\u00e7mesine ra\u011fmen hala daha bir anla\u015fmaya ula\u015f\u0131lamam\u0131\u015ft\u0131r. Dolay\u0131s\u0131yla Birle\u015fmi\u015f Milletler oturup bu meseleyi tekrar temelinden de\u011ferlendirmesi laz\u0131m. B\u00fct\u00fcn bu iyi niyet ve ger\u00e7ekten gayretlere ve her t\u00fcrl\u00fc \u00e7abaya ra\u011fmen bir anla\u015fma olam\u0131yorsa demek ki art\u0131k K\u0131br\u0131s\u2019ta bir yol ayr\u0131m\u0131na gidilmelidir. O da nedir? \u0130ki devletli bir \u00e7\u00f6z\u00fcmden yana bir hedef ortaya konulmas\u0131 laz\u0131m. Bu da yine bir anla\u015fmayla, kadife ayr\u0131l\u0131k da olabilir, konfederasyon bir model de olabilir veya Avrupa Birli\u011fi \u00e7at\u0131s\u0131 alt\u0131nda iki devlet modeli de olabilir. Federal temelde bir anla\u015fman\u0131n m\u00fcmk\u00fcn olmad\u0131\u011f\u0131 ortaya \u00e7\u0131km\u0131\u015ft\u0131r. Hele hele Avrupa Birli\u011fi i\u00e7erisinde T\u00fcrkiye\u2019nin \u00fc\u00e7\u00fcnc\u00fc \u00fclke muamelesi g\u00f6rmesiyle o federal cumhuriyetin garant\u00f6r\u00fc olmayaca\u011f\u0131na g\u00f6re K\u0131br\u0131s T\u00fcrk halk\u0131n\u0131n bunu kabul etmesi m\u00fcmk\u00fcn de\u011fildir, diye d\u00fc\u015f\u00fcn\u00fcyoruz. Dolay\u0131s\u0131yla Birle\u015fmi\u015f Milletler temelden, tekrar kendi de\u011ferlendirmelerini tekrar de\u011ferlendirmeleri laz\u0131m. Aksi takdirde bu haks\u0131zl\u0131k devam edecek. Bu haks\u0131zl\u0131k devam etti\u011fi s\u00fcrece de K\u0131br\u0131s\u2019ta kal\u0131c\u0131, kapsaml\u0131 ve s\u00fcrd\u00fcr\u00fclebilir bir anla\u015fma olmad\u0131\u011f\u0131n\u0131 d\u00fc\u015f\u00fcn\u00fcyoruz\u201d diye konu\u015ftu.<\/p>\n<p>\u201cAnnan Plan\u0131 zaman\u0131nda d\u00fc\u015f\u00fcn\u00fclen bir \u00e7\u00f6z\u00fcm modeline \u00e7ok uzaktay\u0131z\u201d<\/p>\n<p>Ko\u015fullar\u0131n de\u011fi\u015fti\u011fini ifade ederek konu\u015fmas\u0131n\u0131 s\u00fcrd\u00fcren Tatar, \u201cKo\u015fullar eskiye g\u00f6re bamba\u015fka bir noktaya gelmi\u015ftir. Do\u011fu Akdeniz\u2019deki son geli\u015fmeleri de dikkate ald\u0131\u011f\u0131m\u0131zda hidrokarbon, petrol ve gaz zenginliklerini ve bir tak\u0131m \u00fclkelerin buraya duydu\u011fu ilgi, alaka ve ekonomik bir tak\u0131m meselelerle mesele i\u00e7erisine girme heyecan ve hedefleri, Rum taraf\u0131n\u0131n tek tarafl\u0131 olarak b\u00fcy\u00fck \u015firketlerle, \u00fclkelerle yapt\u0131\u011f\u0131 anla\u015fmalar K\u0131br\u0131s T\u00fcrklerini d\u0131\u015flamakta. K\u0131br\u0131sl\u0131 T\u00fcrklerin halk ve \u00e7\u0131karlar\u0131n\u0131 meydan okumakta ve dolay\u0131s\u0131yla T\u00fcrkiye ile birlikte hareket eden Kuzey K\u0131br\u0131s T\u00fcrk Cumhuriyeti meseleyi bamba\u015fka bir noktaya \u00e7ekebilmi\u015ftir. Bu da son aylarda s\u00f6yledi\u011fimiz gibi, Do\u011fu Akdeniz\u2019de \u00f6zellikle K\u0131br\u0131s\u2019\u0131n kuzeyinde ve T\u00fcrkiye Cumhuriyeti ile birlikte mavi vatan dedi\u011fimiz bu Do\u011fu Akdeniz\u2019deki hak, \u00e7\u0131kar ve menfaatlerimiz T\u00fcrkiye ile birlikte Kuzey K\u0131br\u0131s T\u00fcrk Cumhuriyeti\u2019ni bamba\u015fka bir pozisyona getirmi\u015ftir. Bu saatten sonra K\u0131br\u0131s\u2019ta \u00f6yle Annan Plan\u0131 zaman\u0131nda d\u00fc\u015f\u00fcn\u00fclen bir \u00e7\u00f6z\u00fcm modeline \u00e7ok uzaktay\u0131z. Ve \u015f\u00f6yle diyoruz; T\u00fcrkiye\u2019de b\u00f6yle s\u00f6ylemeye ba\u015flam\u0131\u015ft\u0131r. Art\u0131k federal temelde bir \u00e7\u00f6z\u00fcm de\u011fil, ancak iki devletli bir \u00e7\u00f6z\u00fcm parametresinde K\u0131br\u0131s\u2019ta bir anla\u015fma olabilir. Bunu da Birle\u015fmi\u015f Milletler yava\u015f yava\u015f g\u00fcndeme almas\u0131 gerekmektedir\u201d \u015feklinde konu\u015ftu.<\/p>\n<p>\u201cYunanistan Ba\u015fbakan\u0131 Kiriakos Mi\u00e7otakis son derece yanl\u0131\u015f bir a\u00e7\u0131klama yapm\u0131\u015ft\u0131r\u201d<\/p>\n<p>Yunanistan Ba\u015fbakan\u0131 Kiriakos Mi\u00e7otakis\u2019\u0131n T\u00fcrkiye\u2019nin K\u0131br\u0131s\u2019taki garant\u00f6rl\u00fc\u011f\u00fcn\u00fc i\u015fgal olarak g\u00f6rmesini ele\u015ftiren Tatar, \u201cYunanistan ba\u015fbakan\u0131 son derece yanl\u0131\u015f bir a\u00e7\u0131klama yapm\u0131\u015ft\u0131r. Lefko\u015fa\u2019da yapt\u0131\u011f\u0131 a\u00e7\u0131klamalar yine hi\u00e7bir \u015feyin de\u011fi\u015fmedi\u011fini K\u0131br\u0131s ger\u00e7eklerini g\u00f6remediklerini bir kez daha ortaya \u00e7\u0131kartm\u0131\u015ft\u0131r. Bar\u0131\u015fa y\u00f6nelik bir a\u00e7\u0131klama olmam\u0131\u015ft\u0131r. K\u0131br\u0131s\u2019\u0131n ger\u00e7ekleri art\u0131k iki ayr\u0131 devletten ge\u00e7mektedir. K\u0131br\u0131s\u2019ta iki ayr\u0131 halk var\u0131d\u0131r. K\u0131br\u0131s T\u00fcrk halk\u0131n\u0131n hak ve \u00e7\u0131karlar\u0131 en az Rumlar\u0131n hak ve \u00e7\u0131karlar\u0131 kadard\u0131r. 1960 anla\u015fmalar\u0131ndan dolay\u0131 T\u00fcrkiye\u2019nin garant\u00f6rl\u00fc\u011f\u00fc devam etmektedir. T\u00fcrkiye\u2019nin orada i\u015fgalci olarak de\u011ferlendirilmesi son derece yanl\u0131\u015f olmu\u015ftur. Son derece hatal\u0131 olmu\u015ftur. Bar\u0131\u015fa hi\u00e7 de hizmet etmemektedir\u201d ifadelerini kulland\u0131.<\/p>\n<p>\u201c\u0130ki devletli bir modelin masaya gelmesi durumunda tekrar m\u00fczakere masas\u0131na oturabilece\u011fimizi s\u00f6yledik\u201d<\/p>\n<p>M\u00fczakerelerin devam edip etmeyece\u011fine ili\u015fkin soruyu yan\u0131tlayan Tatar, \u201cBizim Cumhurba\u015fkan\u0131m\u0131z Mustafa Ak\u0131nc\u0131 bir m\u00fczakere s\u00fcrecini tekrar aramaktad\u0131r. Birle\u015fmi\u015f Milletler Genel Sekreteri ile yapt\u0131\u011f\u0131 g\u00f6r\u00fc\u015fmede Eyl\u00fcl ay\u0131nda New York\u2019ta bulu\u015fulaca\u011f\u0131 ve birtak\u0131m aray\u0131\u015flar i\u00e7erisinde olabilece\u011fi noktas\u0131nda a\u00e7\u0131klamalar vard\u0131r; ama Kuzey K\u0131br\u0131s T\u00fcrkiye Cumhuriyeti h\u00fck\u00fcmeti, biliyorsunuz iki ay \u00f6nce kurulmu\u015f koalisyon orta\u011f\u0131m\u0131z Halk\u0131n Partisi, b\u00f6yle bir zeminin olmad\u0131\u011f\u0131n\u0131 s\u00f6ylemekteyiz; \u00e7\u00fcnk\u00fc Crans-Montana\u2019da bir bu\u00e7uk y\u0131l \u00f6nce g\u00f6r\u00fc\u015fmelerin son bulmas\u0131yla ve T\u00fcrkiye\u2019nin garant\u00f6r bir \u00fclke olarak, daha sonra T\u00fcrkiye D\u0131\u015fi\u015fleri Bakan\u0131 Say\u0131n Mevl\u00fct \u00c7avu\u015fo\u011flu\u2019nun yapt\u0131\u011f\u0131 a\u00e7\u0131klamalarla art\u0131k o s\u00fcrecin t\u00fckendi\u011fini, dolay\u0131s\u0131yla bir anla\u015fma ya da m\u00fczakere s\u00fcreci tekrar ba\u015flayacaksa mutlaka yeni bir zeminin olu\u015fmas\u0131 gerekti\u011fini o da art\u0131k alternatif fikirler dedi\u011fimiz iki devletli bir modelin masaya gelmesi durumunda ancak tekrar m\u00fczakere masas\u0131na oturabilece\u011fimizi s\u00f6ylemi\u015flerdir. Biz de ayn\u0131 \u015feyi s\u00f6yl\u00fcyoruz. Rum kesimi K\u0131br\u0131s\u2019ta illa federal temelli ve T\u00fcrkiye\u2019nin de garant\u00f6rl\u00fc\u011f\u00fcn\u00fcn olmayaca\u011f\u0131 bir pozisyonda bir anla\u015fmaya do\u011fru meseleyi s\u00fcr\u00fcklemeye \u00e7al\u0131\u015fmaktad\u0131rlar. B\u00f6yle bir pozisyonda m\u00fczakere s\u00fcrecinin ba\u015flayamayaca\u011f\u0131 kanaatindeyim. G\u00fcn\u00fcn sonunda T\u00fcrk taraf\u0131, hem Kuzey K\u0131br\u0131s T\u00fcrk Cumhuriyeti hem de T\u00fcrkiye Cumhuriyeti\u2019nin dikkatli olmas\u0131 gerekmektedir\u201d dedi.<\/p>\n<p>\u201cK\u0131br\u0131s\u2019la ilgili Cumhurba\u015fkan\u0131m\u0131z Recep Tayyip Erdo\u011fan\u2019\u0131n duru\u015funu ve meseleye olan bak\u0131\u015f\u0131n\u0131 takdirle izlemekteyim\u201d<\/p>\n<p>Oyunun \u00e7ok b\u00fcy\u00fck oldu\u011funu s\u00f6yleyerek konu\u015fmas\u0131n\u0131 s\u00fcrd\u00fcren Tatar, \u201cOyun hala daha K\u0131br\u0131s\u2019\u0131 T\u00fcrkiye\u2019nin elinden ve K\u0131br\u0131s T\u00fcrklerinden nas\u0131l \u00e7alar\u0131z, nas\u0131l al\u0131r\u0131z noktas\u0131ndad\u0131r. Mesele bu kadar entrikad\u0131r. \u00c7ok dikkatli olunmas\u0131 gerekmektedir. Hele hele Do\u011fu Akdeniz\u2019de ya\u015fananlarla birlikte son y\u0131llarda bu kadar b\u00fcy\u00fck \u015firketlerin, dev \u00fclkelerin K\u0131br\u0131s ile ilgili ald\u0131klar\u0131 pozisyon, yapt\u0131klar\u0131 anla\u015fmalar, bu b\u00f6lgede iddia edildi\u011fi gibi petrol, gaz ve hidrokarbon zenginliklerinin ileri ki y\u0131llarda ortaya \u00e7\u0131kmas\u0131 ve b\u00fcy\u00fck bir zenginli\u011fe hep birlikte sahip olaca\u011f\u0131m\u0131z durumda K\u0131br\u0131s T\u00fcrklerinin bir zafiyet i\u00e7erisinde, ve T\u00fcrkiye\u2019nin de d\u0131\u015fland\u0131\u011f\u0131 bir pozisyonda olmas\u0131na herhalde T\u00fcrkiye izin vermez diye d\u00fc\u015f\u00fcn\u00fcyorum. Mesele Do\u011fu Akdeniz\u2019in zenginliklerinin payla\u015f\u0131lma meselesidir. Nitekim T\u00fcrk h\u00fck\u00fcmetinin ve Cumhurba\u015fkan\u0131m\u0131z Recep Tayyip Erdo\u011fan\u2019\u0131n duru\u015funu ve meseleye olan bak\u0131\u015f\u0131n\u0131 takdirle izlemekteyim. D\u00fcn de Milli G\u00fcvenlik Kurulunun toplant\u0131s\u0131 vard\u0131. K\u0131br\u0131s T\u00fcrklerini son derece ferahlat\u0131c\u0131 a\u00e7\u0131klamalar yap\u0131lm\u0131\u015ft\u0131r. O bak\u0131mdan T\u00fcrk h\u00fck\u00fcmetine ve Cumhurba\u015fkan\u0131m\u0131z Recep Tayyip Erdo\u011fan\u2019a te\u015fekk\u00fcr ediyorum\u201d dedi.<\/p>\n<p>\u201c\u00c7\u0131kar\u0131lan madenlerin pazara ula\u015ft\u0131r\u0131lmas\u0131n\u0131n tek mant\u0131kl\u0131 ve ekonomik yolu K\u0131br\u0131s ve T\u00fcrkiye \u00fczerinden borularla ula\u015ft\u0131r\u0131lmas\u0131d\u0131r\u201d<\/p>\n<p>Do\u011fu Akdeniz\u2019de yap\u0131lan petrol ve do\u011fal gaz arama \u00e7al\u0131\u015fmalar\u0131nda bulunan madenlerin piyasaya nas\u0131l pazarlanaca\u011f\u0131na ili\u015fkin de konu\u015fan Tatar, \u201cBununda tek ekonomik yolu T\u00fcrkiye \u00fczerindendir. Bunu ilgili b\u00fct\u00fcn taraflar, payda\u015flar yapt\u0131klar\u0131 de\u011ferlendirmelerde bunun en ak\u0131ll\u0131 ve ekonomik yolunun K\u0131br\u0131s \u00fczerinden, belki borularla M\u0131s\u0131r ve Suriye, o b\u00f6lgelerden, ve T\u00fcrkiye \u00fczerinden Avrupa Birli\u011fi\u2019ne ve di\u011fer uzak \u00fclkelere iletilmesini, aksi takdirde bir anla\u015fma olmazsa K\u0131br\u0131s \u00fczerinden Yunanistan ve daha sonra Avrupa\u2019ya 8-9 milyar dolarl\u0131k boru d\u00f6\u015feme gerekti\u011fini dolay\u0131s\u0131yla ekonomik olmayaca\u011f\u0131n\u0131, m\u00fchendislik bak\u0131m\u0131ndan da son derece s\u0131k\u0131nt\u0131l\u0131 olabilece\u011fi s\u00f6ylenmektedir. Tek mant\u0131kl\u0131 ve ekonomik yolu K\u0131br\u0131s ve T\u00fcrkiye \u00fczerinden borularla bu zenginliklerin piyasalara ve b\u00fcy\u00fck pazara ula\u015ft\u0131r\u0131lmas\u0131d\u0131r. Bu anlamda da bizim pozisyonumuz g\u00fc\u00e7 kazanmaktad\u0131r\u201d ifadelerini kulland\u0131.<\/p>\n","protected":false},"excerpt":{"rendered":"<p>KKTC BA\u015eBAKANI ERS\u0130N TATAR DO\u011eU AKDEN\u0130Z\u2019DEK\u0130 PETROL VE DO\u011eALGAZ ARAMA \u00c7ALI\u015eMALARINA \u0130L\u0130\u015eK\u0130N SORULARI YANITLADI<\/p>\n","protected":false},"author":1,"featured_media":188470,"comment_status":"closed","ping_status":"open","sticky":false,"template":"","format":"standard","meta":{"jetpack_post_was_ever_published":false,"_jetpack_newsletter_access":"","_jetpack_dont_email_post_to_subs":false,"_jetpack_newsletter_tier_id":0,"_jetpack_memberships_contains_paywalled_content":false,"_jetpack_memberships_contains_paid_content":false,"footnotes":"","jetpack_publicize_message":"","jetpack_publicize_feature_enabled":true,"jetpack_social_post_already_shared":true,"jetpack_social_options":{"image_generator_settings":{"template":"highway","default_image_id":0,"font":"","enabled":false},"version":2}},"categories":[1],"tags":[986,46969,651,125,105,420,46970,737,9977,45509,5492,6634,23583,2022,30456,46971,12490],"class_list":["post-188469","post","type-post","status-publish","format-standard","has-post-thumbnail","hentry","category-genel","tag-bu","tag-annan","tag-basbakani","tag-bir","tag-cok","tag-cozum","tag-dusunulen","tag-kibrista","tag-kktc","tag-modeline","tag-oyle","tag-plani","tag-saatten","tag-sonra","tag-tatar","tag-uzaktayiz","tag-zamaninda"],"jetpack_publicize_connections":[],"jetpack_featured_media_url":"https:\/\/i0.wp.com\/www.tvturk.com\/wp-content\/uploads\/2019\/07\/kktc-basbakani-tatar-bu-saatten-sonra-kibrista-oyle-annan-plani-zamaninda-dusunulen-bir-cozum-modeline-cok-uzaktayiz_2ced346.jpg?fit=1000%2C750","jetpack_sharing_enabled":true,"jetpack_shortlink":"https:\/\/wp.me\/paKIfm-N1P","_links":{"self":[{"href":"http:\/\/www.tvturk.com\/index.php\/wp-json\/wp\/v2\/posts\/188469","targetHints":{"allow":["GET"]}}],"collection":[{"href":"http:\/\/www.tvturk.com\/index.php\/wp-json\/wp\/v2\/posts"}],"about":[{"href":"http:\/\/www.tvturk.com\/index.php\/wp-json\/wp\/v2\/types\/post"}],"author":[{"embeddable":true,"href":"http:\/\/www.tvturk.com\/index.php\/wp-json\/wp\/v2\/users\/1"}],"replies":[{"embeddable":true,"href":"http:\/\/www.tvturk.com\/index.php\/wp-json\/wp\/v2\/comments?post=188469"}],"version-history":[{"count":0,"href":"http:\/\/www.tvturk.com\/index.php\/wp-json\/wp\/v2\/posts\/188469\/revisions"}],"wp:featuredmedia":[{"embeddable":true,"href":"http:\/\/www.tvturk.com\/index.php\/wp-json\/wp\/v2\/media\/188470"}],"wp:attachment":[{"href":"http:\/\/www.tvturk.com\/index.php\/wp-json\/wp\/v2\/media?parent=188469"}],"wp:term":[{"taxonomy":"category","embeddable":true,"href":"http:\/\/www.tvturk.com\/index.php\/wp-json\/wp\/v2\/categories?post=188469"},{"taxonomy":"post_tag","embeddable":true,"href":"http:\/\/www.tvturk.com\/index.php\/wp-json\/wp\/v2\/tags?post=188469"}],"curies":[{"name":"wp","href":"https:\/\/api.w.org\/{rel}","templated":true}]}}