{"id":188483,"date":"2019-07-31T13:17:14","date_gmt":"2019-07-31T10:17:14","guid":{"rendered":"http:\/\/www.tvturk.com\/index.php\/yeni-malatyaspor-tur-icin-slovenyada\/"},"modified":"2019-07-31T13:17:14","modified_gmt":"2019-07-31T10:17:14","slug":"yeni-malatyaspor-tur-icin-slovenyada","status":"publish","type":"post","link":"http:\/\/www.tvturk.com\/index.php\/yeni-malatyaspor-tur-icin-slovenyada\/","title":{"rendered":"Yeni Malatyaspor tur i\u00e7in Slovenya\u2019da"},"content":{"rendered":"<p>Yeni Malatyaspor, Olimpija Ljubljana ile oynayaca\u011f\u0131 UEFA Avrupa Ligi 2. \u00d6n Eleme r\u00f6van\u015f ma\u00e7\u0131 i\u00e7in gitti\u011fi Slovenya\u2019da turu ge\u00e7meyi hedefliyor.<\/p>\n<p>Tur hesaplar\u0131 yapan sar\u0131-k\u0131rm\u0131z\u0131l\u0131lar, sabah saatlerinde Slovenya\u2019n\u0131n ba\u015fkenti Ljubljana\u2019ya inerek kampa girece\u011fi otele gitti. Kafilede sakatl\u0131\u011f\u0131 s\u00fcren Yi\u011fithan G\u00fcveli yer almad\u0131. UEFA Avrupa Ligi 2. \u00d6n Eleme ilk ma\u00e7\u0131nda Olimpija Ljubljana ile sahas\u0131nda 2-2 berabere kalarak avantaj\u0131 rakibine veren sar\u0131-k\u0131rm\u0131z\u0131l\u0131lar, deplasmanda galip gelerek turu ge\u00e7menin hesaplar\u0131n\u0131 yap\u0131yor. Kar\u015f\u0131la\u015fman\u0131n son \u00e7al\u0131\u015fmas\u0131n\u0131 Slovenya\u2019da yapacak Yeni Malatyaspor\u2019un rakip kar\u015f\u0131s\u0131na galibiyet i\u00e7in \u00e7\u0131kaca\u011f\u0131, Sergen Yal\u00e7\u0131n\u2019\u0131n oyuncular\u0131n\u0131 turu ge\u00e7meleri y\u00f6n\u00fcnde konsantre etti\u011fi belirtildi.<\/p>\n<p>Sar\u0131-k\u0131rm\u0131z\u0131l\u0131lar\u0131n rakibinin kar\u015f\u0131s\u0131na kalede Farnolle, savunmada Mina, Hadebe, Chebake, Erkan, orta sahada Donald, Guilherme, Murat, Fofana, Bifouma, forvette ise Jahovic on biriyle \u00e7\u0131kmas\u0131 bekleniyor. Yar\u0131n Stozice Stadyumun\u2019da oynanacak Olimpija Ljubljana- Yeni Malatyaspor kar\u015f\u0131la\u015fmas\u0131 TS\u0130 21.00\u2019de ba\u015flayacak.<\/p>\n<p>Yeni Malatyaspor\u2019un turu ge\u00e7mesi i\u00e7in 3 goll\u00fc beraberlik ya da galibiyet elde etmesi gerekiyor. Malatya\u2019da oynanan ilk ma\u00e7 2-2 sona ermi\u015fti.<\/p>\n","protected":false},"excerpt":{"rendered":"<p>YEN\u0130 MALATYASPOR,  OL\u0130MP\u0130JA LJUBLJANA \u0130LE OYNAYACA\u011eI UEFA AVRUPA L\u0130G\u0130 2. \u00d6N ELEME R\u00d6VAN\u015e MA\u00c7I \u0130\u00c7\u0130N SLOVENYA\u2019YA GELD\u0130<\/p>\n","protected":false},"author":1,"featured_media":188484,"comment_status":"closed","ping_status":"open","sticky":false,"template":"","format":"standard","meta":{"jetpack_post_was_ever_published":false,"_jetpack_newsletter_access":"","_jetpack_dont_email_post_to_subs":false,"_jetpack_newsletter_tier_id":0,"_jetpack_memberships_contains_paywalled_content":false,"_jetpack_memberships_contains_paid_content":false,"footnotes":"","jetpack_publicize_message":"","jetpack_publicize_feature_enabled":true,"jetpack_social_post_already_shared":true,"jetpack_social_options":{"image_generator_settings":{"template":"highway","default_image_id":0,"font":"","enabled":false},"version":2}},"categories":[657],"tags":[44,528,46810,780,87],"class_list":["post-188483","post","type-post","status-publish","format-standard","has-post-thumbnail","hentry","category-spor","tag-icin","tag-malatyaspor","tag-slovenyada","tag-tur","tag-yeni"],"jetpack_publicize_connections":[],"jetpack_featured_media_url":"https:\/\/i0.wp.com\/www.tvturk.com\/wp-content\/uploads\/2019\/07\/yeni-malatyaspor-tur-icin-slovenyada_928ae11.jpg?fit=960%2C808","jetpack_sharing_enabled":true,"jetpack_shortlink":"https:\/\/wp.me\/paKIfm-N23","_links":{"self":[{"href":"http:\/\/www.tvturk.com\/index.php\/wp-json\/wp\/v2\/posts\/188483","targetHints":{"allow":["GET"]}}],"collection":[{"href":"http:\/\/www.tvturk.com\/index.php\/wp-json\/wp\/v2\/posts"}],"about":[{"href":"http:\/\/www.tvturk.com\/index.php\/wp-json\/wp\/v2\/types\/post"}],"author":[{"embeddable":true,"href":"http:\/\/www.tvturk.com\/index.php\/wp-json\/wp\/v2\/users\/1"}],"replies":[{"embeddable":true,"href":"http:\/\/www.tvturk.com\/index.php\/wp-json\/wp\/v2\/comments?post=188483"}],"version-history":[{"count":0,"href":"http:\/\/www.tvturk.com\/index.php\/wp-json\/wp\/v2\/posts\/188483\/revisions"}],"wp:featuredmedia":[{"embeddable":true,"href":"http:\/\/www.tvturk.com\/index.php\/wp-json\/wp\/v2\/media\/188484"}],"wp:attachment":[{"href":"http:\/\/www.tvturk.com\/index.php\/wp-json\/wp\/v2\/media?parent=188483"}],"wp:term":[{"taxonomy":"category","embeddable":true,"href":"http:\/\/www.tvturk.com\/index.php\/wp-json\/wp\/v2\/categories?post=188483"},{"taxonomy":"post_tag","embeddable":true,"href":"http:\/\/www.tvturk.com\/index.php\/wp-json\/wp\/v2\/tags?post=188483"}],"curies":[{"name":"wp","href":"https:\/\/api.w.org\/{rel}","templated":true}]}}