{"id":188510,"date":"2019-07-31T13:46:43","date_gmt":"2019-07-31T10:46:43","guid":{"rendered":"http:\/\/www.tvturk.com\/index.php\/dhmi-genel-mudurunden-tesekkur-mesaji\/"},"modified":"2019-07-31T13:46:43","modified_gmt":"2019-07-31T10:46:43","slug":"dhmi-genel-mudurunden-tesekkur-mesaji","status":"publish","type":"post","link":"http:\/\/www.tvturk.com\/index.php\/dhmi-genel-mudurunden-tesekkur-mesaji\/","title":{"rendered":"DHM\u0130 Genel M\u00fcd\u00fcr\u00fcnden te\u015fekk\u00fcr mesaj\u0131"},"content":{"rendered":"<p>Devlet Hava Meydanlar\u0131 \u0130\u015fletmesi (DHM\u0130) Y\u00f6netim Kurulu Ba\u015fkan\u0131 ve Genel M\u00fcd\u00fcrl\u00fc\u011f\u00fcne atanan H\u00fcseyin Keskin, sosyal medya hesab\u0131ndan te\u015fekk\u00fcr mesaj\u0131 yay\u0131mlad\u0131.<\/p>\n<p>Havac\u0131l\u0131k sekt\u00f6r\u00fcnde yapt\u0131\u011f\u0131 ba\u015far\u0131l\u0131 \u00e7al\u0131\u015fmalar\u0131n ard\u0131ndan, Devlet Hava Meydanlar\u0131 \u0130\u015fletmesi Y\u00f6netim Kurulu Ba\u015fkan\u0131 ve Genel M\u00fcd\u00fcrl\u00fc\u011f\u00fcne atanan H\u00fcseyin Keskin, sosyal medya hesab\u0131ndan te\u015fekk\u00fcr mesaj\u0131 yay\u0131mlad\u0131.<\/p>\n<p>T\u00fcrkiye\u2019nin  gurur kaynaklar\u0131ndan biri olan DHM\u0130\u2019ni daha iyi bir noktaya ta\u015f\u0131ma hedefiyle g\u00f6reve ba\u015flad\u0131\u011f\u0131n\u0131 s\u00f6yleyen Keskin, \u201cCumhurba\u015fkanl\u0131\u011f\u0131 Kararnamesi ile atand\u0131\u011f\u0131m Devlet Hava Meydanlar\u0131 \u0130\u015fletmesi Genel M\u00fcd\u00fcrl\u00fc\u011f\u00fc ve Y\u00f6netim Kurulu Ba\u015fkanl\u0131\u011f\u0131 g\u00f6revime, \u00fclkemizin gurur kaynaklar\u0131ndan biri olan kurulu\u015fumuzu daha iyi bir noktaya ta\u015f\u0131mak hedefiyle ba\u015flam\u0131\u015f bulunmaktay\u0131m. Allah utand\u0131rmas\u0131n. \u00dclkemiz havac\u0131l\u0131\u011f\u0131n\u0131 d\u00fcnyada ilk s\u0131ralara ta\u015f\u0131yan, g\u00f6rev ve sorumluluk almaktan onur duydu\u011fum \u0130stanbul Hava liman\u0131 projesinin ard\u0131ndan bu \u00f6nemli g\u00f6rev i\u00e7in \u015fahs\u0131m\u0131 lay\u0131k g\u00f6ren Cumhurba\u015fkan\u0131m\u0131za, g\u00f6revlendirme s\u00fcrecindeki destekleriyle beni bu g\u00f6reve haz\u0131rlayan aileme, t\u00fcm mesai arkada\u015flar\u0131ma ve t\u00fcm dostlar\u0131ma y\u00fcrekten te\u015fekk\u00fcr ediyorum\u201d dedi.<\/p>\n<p>Cumhurba\u015fkan\u0131 Recep Tayyip Erdo\u011fan ve Ula\u015ft\u0131rma ve Altyap\u0131 Bakanl\u0131\u011f\u0131n\u0131n havac\u0131l\u0131\u011fa b\u00fcy\u00fck destek vererek sekt\u00f6r\u00fcn \u00f6n\u00fcn\u00fc a\u00e7t\u0131\u011f\u0131n\u0131 kaydeden Keskin mesaj\u0131nda, \u201cBu d\u00f6nemde g\u00fczel \u00fclkemizin her b\u00f6lgesinde in\u015fa edilen yeni hava limanlar\u0131, terminal binalar\u0131, modern tesisleri ve i\u015fletme kalitesi d\u00fcnyadaki rakipleriyle yar\u0131\u015f\u0131yor, seyr\u00fcsefer kalitesi ve emniyetiyle her y\u0131l milyonlarca yolcuya hizmet sunuyor. Ba\u015far\u0131lar\u0131m\u0131za yeni ba\u015far\u0131lar ekleyecek b\u00fcy\u00fck projeleri in\u015fallah hep birlikte ger\u00e7ekle\u015ftirece\u011fiz\u201d ifadelerine yer verdi.<\/p>\n","protected":false},"excerpt":{"rendered":"<p>H\u00dcSEY\u0130N KESK\u0130N, SOSYAL MEDYA HESABINDAN TE\u015eEKK\u00dcR MESAJI YAYIMLADI.<\/p>\n","protected":false},"author":1,"featured_media":188511,"comment_status":"closed","ping_status":"open","sticky":false,"template":"","format":"standard","meta":{"jetpack_post_was_ever_published":false,"_jetpack_newsletter_access":"","_jetpack_dont_email_post_to_subs":false,"_jetpack_newsletter_tier_id":0,"_jetpack_memberships_contains_paywalled_content":false,"_jetpack_memberships_contains_paid_content":false,"footnotes":"","jetpack_publicize_message":"","jetpack_publicize_feature_enabled":true,"jetpack_social_post_already_shared":true,"jetpack_social_options":{"image_generator_settings":{"template":"highway","default_image_id":0,"font":"","enabled":false},"version":2}},"categories":[1],"tags":[37274,869,3121,1728,379],"class_list":["post-188510","post","type-post","status-publish","format-standard","has-post-thumbnail","hentry","category-genel","tag-dhmi","tag-genel","tag-mesaji","tag-mudurunden","tag-tesekkur"],"jetpack_publicize_connections":[],"jetpack_featured_media_url":"https:\/\/i0.wp.com\/www.tvturk.com\/wp-content\/uploads\/2019\/07\/dhmi-genel-mudurunden-tesekkur-mesaji_c545a9d.jpg?fit=1000%2C666","jetpack_sharing_enabled":true,"jetpack_shortlink":"https:\/\/wp.me\/paKIfm-N2u","_links":{"self":[{"href":"http:\/\/www.tvturk.com\/index.php\/wp-json\/wp\/v2\/posts\/188510","targetHints":{"allow":["GET"]}}],"collection":[{"href":"http:\/\/www.tvturk.com\/index.php\/wp-json\/wp\/v2\/posts"}],"about":[{"href":"http:\/\/www.tvturk.com\/index.php\/wp-json\/wp\/v2\/types\/post"}],"author":[{"embeddable":true,"href":"http:\/\/www.tvturk.com\/index.php\/wp-json\/wp\/v2\/users\/1"}],"replies":[{"embeddable":true,"href":"http:\/\/www.tvturk.com\/index.php\/wp-json\/wp\/v2\/comments?post=188510"}],"version-history":[{"count":0,"href":"http:\/\/www.tvturk.com\/index.php\/wp-json\/wp\/v2\/posts\/188510\/revisions"}],"wp:featuredmedia":[{"embeddable":true,"href":"http:\/\/www.tvturk.com\/index.php\/wp-json\/wp\/v2\/media\/188511"}],"wp:attachment":[{"href":"http:\/\/www.tvturk.com\/index.php\/wp-json\/wp\/v2\/media?parent=188510"}],"wp:term":[{"taxonomy":"category","embeddable":true,"href":"http:\/\/www.tvturk.com\/index.php\/wp-json\/wp\/v2\/categories?post=188510"},{"taxonomy":"post_tag","embeddable":true,"href":"http:\/\/www.tvturk.com\/index.php\/wp-json\/wp\/v2\/tags?post=188510"}],"curies":[{"name":"wp","href":"https:\/\/api.w.org\/{rel}","templated":true}]}}