{"id":188551,"date":"2019-07-31T14:32:11","date_gmt":"2019-07-31T11:32:11","guid":{"rendered":"http:\/\/www.tvturk.com\/index.php\/baskan-aktas-bursayi-ortak-akilla-yonetecegiz\/"},"modified":"2019-07-31T14:32:11","modified_gmt":"2019-07-31T11:32:11","slug":"baskan-aktas-bursayi-ortak-akilla-yonetecegiz","status":"publish","type":"post","link":"http:\/\/www.tvturk.com\/index.php\/baskan-aktas-bursayi-ortak-akilla-yonetecegiz\/","title":{"rendered":"Ba\u015fkan Akta\u015f: \u201cBursa\u2019y\u0131 ortak ak\u0131lla y\u00f6netece\u011fiz\u201d"},"content":{"rendered":"<p>Bursa B\u00fcy\u00fck\u015fehir Ba\u015fkan\u0131 Alinur Akta\u015f, 17 il\u00e7edeki muhtarlarla bir araya geldi. Ba\u015fkan Akta\u015f, \u201cOrtak akl\u0131 \u00f6nemseyen ve Bursa\u2019yla ilgili her ki\u015fi ve kurumlara \u00f6n yarg\u0131 olmad\u0131ktan sonra kap\u0131lar\u0131m\u0131z a\u00e7\u0131k\u201d diye konu\u015ftu.<\/p>\n<p>Bursa\u2019n\u0131n 17 il\u00e7esindeki mahalle muhtarlar\u0131yla bir araya gelen Bursa B\u00fcy\u00fck\u015fehir Belediye Ba\u015fkan\u0131 Alinur Akta\u015f, Bursa\u2019y\u0131 ortak ak\u0131lla y\u00f6netmek istediklerini s\u00f6yledi. Merinos Atat\u00fcrk Kongre ve K\u00fclt\u00fcr Merkezin\u2019de bini a\u015fk\u0131n muhtara hitap eden Ba\u015fkan Akta\u015f, \u201cBursa\u2019y\u0131 nas\u0131l daha ya\u015fanabilir hale getirebiliriz. Bursa\u2019y\u0131 nas\u0131l b\u00fct\u00fcn T\u00fcrkiye\u2019ye d\u00fcnyaya tan\u0131tabiliriz. Bursa\u2019n\u0131n ekonomik pastas\u0131n\u0131 b\u00fcy\u00fctebiliriz. Bursa\u2019y\u0131 ula\u015f\u0131mda nas\u0131l \u00f6nc\u00fc olabilir hale getirebiliriz. Bunun derdi ve hesab\u0131 i\u00e7erisinde oldu\u011fumuzu \u00f6zellikle bilmenizi istiyorum. Ortak akl\u0131 \u00f6nemseyen ve Bursa\u2019yla ilgili her ki\u015fi ve kurumlara \u00f6n yarg\u0131 olmad\u0131ktan sonra kap\u0131lar\u0131m\u0131z\u0131n a\u00e7\u0131k oldu\u011funu \u00f6zellikle belirtmek istiyorum\u201d dedi.<\/p>\n<p>\u201cB\u00fct\u00fcn il\u00e7e ve mahallelerimizi tek tek gezece\u011fiz\u201d<\/p>\n<p>Kurban bayram\u0131n\u0131n akabinde il\u00e7eleri ve mahalleleri ziyaret edeceklerini belirten Akta\u015f, \u201c17 il\u00e7emizi 3 ayl\u0131k s\u00fcre zarf\u0131nda komple tarayaca\u011f\u0131z. B\u00fct\u00fcn daire ba\u015fkanlar\u0131 ve ekibimizle birlikte il\u00e7elerimizle alakal\u0131 yol haritam\u0131z ne olacak? K\u0131sa ve uzun vadede neler yap\u0131lacak? Muhtar ve ba\u015fkanlarla birlikte isti\u015fareler sonunda ortaya koyaca\u011f\u0131z. Bursa\u2019n\u0131n mevcut sorunlar\u0131n\u0131n bertaraf etmeye \u00e7al\u0131\u015f\u0131rken, kendini geli\u015ftirmesi, yatayda b\u00fcy\u00fcmesi, Bursa\u2019n\u0131n g\u00f6r\u00fcnt\u00fcs\u00fcn\u00fc havas\u0131n\u0131 bozan binalardan ziyade, daha sa\u011fl\u0131kl\u0131 b\u00fcy\u00fcmek gerekiyor. \u015eehrin ayn\u0131 y\u00fcz \u00f6l\u00e7\u00fcm\u00fc i\u00e7erisinde bina katlar\u0131n\u0131n say\u0131s\u0131 y\u00fckseltilemez. \u00c7\u00fcnk\u00fc bu \u015fekilde ne alt yap\u0131 ne de trafik problemi biter\u201d \u015feklinde konu\u015ftu.<\/p>\n<p>\u201cElimizden geldi\u011fince her il\u00e7eye her mahalleye dokunuyoruz\u201d<\/p>\n<p>B\u00fct\u00fcn yasalar\u0131n il\u00e7e belediyelerinin de b\u00fcy\u00fck\u015fehir belediyelerinin de sorumluluk alanlar\u0131n\u0131 net bir \u015fekilde ortaya koydu\u011funu ifade eden Ba\u015fkan Akta\u015f, \u201cHamasi l\u00fctuflarla vakit ge\u00e7irecek de\u011filiz. Elektrik, okul, telefon benim i\u015fim de\u011fil diyemem. Bizim sorumlulu\u011fumuzda olmasa da bunlarla alakal\u0131 farkl\u0131 kurumlar\u0131 hareke ge\u00e7iriyoruz. Biz elimizin imkanlar verdi\u011fi do\u011frultuda, caminin avlusuna da, okulun bah\u00e7esine de, mahallemizin meydan\u0131na da dokunuyoruz. Ama bizim \u00f6zellikle yol ula\u015f\u0131m ve alt yap\u0131 ba\u015fta olmak \u00fczere \u015fehri makro d\u00fczeyde geli\u015ftirelim. Ana konular\u0131m\u0131za odaklanmal\u0131y\u0131z\u201d dedi.<\/p>\n<p>\u201cU\u00e7ak yak\u0131t ikmali yap\u0131yor havalanacak\u201d<\/p>\n<p>Rotas\u0131zl\u0131k ve hedefsizli\u011fin \u00e7ok zor bir durum oldu\u011funa de\u011finen Ba\u015fkan Akta\u015f, \u201cBenim yapt\u0131\u011f\u0131m se\u00e7im beyannamesi gibi muhtarlar\u0131m\u0131z\u0131n elinde de bir yol haritas\u0131 vard\u0131r. T\u00fcm hedefler ve sorunlar a\u015f\u0131lm\u0131\u015f olsa bile ba\u015fka sorunlar ve hedefler ortaya \u00e7\u0131k\u0131yor. \u015eehrimiz b\u00fcy\u00fcyor ve sanayile\u015fiyor. Sorunlar hi\u00e7bir zaman bitmeyecek. Bitmi\u015f olsayd\u0131 \u015fimdi ne vali, ne belediye ba\u015fkan\u0131 ne de muhtar olurdu. Yap\u0131lacak olan anket ve kamuoyu ara\u015ft\u0131rmas\u0131 \u00e7ok \u00f6nemli her muhtar\u0131m\u0131n bunlara kat\u0131lmas\u0131n\u0131 arz ediyorum. Ciddi bir s\u00fcrece girdik. U\u00e7ak \u015fu an yak\u0131t ikmali yap\u0131yor havalanacak. Herkesin elinin ta\u015f\u0131n alt\u0131na koymas\u0131 gerekiyor. Bana her zaman ula\u015famaya bilirsiniz. Ancak benim burada size do\u011fru ileti\u015fim kanallar\u0131n\u0131 sunmam gerekiyor. \u00c7\u00fcnk\u00fc 7 g\u00fcn 24 saat sorunlar\u0131n\u0131z\u0131 iletebilirsiniz. Her meslek grubunun ve g\u00f6rev grubunun irtibat kuraca\u011f\u0131 ba\u015fkan vekilleri olacak\u201d diye konu\u015ftu.<\/p>\n","protected":false},"excerpt":{"rendered":"<p>BURSA B\u00dcY\u00dcK\u015eEH\u0130R BA\u015eKANI AL\u0130NUR AKTA\u015e, \u201cORTAK AKLI \u00d6NEMSEYEN VE BURSA\u2019YLA \u0130LG\u0130L\u0130 HER K\u0130\u015e\u0130 VE KURUMLARA \u00d6N YARGI OLMADIKTAN SONRA KAPILARIMIZ A\u00c7IK\u201d D\u0130YE KONU\u015eTU.<\/p>\n","protected":false},"author":1,"featured_media":188552,"comment_status":"closed","ping_status":"open","sticky":false,"template":"","format":"standard","meta":{"jetpack_post_was_ever_published":false,"_jetpack_newsletter_access":"","_jetpack_dont_email_post_to_subs":false,"_jetpack_newsletter_tier_id":0,"_jetpack_memberships_contains_paywalled_content":false,"_jetpack_memberships_contains_paid_content":false,"footnotes":"","jetpack_publicize_message":"","jetpack_publicize_feature_enabled":true,"jetpack_social_post_already_shared":true,"jetpack_social_options":{"image_generator_settings":{"template":"highway","default_image_id":0,"font":"","enabled":false},"version":2}},"categories":[1],"tags":[14800,2369,100,9403,947,4437],"class_list":["post-188551","post","type-post","status-publish","format-standard","has-post-thumbnail","hentry","category-genel","tag-akilla","tag-aktas","tag-baskan","tag-bursayi","tag-ortak","tag-yonetecegiz"],"jetpack_publicize_connections":[],"jetpack_featured_media_url":"https:\/\/i0.wp.com\/www.tvturk.com\/wp-content\/uploads\/2019\/07\/baskan-aktas-bursayi-ortak-akilla-yonetecegiz_121cd9c.jpg?fit=1000%2C562","jetpack_sharing_enabled":true,"jetpack_shortlink":"https:\/\/wp.me\/paKIfm-N39","_links":{"self":[{"href":"http:\/\/www.tvturk.com\/index.php\/wp-json\/wp\/v2\/posts\/188551","targetHints":{"allow":["GET"]}}],"collection":[{"href":"http:\/\/www.tvturk.com\/index.php\/wp-json\/wp\/v2\/posts"}],"about":[{"href":"http:\/\/www.tvturk.com\/index.php\/wp-json\/wp\/v2\/types\/post"}],"author":[{"embeddable":true,"href":"http:\/\/www.tvturk.com\/index.php\/wp-json\/wp\/v2\/users\/1"}],"replies":[{"embeddable":true,"href":"http:\/\/www.tvturk.com\/index.php\/wp-json\/wp\/v2\/comments?post=188551"}],"version-history":[{"count":0,"href":"http:\/\/www.tvturk.com\/index.php\/wp-json\/wp\/v2\/posts\/188551\/revisions"}],"wp:featuredmedia":[{"embeddable":true,"href":"http:\/\/www.tvturk.com\/index.php\/wp-json\/wp\/v2\/media\/188552"}],"wp:attachment":[{"href":"http:\/\/www.tvturk.com\/index.php\/wp-json\/wp\/v2\/media?parent=188551"}],"wp:term":[{"taxonomy":"category","embeddable":true,"href":"http:\/\/www.tvturk.com\/index.php\/wp-json\/wp\/v2\/categories?post=188551"},{"taxonomy":"post_tag","embeddable":true,"href":"http:\/\/www.tvturk.com\/index.php\/wp-json\/wp\/v2\/tags?post=188551"}],"curies":[{"name":"wp","href":"https:\/\/api.w.org\/{rel}","templated":true}]}}