{"id":188573,"date":"2019-07-31T15:16:42","date_gmt":"2019-07-31T12:16:42","guid":{"rendered":"http:\/\/www.tvturk.com\/index.php\/osmangaziden-vatandasa-kapi-kapi-hizmet\/"},"modified":"2019-07-31T15:16:42","modified_gmt":"2019-07-31T12:16:42","slug":"osmangaziden-vatandasa-kapi-kapi-hizmet","status":"publish","type":"post","link":"http:\/\/www.tvturk.com\/index.php\/osmangaziden-vatandasa-kapi-kapi-hizmet\/","title":{"rendered":"Osmangazi\u2019den vatanda\u015fa kap\u0131 kap\u0131 hizmet"},"content":{"rendered":"<p>Osmangazi Belediyesi\u2019nin hayata ge\u00e7irdi\u011fi \u00f6rnek sosyal sorumluluk projesi \u201cBelediyem Benimle\u201d, il\u00e7edeki ihtiya\u00e7 sahibi vatanda\u015flar\u0131n y\u00fcz\u00fcn\u00fc g\u00fcld\u00fcr\u00fcyor.<\/p>\n<p>Geli\u015ftirdi\u011fi sosyal belediyecilik projeleriyle bir\u00e7ok yerel y\u00f6netim taraf\u0131ndan \u00f6rnek al\u0131nan Osmangazi Belediyesi, Belediyem Benimle projesi ile hizmet vermeye devam ediyor. Vatanda\u015flar\u0131n ihtiya\u00e7lar\u0131n\u0131n takibini yapmak ve gerekli tedbirlerin ilk elden al\u0131nmas\u0131 maksad\u0131yla kurulan ekip, mahalleleri tek tek gezerek kap\u0131lar\u0131 \u00e7al\u0131yor. Vatanda\u015flar\u0131n ekonomik ve sosyal hayat standartlar\u0131 ile ilgili de\u011ferlendirme yapan Belediyem Benimle ekibi, yap\u0131lan de\u011ferlendirmenin ard\u0131ndan ihtiya\u00e7 sahiplerine erzak, giyecek, yakacak, ev e\u015fyas\u0131 ve medikal malzeme gibi bir\u00e7ok konuda yard\u0131mc\u0131 oluyor. Ayn\u0131 zamanda belediyenin g\u00f6rev alan\u0131 d\u0131\u015f\u0131nda kalan konularla vatanda\u015f\u0131 bilgilendiren Osmangazi Belediyesi, ki\u015filerin ilgili kurumlara ula\u015fmas\u0131na destek sa\u011fl\u0131yor.<\/p>\n<p>Projeyi \u00f6ncelikli olarak ya\u015fl\u0131, hasta ve \u00e7ocuklar\u0131n ihtiya\u00e7lar\u0131 gidermek i\u00e7in hayata ge\u00e7irdiklerini belirten Osmangazi Belediye Ba\u015fkan\u0131 Mustafa D\u00fcndar, \u201cBelediyem Benimle projesi ile sosyal yard\u0131mla\u015fma duygusunu yayg\u0131nla\u015ft\u0131rmak, payla\u015f\u0131m\u0131 artt\u0131rmak, toplumsal, ahl\u00e2k\u00ee ve sosyal geli\u015fimi desteklemeyi hedefledik. Bu hedef do\u011frultusunda y\u00fcr\u00fctt\u00fc\u011f\u00fcm\u00fcz \u00e7al\u0131\u015fmalar, vatanda\u015flar\u0131m\u0131z taraf\u0131ndan da b\u00fcy\u00fck takdir g\u00f6r\u00fcyor. Kimsenin a\u00e7\u0131kta kalmad\u0131\u011f\u0131, insanlar\u0131n bar\u0131\u015f, dostluk, huzur ve g\u00fcven i\u00e7erisinde ya\u015fad\u0131\u011f\u0131, dayan\u0131\u015fma duygular\u0131n\u0131n \u00f6n plana \u00e7\u0131kt\u0131\u011f\u0131 bir Osmangazi olana kadar, \u00e7al\u0131\u015fmalar\u0131m\u0131z\u0131 s\u00fcrd\u00fcrece\u011fiz\u201d dedi.<\/p>\n","protected":false},"excerpt":{"rendered":"<p>OSMANGAZ\u0130 BELED\u0130YES\u0130\u2019N\u0130N HAYATA GE\u00c7\u0130RD\u0130\u011e\u0130 \u00d6RNEK SOSYAL SORUMLULUK PROJES\u0130 \u201cBELED\u0130YEM BEN\u0130MLE\u201d, \u0130L\u00c7EDEK\u0130 \u0130HT\u0130YA\u00c7 SAH\u0130B\u0130 VATANDA\u015eLARIN Y\u00dcZ\u00dcN\u00dc G\u00dcLD\u00dcR\u00dcYOR.<\/p>\n","protected":false},"author":1,"featured_media":188574,"comment_status":"closed","ping_status":"open","sticky":false,"template":"","format":"standard","meta":{"jetpack_post_was_ever_published":false,"_jetpack_newsletter_access":"","_jetpack_dont_email_post_to_subs":false,"_jetpack_newsletter_tier_id":0,"_jetpack_memberships_contains_paywalled_content":false,"_jetpack_memberships_contains_paid_content":false,"footnotes":"","jetpack_publicize_message":"","jetpack_publicize_feature_enabled":true,"jetpack_social_post_already_shared":true,"jetpack_social_options":{"image_generator_settings":{"template":"highway","default_image_id":0,"font":"","enabled":false},"version":2}},"categories":[1],"tags":[122,3110,9140,4417],"class_list":["post-188573","post","type-post","status-publish","format-standard","has-post-thumbnail","hentry","category-genel","tag-hizmet","tag-kapi","tag-osmangaziden","tag-vatandasa"],"jetpack_publicize_connections":[],"jetpack_featured_media_url":"https:\/\/i0.wp.com\/www.tvturk.com\/wp-content\/uploads\/2019\/07\/osmangaziden-vatandasa-kapi-kapi-hizmet_0c6d175.jpg?fit=1000%2C674","jetpack_sharing_enabled":true,"jetpack_shortlink":"https:\/\/wp.me\/paKIfm-N3v","_links":{"self":[{"href":"http:\/\/www.tvturk.com\/index.php\/wp-json\/wp\/v2\/posts\/188573","targetHints":{"allow":["GET"]}}],"collection":[{"href":"http:\/\/www.tvturk.com\/index.php\/wp-json\/wp\/v2\/posts"}],"about":[{"href":"http:\/\/www.tvturk.com\/index.php\/wp-json\/wp\/v2\/types\/post"}],"author":[{"embeddable":true,"href":"http:\/\/www.tvturk.com\/index.php\/wp-json\/wp\/v2\/users\/1"}],"replies":[{"embeddable":true,"href":"http:\/\/www.tvturk.com\/index.php\/wp-json\/wp\/v2\/comments?post=188573"}],"version-history":[{"count":0,"href":"http:\/\/www.tvturk.com\/index.php\/wp-json\/wp\/v2\/posts\/188573\/revisions"}],"wp:featuredmedia":[{"embeddable":true,"href":"http:\/\/www.tvturk.com\/index.php\/wp-json\/wp\/v2\/media\/188574"}],"wp:attachment":[{"href":"http:\/\/www.tvturk.com\/index.php\/wp-json\/wp\/v2\/media?parent=188573"}],"wp:term":[{"taxonomy":"category","embeddable":true,"href":"http:\/\/www.tvturk.com\/index.php\/wp-json\/wp\/v2\/categories?post=188573"},{"taxonomy":"post_tag","embeddable":true,"href":"http:\/\/www.tvturk.com\/index.php\/wp-json\/wp\/v2\/tags?post=188573"}],"curies":[{"name":"wp","href":"https:\/\/api.w.org\/{rel}","templated":true}]}}