{"id":188577,"date":"2019-07-31T15:16:55","date_gmt":"2019-07-31T12:16:55","guid":{"rendered":"http:\/\/www.tvturk.com\/index.php\/bolge-halki-isyan-etti-zehirleniyoruz\/"},"modified":"2019-07-31T15:16:55","modified_gmt":"2019-07-31T12:16:55","slug":"bolge-halki-isyan-etti-zehirleniyoruz","status":"publish","type":"post","link":"http:\/\/www.tvturk.com\/index.php\/bolge-halki-isyan-etti-zehirleniyoruz\/","title":{"rendered":"B\u00f6lge halk\u0131 isyan etti: &#8220;Zehirleniyoruz&#8221;"},"content":{"rendered":"<p>Tekirda\u011f\u2019da bir mahalleden akan dereye fabrikalar taraf\u0131ndan kimyasal at\u0131k bo\u015falt\u0131ld\u0131. Rengi mavi-ye\u015file d\u00f6nen derenin etraf\u0131nda ya\u015fayan mahalle sakinleri, duruma tepki g\u00f6stererek yetkililere seslendi.<\/p>\n<p>Tekirda\u011f\u2019\u0131n Kapakl\u0131 il\u00e7esinden ge\u00e7en Karaa\u011fa\u00e7 Deresi\u2019nin mavi ve ye\u015fil tonlarda akmas\u0131 sonucu \u00e7evredeki vatanda\u015flar\u0131 tedirgin etti. Bilgi verilmesi \u00fczerine olay yerine Tekirda\u011f \u00c7evre ve \u015eehircilik \u0130l M\u00fcd\u00fcrl\u00fc\u011f\u00fc ekipleri g\u00f6nderilerek dereden numune al\u0131nd\u0131. Numune al\u0131nmas\u0131n\u0131n ard\u0131ndan mavi ve ye\u015fil tonlarda ak\u0131nt\u0131n\u0131n nedeni incelendi. Derede inceleme ve ara\u015ft\u0131rma sonucunda mavi ve ye\u015fil rengin nedeninin boya i\u015fletmesi oldu\u011fu belirlendi.<\/p>\n<p>&#8220;S\u00fcrekli rengarenk sular g\u00f6r\u00fcyoruz\u2019\u2019<\/p>\n<p>Civar halk\u0131 ise b\u00f6lgede bu tip sorunlar\u0131n s\u0131kl\u0131kla ya\u015fand\u0131\u011f\u0131n\u0131 kaydetti. 2014 y\u0131l\u0131nda mahallede muhtarl\u0131k yapm\u0131\u015f olan Kapakl\u0131 Belediye Meclis \u00dcyesi \u00d6zg\u00fcr Cengiz, &#8220;Eskiden bu b\u00f6lgede derenin \u0131slah\u0131 konusunda sorun ya\u015f\u0131yorduk. Sonra diledi\u011fimiz yat\u0131r\u0131ma 2014 y\u0131l\u0131nda kavu\u015ftuk ve kamuoyu olarak \u2018Burada temiz su g\u00f6rece\u011fiz\u2019 diye d\u00fc\u015f\u00fcnm\u00fc\u015ft\u00fck. Fakat s\u00fcre\u00e7 \u00f6yle geli\u015fmedi. S\u00fcrekli burada rengarenk sular g\u00f6rmeye ba\u015flad\u0131k. D\u00fcn de bunun bir \u00f6rne\u011fini ya\u015fad\u0131k. Konuyla ilgili \u00c7evre ve \u015eehircilik \u0130l M\u00fcd\u00fcrl\u00fc\u011f\u00fc ile g\u00f6r\u00fc\u015ft\u00fck ve d\u00fcn gece ge\u00e7 saatlere kadar buradayd\u0131k. \u015e\u00fck\u00fcrler olsun bu kez konunun kayna\u011f\u0131n\u0131 bulduk&#8221; dedi.<\/p>\n<p>\u2018\u2019Ellerini vicdanlar\u0131na koysunlar\u2019\u2019<\/p>\n<p>Mahallenin bir di\u011fer temsilcisi olan Kapakl\u0131 Belediye Meclis \u00dcyesi Metin Kanat ise, &#8220;Bu mahallenin kanayan yaras\u0131 bu sorun. Sanayi b\u00f6lgesinde ya\u015f\u0131yoruz ve bu firmalar nihayetinde burada insanlara ekmek veriyor. Hepsi i\u00e7in konu\u015fmuyoruz ama bu dereye kimyasal\u0131 b\u0131rakan firmalar i\u00e7in konu\u015fuyoruz. Ellerini vicdanlar\u0131na koysunlar. G\u00f6r\u00fcyorsunuz derenin hemen kenar\u0131nda insanlar ya\u015f\u0131yor. Bu kimyasallar\u0131 buraya b\u0131rakarak insan sa\u011fl\u0131\u011f\u0131na zarar veriyorlar. Zehirleniyoruz&#8221; diyerek tepkisini dile getirdi.<\/p>\n<p>144 bin 394 lira idari para cezas\u0131 uyguland\u0131<\/p>\n<p>Deredeki suyun kimyasal at\u0131klarla kirletildi\u011fini belirleyen \u00c7evre ve \u015eehircilik \u0130l M\u00fcd\u00fcrl\u00fc\u011f\u00fc, al\u0131nan numuneler \u0131\u015f\u0131\u011f\u0131nda sorumlu fabrikay\u0131 tespit etti. S\u00f6z konusu i\u015fletmeye i\u015fletmeye 144 bin 394 TL idari para cezas\u0131 uyguland\u0131. Konuyla ilgili yap\u0131lan a\u00e7\u0131klamada, &#8220;S\u00f6z konusu ya\u011fmur suyu kanal\u0131n\u0131n takip edilerek incelenmesi sonucunda mavi renkli at\u0131ksuyunu ya\u011fmur hatt\u0131na de\u015farj eden ve boya \u00fcretimi konusunda faaliyet g\u00f6steren bir i\u015fletmenin kirlilik kayna\u011f\u0131 oldu\u011fu tespit edilmi\u015ftir. S\u00f6z konusu i\u015fletmeye ait ya\u011fmur suyu kanal\u0131 ile \u00c7erkezk\u00f6y Organize Sanayi B\u00f6lgesine ait ya\u011fmur suyu hatt\u0131n\u0131n Karaa\u011fa\u00e7 Deresine \u00e7\u0131k\u0131\u015f noktas\u0131ndan at\u0131ksu numuneleri al\u0131nm\u0131\u015f ve analiz edilmek \u00fczere yetkilendirilmi\u015f laboratuvara g\u00f6nderilmi\u015ftir. S\u00f6z konusu i\u015fletmenin faaliyetinin durdurulmas\u0131na y\u00f6nelik idari yapt\u0131r\u0131m karar\u0131 al\u0131nm\u0131\u015f olup, al\u0131nan at\u0131ksu numunelerinin analiz sonu\u00e7lar\u0131na g\u00f6re 2872 say\u0131l\u0131 \u00c7evre Kanunu h\u00fck\u00fcmlerine do\u011frultusunda ayr\u0131ca i\u015flem yap\u0131lacakt\u0131r\u201d ifadelerine yer verildi.<\/p>\n","protected":false},"excerpt":{"rendered":"<p>TEK\u0130RDA\u011e\u2019DA B\u0130R MAHALLEDEN AKAN DEREYE FABR\u0130KALAR TARAFINDAN K\u0130MYASAL ATIK BO\u015eALTILDI. RENG\u0130 MAV\u0130-YE\u015e\u0130LE D\u00d6NEN DEREN\u0130N ETRAFINDA YA\u015eAYAN MAHALLE SAK\u0130NLER\u0130, DURUMA TEPK\u0130 G\u00d6STEREREK YETK\u0130L\u0130LERE SESLEND\u0130.<\/p>\n","protected":false},"author":1,"featured_media":188578,"comment_status":"closed","ping_status":"open","sticky":false,"template":"","format":"standard","meta":{"jetpack_post_was_ever_published":false,"_jetpack_newsletter_access":"","_jetpack_dont_email_post_to_subs":false,"_jetpack_newsletter_tier_id":0,"_jetpack_memberships_contains_paywalled_content":false,"_jetpack_memberships_contains_paid_content":false,"footnotes":"","jetpack_publicize_message":"","jetpack_publicize_feature_enabled":true,"jetpack_social_post_already_shared":true,"jetpack_social_options":{"image_generator_settings":{"template":"highway","default_image_id":0,"font":"","enabled":false},"version":2}},"categories":[1],"tags":[47007,1172,207,3154,5623],"class_list":["post-188577","post","type-post","status-publish","format-standard","has-post-thumbnail","hentry","category-genel","tag-zehirleniyoruz","tag-bolge","tag-etti","tag-halki","tag-isyan"],"jetpack_publicize_connections":[],"jetpack_featured_media_url":"https:\/\/i0.wp.com\/www.tvturk.com\/wp-content\/uploads\/2019\/07\/bolge-halki-isyan-etti-zehirleniyoruz_8d6a2e2.jpg?fit=1000%2C666","jetpack_sharing_enabled":true,"jetpack_shortlink":"https:\/\/wp.me\/paKIfm-N3z","_links":{"self":[{"href":"http:\/\/www.tvturk.com\/index.php\/wp-json\/wp\/v2\/posts\/188577","targetHints":{"allow":["GET"]}}],"collection":[{"href":"http:\/\/www.tvturk.com\/index.php\/wp-json\/wp\/v2\/posts"}],"about":[{"href":"http:\/\/www.tvturk.com\/index.php\/wp-json\/wp\/v2\/types\/post"}],"author":[{"embeddable":true,"href":"http:\/\/www.tvturk.com\/index.php\/wp-json\/wp\/v2\/users\/1"}],"replies":[{"embeddable":true,"href":"http:\/\/www.tvturk.com\/index.php\/wp-json\/wp\/v2\/comments?post=188577"}],"version-history":[{"count":0,"href":"http:\/\/www.tvturk.com\/index.php\/wp-json\/wp\/v2\/posts\/188577\/revisions"}],"wp:featuredmedia":[{"embeddable":true,"href":"http:\/\/www.tvturk.com\/index.php\/wp-json\/wp\/v2\/media\/188578"}],"wp:attachment":[{"href":"http:\/\/www.tvturk.com\/index.php\/wp-json\/wp\/v2\/media?parent=188577"}],"wp:term":[{"taxonomy":"category","embeddable":true,"href":"http:\/\/www.tvturk.com\/index.php\/wp-json\/wp\/v2\/categories?post=188577"},{"taxonomy":"post_tag","embeddable":true,"href":"http:\/\/www.tvturk.com\/index.php\/wp-json\/wp\/v2\/tags?post=188577"}],"curies":[{"name":"wp","href":"https:\/\/api.w.org\/{rel}","templated":true}]}}