{"id":188581,"date":"2019-07-31T15:17:25","date_gmt":"2019-07-31T12:17:25","guid":{"rendered":"http:\/\/www.tvturk.com\/index.php\/galatasarayin-yeni-transferi-emre-mor\/"},"modified":"2019-07-31T15:17:25","modified_gmt":"2019-07-31T12:17:25","slug":"galatasarayin-yeni-transferi-emre-mor","status":"publish","type":"post","link":"http:\/\/www.tvturk.com\/index.php\/galatasarayin-yeni-transferi-emre-mor\/","title":{"rendered":"Galatasaray\u2019\u0131n yeni transferi: Emre Mor"},"content":{"rendered":"<p>Galatasaray\u2019\u0131n kiral\u0131k olarak kadrosuna katt\u0131\u011f\u0131 gen\u00e7 futbolcu Emre Mor, kariyerinde Nordsjaelland, Borussia Dortmund ve Celta Vigo\u2019da toplam 72 resmi ma\u00e7a \u00e7\u0131kt\u0131 ve 4 gol, 8 asist ile m\u00fccadele etti. 15 kez de A Milli Futbol Tak\u0131m\u0131 formas\u0131 giyen Emre 1 kez gol sevinci ya\u015fad\u0131.<\/p>\n<p>Galatasaray, \u0130spanya\u2019n\u0131n Celta Vigo ekibinde forma giyen milli futbolcu Emre Mor\u2019da mutlu sona ula\u015ft\u0131. Yaz transfer d\u00f6neminde yo\u011fun bir \u015fekilde bu transferi bitirmeye \u00e7al\u0131\u015fan sar\u0131-k\u0131rm\u0131z\u0131l\u0131lar, Emre\u2019nin transferini Kamuyu Ayd\u0131nlatma Platformu\u2019na bildirdi. Aslan, 22 ya\u015f\u0131ndaki futbolcuyu kiral\u0131k olarak kadrosuna dahil etti.<\/p>\n<p>Emre Mor kimdir?<\/p>\n<p>Galatasaray\u2019\u0131n yeni transferi Emre Mor, Danimarka\u2019da do\u011fdu ve futbol hayat\u0131na burada ba\u015flad\u0131. Emre, 2015-2016 sezonunda Nordsjaelland FC\u2019de oynarken o d\u00f6nem A Milli Futbol Tak\u0131m\u0131 Teknik Direkt\u00f6r\u00fc olan Fatih Terim taraf\u0131ndan 2016 Avrupa Futbol \u015eampiyonas\u0131 kadrosuna al\u0131nd\u0131 ve ad\u0131ndan s\u00f6z ettirmeyi ba\u015fard\u0131. 2016 yaz transfer d\u00f6neminde Almanya\u2019n\u0131n Borussia Dortmund ekibine transfer olan gen\u00e7 futbolcu, 2016 yaz ay\u0131nda da \u0130spanyol Celta Vigo tak\u0131ma ge\u00e7ti. Ge\u00e7ti\u011fimiz sezon bir\u00e7ok kez kadro d\u0131\u015f\u0131 kalan Emre sadece 12 resmi ma\u00e7ta s\u00fcre alabildi.<\/p>\n<p>Emre Mor, 15 kez A Milli Futbol Tak\u0131m\u0131\u2019n\u0131n formas\u0131n\u0131 giydi ve 1 kez rakip fileleri havaland\u0131rmay\u0131 ba\u015fard\u0131.<\/p>\n<p>Galatasaray\u2019\u0131n yeni transferi 22 ya\u015f\u0131ndaki futbolcu Emre Mor\u2019un kariyeri \u015f\u00f6yle:<\/p>\n<p>2015-2016 Nordsjaelland: 13 ma\u00e7 2 gol, 2 asist<\/p>\n<p>2016-2017 Borussia Dortmund: 19 ma\u00e7 1 gol, 3 asist<\/p>\n<p>2017-2018 Celta Vigo: 28 ma\u00e7 1 gol, 3 asist<\/p>\n<p>2018-2019 Celta Vigo: 12 ma\u00e7<\/p>\n<p>A Milli Tak\u0131m: 15 ma\u00e7 1 gol (Moldova\u2019ya kar\u015f\u0131 )<\/p>\n","protected":false},"excerpt":{"rendered":"<p>GALATASARAY&#8217;IN K\u0130RALIK OLARAK KADROSUNA KATTI\u011eI GEN\u00c7 FUTBOLCU EMRE MOR, KAR\u0130YER\u0130NDE NORDSJAELLAND, BORUSS\u0130A DORTMUND VE CELTA V\u0130GO&#8217;DA TOPLAM 72 RESM\u0130 MA\u00c7A \u00c7IKTI VE 4 GOL, 8 AS\u0130ST \u0130LE M\u00dcCADELE ETT\u0130. 15 KEZ DE A M\u0130LL\u0130 FUTBOL TAKIMI FORMASI G\u0130YEN EMRE 1 KEZ GOL SEV\u0130NC\u0130 YA\u015eADI.<\/p>\n","protected":false},"author":1,"featured_media":188582,"comment_status":"closed","ping_status":"open","sticky":false,"template":"","format":"standard","meta":{"jetpack_post_was_ever_published":false,"_jetpack_newsletter_access":"","_jetpack_dont_email_post_to_subs":false,"_jetpack_newsletter_tier_id":0,"_jetpack_memberships_contains_paywalled_content":false,"_jetpack_memberships_contains_paid_content":false,"footnotes":"","jetpack_publicize_message":"","jetpack_publicize_feature_enabled":true,"jetpack_social_post_already_shared":true,"jetpack_social_options":{"image_generator_settings":{"template":"highway","default_image_id":0,"font":"","enabled":false},"version":2}},"categories":[657],"tags":[6360,17835,9982,18554,87],"class_list":["post-188581","post","type-post","status-publish","format-standard","has-post-thumbnail","hentry","category-spor","tag-emre","tag-galatasarayin","tag-mor","tag-transferi","tag-yeni"],"jetpack_publicize_connections":[],"jetpack_featured_media_url":"https:\/\/i0.wp.com\/www.tvturk.com\/wp-content\/uploads\/2019\/07\/galatasarayin-yeni-transferi-emre-mor_587afda.jpg?fit=768%2C1000","jetpack_sharing_enabled":true,"jetpack_shortlink":"https:\/\/wp.me\/paKIfm-N3D","_links":{"self":[{"href":"http:\/\/www.tvturk.com\/index.php\/wp-json\/wp\/v2\/posts\/188581","targetHints":{"allow":["GET"]}}],"collection":[{"href":"http:\/\/www.tvturk.com\/index.php\/wp-json\/wp\/v2\/posts"}],"about":[{"href":"http:\/\/www.tvturk.com\/index.php\/wp-json\/wp\/v2\/types\/post"}],"author":[{"embeddable":true,"href":"http:\/\/www.tvturk.com\/index.php\/wp-json\/wp\/v2\/users\/1"}],"replies":[{"embeddable":true,"href":"http:\/\/www.tvturk.com\/index.php\/wp-json\/wp\/v2\/comments?post=188581"}],"version-history":[{"count":0,"href":"http:\/\/www.tvturk.com\/index.php\/wp-json\/wp\/v2\/posts\/188581\/revisions"}],"wp:featuredmedia":[{"embeddable":true,"href":"http:\/\/www.tvturk.com\/index.php\/wp-json\/wp\/v2\/media\/188582"}],"wp:attachment":[{"href":"http:\/\/www.tvturk.com\/index.php\/wp-json\/wp\/v2\/media?parent=188581"}],"wp:term":[{"taxonomy":"category","embeddable":true,"href":"http:\/\/www.tvturk.com\/index.php\/wp-json\/wp\/v2\/categories?post=188581"},{"taxonomy":"post_tag","embeddable":true,"href":"http:\/\/www.tvturk.com\/index.php\/wp-json\/wp\/v2\/tags?post=188581"}],"curies":[{"name":"wp","href":"https:\/\/api.w.org\/{rel}","templated":true}]}}