{"id":188583,"date":"2019-07-31T15:17:29","date_gmt":"2019-07-31T12:17:29","guid":{"rendered":"http:\/\/www.tvturk.com\/index.php\/emre-mordan-galatasaray-paylasimi\/"},"modified":"2019-07-31T15:17:29","modified_gmt":"2019-07-31T12:17:29","slug":"emre-mordan-galatasaray-paylasimi","status":"publish","type":"post","link":"http:\/\/www.tvturk.com\/index.php\/emre-mordan-galatasaray-paylasimi\/","title":{"rendered":"Emre Mor\u2019dan Galatasaray payla\u015f\u0131m\u0131"},"content":{"rendered":"<p>Galatasaray\u2019\u0131n kiral\u0131k olarak Celta Vigo\u2019dan kadrosuna katt\u0131\u011f\u0131 Emre Mor yola \u00e7\u0131kt\u0131, \u0130stanbul\u2019a geliyor.<\/p>\n<p>Galatasaray\u2019\u0131n \u0130spanyol ekibi Celta Vigo\u2019dan 1 y\u0131ll\u0131\u011f\u0131na kiralad\u0131\u011f\u0131 22 ya\u015f\u0131ndaki orta saha oyuncusu Emre Mor, \u0130stanbul\u2019a gelmek \u00fczere yola \u00e7\u0131kt\u0131. Sosyal medya hesab\u0131ndan u\u00e7akta pasaportu ile foto\u011fraf\u0131n\u0131 payla\u015fan gen\u00e7 futbolcu, &#8220;Yak\u0131nda g\u00f6r\u00fc\u015fmek \u00fczere Galatasaray. \u0130stanbul\u2019a do\u011fru&#8221; notunu d\u00fc\u015ft\u00fc. Ayn\u0131 dakikalarda sar\u0131-k\u0131rm\u0131z\u0131l\u0131 kul\u00fcp futbolcunun transferini resmi olarak KAP\u2019a bildirdi.<\/p>\n","protected":false},"excerpt":{"rendered":"<p>GALATASARAY&#8217;IN K\u0130RALIK OLARAK CELTA V\u0130GO&#8217;DAN KADROSUNA KATTI\u011eI EMRE MOR YOLA \u00c7IKTI, \u0130STANBUL&#8217;A GEL\u0130YOR.<\/p>\n","protected":false},"author":1,"featured_media":188584,"comment_status":"closed","ping_status":"open","sticky":false,"template":"","format":"standard","meta":{"jetpack_post_was_ever_published":false,"_jetpack_newsletter_access":"","_jetpack_dont_email_post_to_subs":false,"_jetpack_newsletter_tier_id":0,"_jetpack_memberships_contains_paywalled_content":false,"_jetpack_memberships_contains_paid_content":false,"footnotes":"","jetpack_publicize_message":"","jetpack_publicize_feature_enabled":true,"jetpack_social_post_already_shared":true,"jetpack_social_options":{"image_generator_settings":{"template":"highway","default_image_id":0,"font":"","enabled":false},"version":2}},"categories":[657],"tags":[6360,1976,47008,17014],"class_list":["post-188583","post","type-post","status-publish","format-standard","has-post-thumbnail","hentry","category-spor","tag-emre","tag-galatasaray","tag-mordan","tag-paylasimi"],"jetpack_publicize_connections":[],"jetpack_featured_media_url":"https:\/\/i0.wp.com\/www.tvturk.com\/wp-content\/uploads\/2019\/07\/emre-mordan-galatasaray-paylasimi_fdd1f79.jpg?fit=673%2C1000","jetpack_sharing_enabled":true,"jetpack_shortlink":"https:\/\/wp.me\/paKIfm-N3F","_links":{"self":[{"href":"http:\/\/www.tvturk.com\/index.php\/wp-json\/wp\/v2\/posts\/188583","targetHints":{"allow":["GET"]}}],"collection":[{"href":"http:\/\/www.tvturk.com\/index.php\/wp-json\/wp\/v2\/posts"}],"about":[{"href":"http:\/\/www.tvturk.com\/index.php\/wp-json\/wp\/v2\/types\/post"}],"author":[{"embeddable":true,"href":"http:\/\/www.tvturk.com\/index.php\/wp-json\/wp\/v2\/users\/1"}],"replies":[{"embeddable":true,"href":"http:\/\/www.tvturk.com\/index.php\/wp-json\/wp\/v2\/comments?post=188583"}],"version-history":[{"count":0,"href":"http:\/\/www.tvturk.com\/index.php\/wp-json\/wp\/v2\/posts\/188583\/revisions"}],"wp:featuredmedia":[{"embeddable":true,"href":"http:\/\/www.tvturk.com\/index.php\/wp-json\/wp\/v2\/media\/188584"}],"wp:attachment":[{"href":"http:\/\/www.tvturk.com\/index.php\/wp-json\/wp\/v2\/media?parent=188583"}],"wp:term":[{"taxonomy":"category","embeddable":true,"href":"http:\/\/www.tvturk.com\/index.php\/wp-json\/wp\/v2\/categories?post=188583"},{"taxonomy":"post_tag","embeddable":true,"href":"http:\/\/www.tvturk.com\/index.php\/wp-json\/wp\/v2\/tags?post=188583"}],"curies":[{"name":"wp","href":"https:\/\/api.w.org\/{rel}","templated":true}]}}