{"id":188593,"date":"2019-07-31T15:32:06","date_gmt":"2019-07-31T12:32:06","guid":{"rendered":"http:\/\/www.tvturk.com\/index.php\/tarlada-calisan-iscilerin-kaymakam-saskinligi\/"},"modified":"2019-07-31T15:32:06","modified_gmt":"2019-07-31T12:32:06","slug":"tarlada-calisan-iscilerin-kaymakam-saskinligi","status":"publish","type":"post","link":"http:\/\/www.tvturk.com\/index.php\/tarlada-calisan-iscilerin-kaymakam-saskinligi\/","title":{"rendered":"Tarlada \u00e7al\u0131\u015fan i\u015f\u00e7ilerin kaymakam \u015fa\u015fk\u0131nl\u0131\u011f\u0131"},"content":{"rendered":"<p>\u0130zmir\u2019in Tire il\u00e7esinde, Do\u011fu ve G\u00fcneydo\u011fu Anadolu b\u00f6lgesinden gelip ovada \u00e7al\u0131\u015fan mevsimlik i\u015f\u00e7ileri, sabah\u0131n erken saatlerinde kendilerini ziyaret eden Tire \u0130l\u00e7e Kaymakam\u0131 Hasan Tanr\u0131seven ve kamu kurumlar\u0131n\u0131n m\u00fcd\u00fcrlerini g\u00f6r\u00fcnce \u015fa\u015f\u0131rd\u0131.<\/p>\n<p>Tire Kaymakam\u0131 Hasan Tanr\u0131seven, mesaiye erken ba\u015flayarak sabah saat 06.30 gibi mevsimlik tar\u0131m i\u015f\u00e7ilerini ziyaret etti. \u0130\u015f\u00e7iler, tarlada kaymakam\u0131 g\u00f6r\u00fcnce olduk\u00e7a \u015fa\u015f\u0131rd\u0131. Kaymakam Tanr\u0131seven\u2019e, \u0130l\u00e7e Tar\u0131m M\u00fcd\u00fcr\u00fc Mutlu T\u0131ra\u015f ve di\u011fer kamu kurumlar\u0131n\u0131n m\u00fcd\u00fcrleri e\u015flik etti.<\/p>\n<p>Tarlada domates ve biber toplad\u0131<\/p>\n<p>Do\u011fu ve G\u00fcneydo\u011fu Anadolu b\u00f6lgesinden gelip ovada \u00e7al\u0131\u015fan mevsimlik i\u015f\u00e7ilerin sorunlar\u0131n\u0131 dinleyen Kaymakam Tanr\u0131seven, i\u015f\u00e7ilerle tarlada domates ve biber toplad\u0131. Vatanda\u015flarla sohbet eden Tanr\u0131seven, i\u015f\u00e7ilerin iste\u011fini k\u0131rmay\u0131p onlarla hat\u0131ra foto\u011fraf\u0131 da \u00e7ektirdi.<\/p>\n<p>&#8220;Vatanda\u015f\u0131m\u0131z\u0131n y\u00fcz\u00fc g\u00fclerse devletin de y\u00fcz\u00fc g\u00fcler&#8221;<\/p>\n<p>Devletin varl\u0131k sebebinin vatanda\u015fa hizmet etmek oldu\u011funun alt\u0131n\u0131 \u00e7izen Kaymakam Tanr\u0131seven, &#8220;Bu vatan i\u00e7in \u00e7al\u0131\u015fan, \u00fcreten herkes ba\u015f\u0131m\u0131z\u0131n tac\u0131d\u0131r. Tire, verimli topraklar\u0131yla tar\u0131m\u0131n \u00f6nemli merkezlerinden biridir. Ayn\u0131 tarladan y\u0131lda \u00fc\u00e7 kez verim al\u0131nan bir co\u011frafyada ya\u015f\u0131yoruz. Ne kadar fazla \u00fcretirsek ekonomimiz o kadar g\u00fc\u00e7lenir. \u00dcr\u00fcn fazla olunca i\u015f g\u00fcc\u00fc yetmedi\u011fi i\u00e7in Do\u011fu ve G\u00fcneydo\u011fu Anadolu b\u00f6lgesinden de mevsimlik i\u015f\u00e7ilerimiz Tire\u2019ye \u00e7al\u0131\u015fmaya geliyor. Tireli \u00e7ift\u00e7iler ve mevsimlik tar\u0131m i\u015f\u00e7ileri el birli\u011fi ile \u00fcreterek ekonomiye can veriyor. Tar\u0131m i\u015f\u00e7ilerimizin sorunlar\u0131 bizim sorunumuzdur. Her y\u0131l  tar\u0131m i\u015f\u00e7ilerimizi ziyaret eder, onlar\u0131n sorunlar\u0131n\u0131 dinler, \u00e7\u00f6z\u00fcm bulmaya \u00e7al\u0131\u015f\u0131r\u0131m; \u00e7\u00fcnk\u00fc vatanda\u015f\u0131m\u0131z\u0131n y\u00fcz\u00fc g\u00fclerse devletin de y\u00fcz\u00fc g\u00fcler&#8221; dedi.<\/p>\n<p>&#8220;Kaymakam\u0131n tarlada ne i\u015fi var?&#8221;<\/p>\n<p>Sabah\u0131n ilk \u0131\u015f\u0131klar\u0131nda kar\u015f\u0131lar\u0131nda Kaymakam Tanr\u0131seven\u2019i g\u00f6ren bir tar\u0131m i\u015f\u00e7isi de, &#8220;Biz bu y\u0131l Tire\u2019ye yeni geldik. Ge\u00e7ti\u011fimiz y\u0131l arkada\u015f\u0131m bana kaymakam\u0131n kendilerini tarlada ziyaret etti\u011fini s\u00f6ylemi\u015fti. \u2018Kaymakam\u0131n tarlada ne i\u015fi olur?\u2019 demi\u015f ve \u015fa\u015f\u0131rm\u0131\u015ft\u0131m. \u015eimdi kendim \u015fahit oldum. Bir devlet b\u00fcy\u00fc\u011f\u00fcn\u00fcn bizleri d\u00fc\u015f\u00fcn\u00fcp ziyaret etmesi gurur verici. Kendisine te\u015fekk\u00fcr ediyoruz&#8221; dedi.<\/p>\n<p>Kaymakam Tanr\u0131seven, i\u015f\u00e7ilerin \u00e7ocuklar\u0131na da hediyeler da\u011f\u0131tmay\u0131 ihmal etmedi.<\/p>\n","protected":false},"excerpt":{"rendered":"<p>\u0130ZM\u0130R\u2019\u0130N T\u0130RE \u0130L\u00c7ES\u0130NDE MEVS\u0130ML\u0130K \u0130\u015e\u00c7\u0130LER, KEND\u0130LER\u0130N\u0130 Z\u0130YARET EDEN T\u0130RE \u0130L\u00c7E KAYMAKAMI DR HASAN TANRISEVEN&#8217;\u0130 G\u00d6R\u00dcNCE \u015eA\u015eIRDI.<\/p>\n","protected":false},"author":1,"featured_media":188594,"comment_status":"closed","ping_status":"open","sticky":false,"template":"","format":"standard","meta":{"jetpack_post_was_ever_published":false,"_jetpack_newsletter_access":"","_jetpack_dont_email_post_to_subs":false,"_jetpack_newsletter_tier_id":0,"_jetpack_memberships_contains_paywalled_content":false,"_jetpack_memberships_contains_paid_content":false,"footnotes":"","jetpack_publicize_message":"","jetpack_publicize_feature_enabled":true,"jetpack_social_post_already_shared":true,"jetpack_social_options":{"image_generator_settings":{"template":"highway","default_image_id":0,"font":"","enabled":false},"version":2}},"categories":[1],"tags":[1050,5620,2957,19368,11545],"class_list":["post-188593","post","type-post","status-publish","format-standard","has-post-thumbnail","hentry","category-genel","tag-calisan","tag-iscilerin","tag-kaymakam","tag-saskinligi","tag-tarlada"],"jetpack_publicize_connections":[],"jetpack_featured_media_url":"https:\/\/i0.wp.com\/www.tvturk.com\/wp-content\/uploads\/2019\/07\/tarlada-calisan-iscilerin-kaymakam-saskinligi_d7fbadf.jpg?fit=1000%2C664","jetpack_sharing_enabled":true,"jetpack_shortlink":"https:\/\/wp.me\/paKIfm-N3P","_links":{"self":[{"href":"http:\/\/www.tvturk.com\/index.php\/wp-json\/wp\/v2\/posts\/188593","targetHints":{"allow":["GET"]}}],"collection":[{"href":"http:\/\/www.tvturk.com\/index.php\/wp-json\/wp\/v2\/posts"}],"about":[{"href":"http:\/\/www.tvturk.com\/index.php\/wp-json\/wp\/v2\/types\/post"}],"author":[{"embeddable":true,"href":"http:\/\/www.tvturk.com\/index.php\/wp-json\/wp\/v2\/users\/1"}],"replies":[{"embeddable":true,"href":"http:\/\/www.tvturk.com\/index.php\/wp-json\/wp\/v2\/comments?post=188593"}],"version-history":[{"count":0,"href":"http:\/\/www.tvturk.com\/index.php\/wp-json\/wp\/v2\/posts\/188593\/revisions"}],"wp:featuredmedia":[{"embeddable":true,"href":"http:\/\/www.tvturk.com\/index.php\/wp-json\/wp\/v2\/media\/188594"}],"wp:attachment":[{"href":"http:\/\/www.tvturk.com\/index.php\/wp-json\/wp\/v2\/media?parent=188593"}],"wp:term":[{"taxonomy":"category","embeddable":true,"href":"http:\/\/www.tvturk.com\/index.php\/wp-json\/wp\/v2\/categories?post=188593"},{"taxonomy":"post_tag","embeddable":true,"href":"http:\/\/www.tvturk.com\/index.php\/wp-json\/wp\/v2\/tags?post=188593"}],"curies":[{"name":"wp","href":"https:\/\/api.w.org\/{rel}","templated":true}]}}