{"id":188613,"date":"2019-07-31T16:17:04","date_gmt":"2019-07-31T13:17:04","guid":{"rendered":"http:\/\/www.tvturk.com\/index.php\/yaz-sicaklari-varis-sikayetlerini-artiriyor\/"},"modified":"2019-07-31T16:17:04","modified_gmt":"2019-07-31T13:17:04","slug":"yaz-sicaklari-varis-sikayetlerini-artiriyor","status":"publish","type":"post","link":"http:\/\/www.tvturk.com\/index.php\/yaz-sicaklari-varis-sikayetlerini-artiriyor\/","title":{"rendered":"Yaz s\u0131caklar\u0131 varis \u015fikayetlerini art\u0131r\u0131yor"},"content":{"rendered":"<p>Memorial Dicle Hastanesi Kalp ve Damar Cerrahisi B\u00f6l\u00fcm\u00fc\u2019nden Prof. Dr. Muzaffer Bah\u00e7ivan, yaz s\u0131caklar\u0131n\u0131n varis hastalar\u0131 \u00fczerindeki olumsuz etkileri ve endoven\u00f6z lazer tedavisi konulara ili\u015fkin a\u00e7\u0131klamalarda bulundu.<\/p>\n<p>\u00d6zellikle kad\u0131nlarda s\u0131k kar\u015f\u0131la\u015f\u0131lan ve \u00f6nemli bir sa\u011fl\u0131k sorunu olan varisin, tedavi edilmedi\u011fi takdirde g\u00fcnl\u00fck hayat\u0131 olumsuz etkileyebildi\u011fini kaydeden Prof. Dr. Bah\u00e7ivan, s\u0131cak havalarda varis hastalar\u0131n\u0131n a\u011fr\u0131lar\u0131n\u0131n art\u0131rd\u0131\u011f\u0131n\u0131 ve \u00f6zellikle kad\u0131nlar\u0131n estetik a\u00e7\u0131dan rahats\u0131zl\u0131k hissedip denize giremedi\u011fini, etek bile giyemediklerini s\u00f6yledi. Prof. Dr. Bah\u00e7ivan, &#8220;G\u00fcn\u00fcm\u00fczde varis tedavisi \u2018Endoven\u00f6z Lazer\u2019 ile a\u011fr\u0131s\u0131z ve kesi olu\u015fmadan yap\u0131labiliyor. Hasta i\u015flem sonras\u0131 1-2 saatte aya\u011fa kalk\u0131p y\u00fcr\u00fcyebiliyor. Bir\u00e7ok hastal\u0131\u011f\u0131n \u015fikayetlerini art\u0131ran s\u0131cak havalar, damarlarda gev\u015femeye neden olarak varisleri daha belirgin bir hale getirir ve hastada daha fazla soruna yol a\u00e7ar. Yer yer \u00e7\u00f6l ikliminin ya\u015fand\u0131\u011f\u0131 \u00fclkemizde bu durumla \u00e7ok fazla kar\u015f\u0131la\u015f\u0131lmaktad\u0131r. Kapl\u0131ca, sauna gibi s\u0131cak ortamlarda da varisler belirgin bir \u015fekilde ortaya \u00e7\u0131kabilmektedir. Bu durumda m\u00fcmk\u00fcn olduk\u00e7a b\u00f6yle ortamlardan uzak durulmas\u0131 ve yaz s\u0131caklar\u0131nda bacaklara so\u011fuk su uygulamas\u0131 yap\u0131lmas\u0131 varis hastalar\u0131n\u0131 rahatlatabilir\u201d dedi.<\/p>\n<p>&#8220;Tedavi edilmeyen varis \u00f6nemli sa\u011fl\u0131k sorunlar\u0131na yol a\u00e7abilir&#8221;<\/p>\n<p>Yaz s\u0131caklar\u0131 varis hastalar\u0131n\u0131n \u015fikayetlerini art\u0131rd\u0131\u011f\u0131 i\u00e7in varis hastal\u0131\u011f\u0131n\u0131n yaz gelmeden ya da yaz sonras\u0131 tedavi edilmesi gerekti\u011fini ifade eden Prof. Dr. Bah\u00e7ivan, s\u00f6zlerine \u015f\u00f6yle devam etti:<\/p>\n<p>&#8220;Art\u0131k g\u00fcn\u00fcm\u00fczde a\u011fr\u0131s\u0131z yap\u0131lan i\u015flemlerle, hastalar zorluk \u00e7ekmeden, 1-2 saatte taburcu olup g\u00fcnl\u00fck hayatlar\u0131na geri d\u00f6nebilmektedir. Ancak tedavi edilmeyen varis \u00f6zellikle yaz s\u0131caklar\u0131nda k\u00f6t\u00fcle\u015fir ve hasta i\u00e7in \u00f6nemli bir sa\u011fl\u0131k sorunu haline gelir. Giri\u015fim yap\u0131lmadan uygulanan ila\u00e7 tedavisi, varis \u00e7oraplar\u0131 ve g\u00fcnl\u00fck ya\u015famla ilgili bir tak\u0131m \u00f6neriler ise sadece \u015fikayetlerin hafiflemesine yard\u0131mc\u0131 olur. Bu y\u00fczden varislerin kesin tedavisi i\u00e7in \u00e7o\u011fu kez varisli damarlar\u0131n ortadan kald\u0131r\u0131lmas\u0131 gerekir. G\u00fcn\u00fcm\u00fczde t\u00fcm d\u00fcnyada en pop\u00fcler tedavi y\u00f6ntemi, endoven\u00f6z lazerdir.\u201d<\/p>\n<p>&#8220;Endoven\u00f6z lazer tedavisi hastaya konfor sa\u011fl\u0131yor&#8221;<\/p>\n<p>Endoven\u00f6z lazer ile tedavinin \u00f6nemli avantajlar\u0131n\u0131n oldu\u011funu vurgulayan Prof. Dr. Bah\u00e7\u0131van, &#8220;\u0130\u015flem lokal anestezi alt\u0131nda yap\u0131lmakta ve ortalama 30 dakika veya 1 saat s\u00fcrmekte, hasta 1-2 saat dinlendikten sonra y\u00fcr\u00fcyerek evine gidebilmektedir. Hastan\u0131n i\u015flem sonras\u0131 hareketlerinde herhangi bir k\u0131s\u0131tlama da gerekmemektedir. Tedavide ba\u015far\u0131, safen toplardamar\u0131n\u0131n ortadan kald\u0131r\u0131lmas\u0131 olarak tan\u0131mland\u0131\u011f\u0131nda bu hedefe y\u00fczde 93-98 oran\u0131nda ula\u015f\u0131labilmektedir. Ba\u015far\u0131 i\u00e7in iyi hasta se\u00e7imi \u00e7ok \u00f6nemlidir. Endoven\u00f6z lazer hastaya \u015fu ayr\u0131cal\u0131klar\u0131 sa\u011flar; lokal anestezi ile yap\u0131labilir, daha az a\u011fr\u0131 ve sorun ile yetmezlik safen toplardamardan kald\u0131r\u0131l\u0131r, bacakta iz kalmaz, bacakta herhangi bir kesi gerektirmez, morarma ve \u015fi\u015flik \u00e7ok az olur, hastanede yat\u0131\u015f gerekmez, hasta k\u0131sa s\u00fcrede iyile\u015fir&#8221; diye konu\u015ftu.<\/p>\n<p>Yan etkisiz iyile\u015fme<\/p>\n<p>Lazer ile varis tedavisi sonras\u0131 yan etkilerin ender olarak g\u00f6r\u00fcld\u00fc\u011f\u00fcn\u00fc kaydeden, Prof. Dr. Bah\u00e7\u0131van, hastalar\u0131n i\u015flem sonras\u0131 bazen tedavi edilen hat boyunca k\u0131zar\u0131kl\u0131ktan ve deri alt\u0131nda olu\u015fan hafif a\u011fr\u0131l\u0131 bir sertlikten \u015fikayet\u00e7i olabileceklerini dile getirdi. Prof. Dr. Bah\u00e7\u0131van, &#8220;Bu durum bir ka\u00e7 hafta i\u00e7inde kendili\u011finden kaybolur. Hastalar, \u00e7ok nadiren lazer uygulanan toplardamar \u00fczerindeki deride uyu\u015fukluktan \u015fikayet edebilir ancak bu durum da birka\u00e7 hafta i\u00e7inde d\u00fczelir. \u0130\u015flem sonras\u0131nda b\u00fct\u00fcn normal aktiviteler devam ettirilebilir. Sadece i\u015flem sonras\u0131 hastalara bir s\u00fcre a\u011f\u0131r egzersizler yapmamalar\u0131 \u00f6nerilir\u201d \u015feklinde konu\u015ftu.<\/p>\n","protected":false},"excerpt":{"rendered":"<p>MEMOR\u0130AL D\u0130CLE HASTANES\u0130 KALP VE DAMAR CERRAH\u0130S\u0130 B\u00d6L\u00dcM\u00dc\u2019NDEN PROF. DR. MUZAFFER BAH\u00c7\u0130VAN, YAZ SICAKLARININ VAR\u0130S HASTALARI \u00dcZER\u0130NDEK\u0130 OLUMSUZ ETK\u0130LER\u0130 VE ENDOVEN\u00d6Z LAZER TEDAV\u0130S\u0130 KONULARA \u0130L\u0130\u015eK\u0130N A\u00c7IKLAMALARDA BULUNDU.<\/p>\n","protected":false},"author":1,"featured_media":188614,"comment_status":"closed","ping_status":"open","sticky":false,"template":"","format":"standard","meta":{"jetpack_post_was_ever_published":false,"_jetpack_newsletter_access":"","_jetpack_dont_email_post_to_subs":false,"_jetpack_newsletter_tier_id":0,"_jetpack_memberships_contains_paywalled_content":false,"_jetpack_memberships_contains_paid_content":false,"footnotes":"","jetpack_publicize_message":"","jetpack_publicize_feature_enabled":true,"jetpack_social_post_already_shared":true,"jetpack_social_options":{"image_generator_settings":{"template":"highway","default_image_id":0,"font":"","enabled":false},"version":2}},"categories":[1],"tags":[18958,11152,38554,26418,183],"class_list":["post-188613","post","type-post","status-publish","format-standard","has-post-thumbnail","hentry","category-genel","tag-artiriyor","tag-sikayetlerini","tag-sicaklari","tag-varis","tag-yaz"],"jetpack_publicize_connections":[],"jetpack_featured_media_url":"https:\/\/i0.wp.com\/www.tvturk.com\/wp-content\/uploads\/2019\/07\/yaz-sicaklari-varis-sikayetlerini-artiriyor_fd23373.jpg?fit=1000%2C907","jetpack_sharing_enabled":true,"jetpack_shortlink":"https:\/\/wp.me\/paKIfm-N49","_links":{"self":[{"href":"http:\/\/www.tvturk.com\/index.php\/wp-json\/wp\/v2\/posts\/188613","targetHints":{"allow":["GET"]}}],"collection":[{"href":"http:\/\/www.tvturk.com\/index.php\/wp-json\/wp\/v2\/posts"}],"about":[{"href":"http:\/\/www.tvturk.com\/index.php\/wp-json\/wp\/v2\/types\/post"}],"author":[{"embeddable":true,"href":"http:\/\/www.tvturk.com\/index.php\/wp-json\/wp\/v2\/users\/1"}],"replies":[{"embeddable":true,"href":"http:\/\/www.tvturk.com\/index.php\/wp-json\/wp\/v2\/comments?post=188613"}],"version-history":[{"count":0,"href":"http:\/\/www.tvturk.com\/index.php\/wp-json\/wp\/v2\/posts\/188613\/revisions"}],"wp:featuredmedia":[{"embeddable":true,"href":"http:\/\/www.tvturk.com\/index.php\/wp-json\/wp\/v2\/media\/188614"}],"wp:attachment":[{"href":"http:\/\/www.tvturk.com\/index.php\/wp-json\/wp\/v2\/media?parent=188613"}],"wp:term":[{"taxonomy":"category","embeddable":true,"href":"http:\/\/www.tvturk.com\/index.php\/wp-json\/wp\/v2\/categories?post=188613"},{"taxonomy":"post_tag","embeddable":true,"href":"http:\/\/www.tvturk.com\/index.php\/wp-json\/wp\/v2\/tags?post=188613"}],"curies":[{"name":"wp","href":"https:\/\/api.w.org\/{rel}","templated":true}]}}