{"id":188615,"date":"2019-07-31T16:17:18","date_gmt":"2019-07-31T13:17:18","guid":{"rendered":"http:\/\/www.tvturk.com\/index.php\/burhaniyeli-guresciler-kurtdereye-hazirlaniyor\/"},"modified":"2019-07-31T16:17:18","modified_gmt":"2019-07-31T13:17:18","slug":"burhaniyeli-guresciler-kurtdereye-hazirlaniyor","status":"publish","type":"post","link":"http:\/\/www.tvturk.com\/index.php\/burhaniyeli-guresciler-kurtdereye-hazirlaniyor\/","title":{"rendered":"Burhaniyeli g\u00fcre\u015f\u00e7iler Kurtdere\u2019ye haz\u0131rlan\u0131yor"},"content":{"rendered":"<p>Burhaniye il\u00e7esinde, Aslan Seyhanl\u0131 ve Z\u00fcref Sofuo\u011flu\u2019nun \u00f6nc\u00fcl\u00fc\u011f\u00fcnde \u00e7al\u0131\u015fmalar\u0131n\u0131 s\u00fcrd\u00fcren gen\u00e7 g\u00fcre\u015f\u00e7iler, hafta sonu yap\u0131lacak Kurtdereli g\u00fcne\u015flerine haz\u0131rlan\u0131yorlar. Salondaki \u00e7al\u0131\u015fmalar\u0131n\u0131 tamamlayan 14 sporcu, K\u0131z\u0131kl\u0131 Arenas\u0131nda ya\u011fl\u0131 antrenman yapt\u0131.<\/p>\n<p>Burhaniye\u2019de Belediyespor \u00e7at\u0131s\u0131 alt\u0131nda Atat\u00fcrk Spor Salonunda, \u00e7al\u0131\u015fmalar\u0131n\u0131 s\u00fcrd\u00fcren sporcular, hafta sonu Bal\u0131kesir\u2019de d\u00fczenlenecek Kurtdere g\u00fcre\u015flerine haz\u0131rlan\u0131yorlar. Ya\u011fl\u0131 antrenmanlar\u0131n\u0131 k\u0131rsal K\u0131z\u0131kl\u0131 Mahallesi Arenas\u0131nda yapan g\u00fcre\u015f\u00e7iler, Kurtdere de  iddial\u0131 olduklar\u0131n\u0131 s\u00f6yledi. Sporcu velisi Deniz Balc\u0131, \u201c\u00c7ocuklar\u0131m\u0131z\u0131 bir y\u0131ld\u0131r bu g\u00fcre\u015flere haz\u0131rl\u0131yoruz. Bu \u00e7ocuklar\u0131m\u0131z\u0131 k\u00f6t\u00fc al\u0131\u015fkanl\u0131klardan kurtarmaya u\u011fra\u015f\u0131yoruz. \u00c7ocuklar\u0131m\u0131z hafta sonu yap\u0131lacak Kurtdere g\u00fcre\u015flerine iyi haz\u0131rland\u0131. Son ya\u011fl\u0131 idmanlar\u0131n\u0131 da bu \u00e7ay\u0131rda yap\u0131yoruz. Sevin\u00e7liyiz, mutluyuz. \u00c7ocuklar\u0131m\u0131zla gururluyuz\u201d dedi. G\u00fcre\u015f\u00e7ilerden Muhammet  Devran \u00c7\u0131rak da,\u201d Bir y\u0131ld\u0131r g\u00fcre\u015fin i\u00e7indeyim. Antrenman yap\u0131yoruz. Derecelerimiz oluyor ara s\u0131ra. Hafta sonunda Kurtdere g\u00fcre\u015fleri var. \u0130n\u015fallah, orada derece yapaca\u011f\u0131z\u201d dedi. Ahmet K\u00fcr\u015fat Tan ise, \u201c Bir senedir g\u00fcre\u015fe geliyorum. Antrenmanlar\u0131m\u0131z\u0131 s\u00fcrekli her g\u00fcn yap\u0131yoruz. Belediyeden daha fazla destek bekliyoruz. Hafta sonu Kurtdere g\u00fcre\u015flerine haz\u0131rlan\u0131yoruz\u201d dedi. \u00d6zdal Sivas da,\u201dKurtdere i\u00e7in otob\u00fcs kald\u0131rmak istiyoruz. G\u00fcre\u015flere haz\u0131rlanmak i\u00e7in K\u0131z\u0131kl\u0131 da ya\u011fl\u0131 g\u00fcre\u015f antrenman\u0131 yap\u0131yoruz.\u201d dedi. Mehmet Ali Derelio\u011flu ise, \u201c Biz Kurtdere\u2019ye haz\u0131rlan\u0131yoruz. Kurdere de hepimizin k\u00fcrs\u00fc yapaca\u011f\u0131na inan\u0131yorum. Herkese bol \u015fans diliyorum\u201d dedi<\/p>\n","protected":false},"excerpt":{"rendered":"<p>SPORCULAR<\/p>\n","protected":false},"author":1,"featured_media":188616,"comment_status":"closed","ping_status":"open","sticky":false,"template":"","format":"standard","meta":{"jetpack_post_was_ever_published":false,"_jetpack_newsletter_access":"","_jetpack_dont_email_post_to_subs":false,"_jetpack_newsletter_tier_id":0,"_jetpack_memberships_contains_paywalled_content":false,"_jetpack_memberships_contains_paid_content":false,"footnotes":"","jetpack_publicize_message":"","jetpack_publicize_feature_enabled":true,"jetpack_social_post_already_shared":true,"jetpack_social_options":{"image_generator_settings":{"template":"highway","default_image_id":0,"font":"","enabled":false},"version":2}},"categories":[657],"tags":[2900,11604,297,47015],"class_list":["post-188615","post","type-post","status-publish","format-standard","has-post-thumbnail","hentry","category-spor","tag-burhaniyeli","tag-guresciler","tag-hazirlaniyor","tag-kurtdereye"],"jetpack_publicize_connections":[],"jetpack_featured_media_url":"https:\/\/i0.wp.com\/www.tvturk.com\/wp-content\/uploads\/2019\/07\/burhaniyeli-guresciler-kurtdereye-hazirlaniyor_88e0137.jpg?fit=1000%2C562","jetpack_sharing_enabled":true,"jetpack_shortlink":"https:\/\/wp.me\/paKIfm-N4b","_links":{"self":[{"href":"http:\/\/www.tvturk.com\/index.php\/wp-json\/wp\/v2\/posts\/188615","targetHints":{"allow":["GET"]}}],"collection":[{"href":"http:\/\/www.tvturk.com\/index.php\/wp-json\/wp\/v2\/posts"}],"about":[{"href":"http:\/\/www.tvturk.com\/index.php\/wp-json\/wp\/v2\/types\/post"}],"author":[{"embeddable":true,"href":"http:\/\/www.tvturk.com\/index.php\/wp-json\/wp\/v2\/users\/1"}],"replies":[{"embeddable":true,"href":"http:\/\/www.tvturk.com\/index.php\/wp-json\/wp\/v2\/comments?post=188615"}],"version-history":[{"count":0,"href":"http:\/\/www.tvturk.com\/index.php\/wp-json\/wp\/v2\/posts\/188615\/revisions"}],"wp:featuredmedia":[{"embeddable":true,"href":"http:\/\/www.tvturk.com\/index.php\/wp-json\/wp\/v2\/media\/188616"}],"wp:attachment":[{"href":"http:\/\/www.tvturk.com\/index.php\/wp-json\/wp\/v2\/media?parent=188615"}],"wp:term":[{"taxonomy":"category","embeddable":true,"href":"http:\/\/www.tvturk.com\/index.php\/wp-json\/wp\/v2\/categories?post=188615"},{"taxonomy":"post_tag","embeddable":true,"href":"http:\/\/www.tvturk.com\/index.php\/wp-json\/wp\/v2\/tags?post=188615"}],"curies":[{"name":"wp","href":"https:\/\/api.w.org\/{rel}","templated":true}]}}