{"id":188619,"date":"2019-07-31T16:31:50","date_gmt":"2019-07-31T13:31:50","guid":{"rendered":"http:\/\/www.tvturk.com\/index.php\/e-5-kenarinda-cikan-yangin-suruculere-zor-anlar-yasatti\/"},"modified":"2019-07-31T16:31:50","modified_gmt":"2019-07-31T13:31:50","slug":"e-5-kenarinda-cikan-yangin-suruculere-zor-anlar-yasatti","status":"publish","type":"post","link":"http:\/\/www.tvturk.com\/index.php\/e-5-kenarinda-cikan-yangin-suruculere-zor-anlar-yasatti\/","title":{"rendered":"E-5 kenar\u0131nda \u00e7\u0131kan yang\u0131n s\u00fcr\u00fcc\u00fclere zor anlar ya\u015fatt\u0131"},"content":{"rendered":"<p>K\u00fc\u00e7\u00fck\u00e7ekmece Fidanl\u0131k mevkiinde bulunan otluk alanda \u00e7\u0131kan yang\u0131n E-5 karayolunda trafikte seyreden s\u00fcr\u00fcc\u00fclere zor anlar ya\u015fatt\u0131.<\/p>\n<p>Yang\u0131n, 15.30 s\u0131ralar\u0131nda K\u00fc\u00e7\u00fck\u00e7ekmece Fidanl\u0131k mevkiinde bulunan eski fidanl\u0131k arazisindeki otluk alanda hen\u00fcz bilinmeyen bir nedenle \u00e7\u0131kt\u0131. Yang\u0131n\u0131 g\u00f6ren vatanda\u015flar hemen itfaiye ekiplerine haber verirken, alevler r\u00fczgar\u0131n da etkisiyle k\u0131sa s\u00fcrede b\u00fcy\u00fcd\u00fc. Orman Genel M\u00fcd\u00fcrl\u00fc\u011f\u00fcne ba\u011fl\u0131 ekipler ve itfaiye ekiplerinin m\u00fcdahale etti\u011fi yang\u0131n s\u0131ras\u0131nda E-5 karayolunda bulunan s\u00fcr\u00fcc\u00fcler de duman nedeniyle zor anlar ya\u015fad\u0131. Yang\u0131n kontrol alt\u0131na al\u0131n\u0131rken so\u011futma \u00e7al\u0131\u015fmalar\u0131 devam ediyor.<\/p>\n","protected":false},"excerpt":{"rendered":"<p>K\u00dc\u00c7\u00dcK\u00c7EKMECE F\u0130DANLIK MEVK\u0130\u0130NDE BULUNAN OTLUK ALANDA \u00c7IKAN YANGIN E-5 KARAYOLUNDA TRAF\u0130KTE SEYREDEN S\u00dcR\u00dcC\u00dcLERE ZOR ANLAR YA\u015eATTI.<\/p>\n","protected":false},"author":1,"featured_media":188620,"comment_status":"closed","ping_status":"open","sticky":false,"template":"","format":"standard","meta":{"jetpack_post_was_ever_published":false,"_jetpack_newsletter_access":"","_jetpack_dont_email_post_to_subs":false,"_jetpack_newsletter_tier_id":0,"_jetpack_memberships_contains_paywalled_content":false,"_jetpack_memberships_contains_paid_content":false,"footnotes":"","jetpack_publicize_message":"","jetpack_publicize_feature_enabled":true,"jetpack_social_post_already_shared":true,"jetpack_social_options":{"image_generator_settings":{"template":"highway","default_image_id":0,"font":"","enabled":false},"version":2}},"categories":[1],"tags":[5816,2114,1046,8311,2405,1617,7982,9997],"class_list":["post-188619","post","type-post","status-publish","format-standard","has-post-thumbnail","hentry","category-genel","tag-anlar","tag-cikan","tag-e-5","tag-kenarinda","tag-suruculere","tag-yangin","tag-yasatti","tag-zor"],"jetpack_publicize_connections":[],"jetpack_featured_media_url":"https:\/\/i0.wp.com\/www.tvturk.com\/wp-content\/uploads\/2019\/07\/e-5-kenarinda-cikan-yangin-suruculere-zor-anlar-yasatti_29696f7.jpg?fit=1000%2C750","jetpack_sharing_enabled":true,"jetpack_shortlink":"https:\/\/wp.me\/paKIfm-N4f","_links":{"self":[{"href":"http:\/\/www.tvturk.com\/index.php\/wp-json\/wp\/v2\/posts\/188619","targetHints":{"allow":["GET"]}}],"collection":[{"href":"http:\/\/www.tvturk.com\/index.php\/wp-json\/wp\/v2\/posts"}],"about":[{"href":"http:\/\/www.tvturk.com\/index.php\/wp-json\/wp\/v2\/types\/post"}],"author":[{"embeddable":true,"href":"http:\/\/www.tvturk.com\/index.php\/wp-json\/wp\/v2\/users\/1"}],"replies":[{"embeddable":true,"href":"http:\/\/www.tvturk.com\/index.php\/wp-json\/wp\/v2\/comments?post=188619"}],"version-history":[{"count":0,"href":"http:\/\/www.tvturk.com\/index.php\/wp-json\/wp\/v2\/posts\/188619\/revisions"}],"wp:featuredmedia":[{"embeddable":true,"href":"http:\/\/www.tvturk.com\/index.php\/wp-json\/wp\/v2\/media\/188620"}],"wp:attachment":[{"href":"http:\/\/www.tvturk.com\/index.php\/wp-json\/wp\/v2\/media?parent=188619"}],"wp:term":[{"taxonomy":"category","embeddable":true,"href":"http:\/\/www.tvturk.com\/index.php\/wp-json\/wp\/v2\/categories?post=188619"},{"taxonomy":"post_tag","embeddable":true,"href":"http:\/\/www.tvturk.com\/index.php\/wp-json\/wp\/v2\/tags?post=188619"}],"curies":[{"name":"wp","href":"https:\/\/api.w.org\/{rel}","templated":true}]}}