{"id":188629,"date":"2019-07-31T16:47:16","date_gmt":"2019-07-31T13:47:16","guid":{"rendered":"http:\/\/www.tvturk.com\/index.php\/sivas-belediyespor-teknik-direktoru-altunsoy-tedbirlerimizi-alacagiz\/"},"modified":"2019-07-31T16:47:16","modified_gmt":"2019-07-31T13:47:16","slug":"sivas-belediyespor-teknik-direktoru-altunsoy-tedbirlerimizi-alacagiz","status":"publish","type":"post","link":"http:\/\/www.tvturk.com\/index.php\/sivas-belediyespor-teknik-direktoru-altunsoy-tedbirlerimizi-alacagiz\/","title":{"rendered":"Sivas Belediyespor Teknik Direkt\u00f6r\u00fc Altunsoy: \u201cTedbirlerimizi alaca\u011f\u0131z\u201d"},"content":{"rendered":"<p>TFF 2. Lig K\u0131rm\u0131z\u0131 Grup tak\u0131mlar\u0131ndan Sivas Belediyespor\u2019da Teknik Direkt\u00f6r Nam\u0131k Altunsoy, fikst\u00fcr \u00e7ekimi ile ilgili de\u011ferlendirmede bulundu. Altunsoy, 8. haftaya kadar s\u0131k\u0131\u015f\u0131k bir ma\u00e7 trafi\u011fi ya\u015fayacaklar\u0131n\u0131 ve ona g\u00f6re tedbir alacaklar\u0131n\u0131 s\u00f6yledi.<\/p>\n<p>Teknik Direkt\u00f6r Altunsoy, kar\u015f\u0131la\u015fma takviminin tak\u0131mlara hay\u0131rl\u0131 olmas\u0131 temennisinde bulunarak, ilk ma\u00e7\u0131n sahalar\u0131nda oynanmas\u0131n\u0131n kendileri a\u00e7\u0131s\u0131ndan avantaj oldu\u011funu belirtti. Altunsoy, de\u011ferlendirmesinde \u015funlar\u0131 kaydetti:<\/p>\n<p>\u201cGruptaki her tak\u0131m de\u011ferli. Her biriyle er veya ge\u00e7 ma\u00e7 oynayaca\u011f\u0131z. Karab\u00fckspor ile oynayaca\u011f\u0131m\u0131z ma\u00e7\u0131n i\u00e7 sahada olmas\u0131 bizim i\u00e7in bir f\u0131rsat olabilir. Bir di\u011fer f\u0131rsat ise son ma\u00e7\u0131n da kendi evimizde oynanacak olmas\u0131. \u0130lk yar\u0131da \u00fcst \u00fcste \u00e7\u0131kaca\u011f\u0131m\u0131z Ankara Demirspor ve Sakaryaspor ma\u00e7lar\u0131n\u0131n hafta i\u00e7ine denk gelmesi biraz dezavantaj gibi g\u00f6r\u00fcnse de bunu avantaja \u00e7evirmenin yollar\u0131n\u0131 arayaca\u011f\u0131z. \u00d6zellikle 4. haftadan sonra oynayaca\u011f\u0131m\u0131z kupa ma\u00e7\u0131n\u0131 da d\u00fc\u015f\u00fcn\u00fcrsek, 8. haftaya kadar \u00e7ok s\u0131k\u0131\u015f\u0131k bir ma\u00e7 trafi\u011fi ya\u015fayaca\u011f\u0131m\u0131z g\u00f6r\u00fclmektedir. Bizler de buna g\u00f6re tedbirlerimizi alaca\u011f\u0131z. Amac\u0131m\u0131z ister i\u00e7 saha olsun ister d\u0131\u015f sahada olsun tak\u0131m\u0131m\u0131za kazanmaya y\u00f6nelik bir oyun anlay\u0131\u015f\u0131 yerle\u015ftirerek, \u00fcst s\u0131ralarda yer almaya \u00e7al\u0131\u015fmak olacakt\u0131r.\u201d<\/p>\n<p>Sivas Belediyespor, 2019-2020 futbol sezonunun ilk ma\u00e7\u0131nda kendi evinde 1 Eyl\u00fcl Pazar g\u00fcn\u00fc Kardemir Karab\u00fckspor ile kar\u015f\u0131 kar\u015f\u0131ya gelecek.<\/p>\n","protected":false},"excerpt":{"rendered":"<p>S\u0130VAS BELED\u0130YESPOR TEKN\u0130K D\u0130REKT\u00d6R\u00dc NAMIK ALTUNSOY; \u201cL\u0130GDE 4. HAFTADAN SONRA OYNAYACA\u011eIMIZ KUPA MA\u00c7INI DA D\u00dc\u015e\u00dcN\u00dcRSEK, 8. HAFTAYA KADAR \u00c7OK SIKI\u015eIK B\u0130R MA\u00c7 TRAF\u0130\u011e\u0130 YA\u015eAYACA\u011eIMIZ G\u00d6R\u00dcLMEKTED\u0130R. B\u0130ZLER DE BUNA G\u00d6RE TEDB\u0130RLER\u0130M\u0130Z\u0130 ALACA\u011eIZ\u201d DED\u0130.<\/p>\n","protected":false},"author":1,"featured_media":188630,"comment_status":"closed","ping_status":"open","sticky":false,"template":"","format":"standard","meta":{"jetpack_post_was_ever_published":false,"_jetpack_newsletter_access":"","_jetpack_dont_email_post_to_subs":false,"_jetpack_newsletter_tier_id":0,"_jetpack_memberships_contains_paywalled_content":false,"_jetpack_memberships_contains_paid_content":false,"footnotes":"","jetpack_publicize_message":"","jetpack_publicize_feature_enabled":true,"jetpack_social_post_already_shared":true,"jetpack_social_options":{"image_generator_settings":{"template":"highway","default_image_id":0,"font":"","enabled":false},"version":2}},"categories":[657],"tags":[47024,967,11434,2556,10790,4247,2082],"class_list":["post-188629","post","type-post","status-publish","format-standard","has-post-thumbnail","hentry","category-spor","tag-tedbirlerimizi","tag-alacagiz","tag-altunsoy","tag-belediyespor","tag-direktoru","tag-sivas","tag-teknik"],"jetpack_publicize_connections":[],"jetpack_featured_media_url":"https:\/\/i0.wp.com\/www.tvturk.com\/wp-content\/uploads\/2019\/07\/sivas-belediyespor-teknik-direktoru-altunsoy-tedbirlerimizi-alacagiz_928fa4d.jpg?fit=1000%2C741","jetpack_sharing_enabled":true,"jetpack_shortlink":"https:\/\/wp.me\/paKIfm-N4p","_links":{"self":[{"href":"http:\/\/www.tvturk.com\/index.php\/wp-json\/wp\/v2\/posts\/188629","targetHints":{"allow":["GET"]}}],"collection":[{"href":"http:\/\/www.tvturk.com\/index.php\/wp-json\/wp\/v2\/posts"}],"about":[{"href":"http:\/\/www.tvturk.com\/index.php\/wp-json\/wp\/v2\/types\/post"}],"author":[{"embeddable":true,"href":"http:\/\/www.tvturk.com\/index.php\/wp-json\/wp\/v2\/users\/1"}],"replies":[{"embeddable":true,"href":"http:\/\/www.tvturk.com\/index.php\/wp-json\/wp\/v2\/comments?post=188629"}],"version-history":[{"count":0,"href":"http:\/\/www.tvturk.com\/index.php\/wp-json\/wp\/v2\/posts\/188629\/revisions"}],"wp:featuredmedia":[{"embeddable":true,"href":"http:\/\/www.tvturk.com\/index.php\/wp-json\/wp\/v2\/media\/188630"}],"wp:attachment":[{"href":"http:\/\/www.tvturk.com\/index.php\/wp-json\/wp\/v2\/media?parent=188629"}],"wp:term":[{"taxonomy":"category","embeddable":true,"href":"http:\/\/www.tvturk.com\/index.php\/wp-json\/wp\/v2\/categories?post=188629"},{"taxonomy":"post_tag","embeddable":true,"href":"http:\/\/www.tvturk.com\/index.php\/wp-json\/wp\/v2\/tags?post=188629"}],"curies":[{"name":"wp","href":"https:\/\/api.w.org\/{rel}","templated":true}]}}