{"id":188631,"date":"2019-07-31T16:47:20","date_gmt":"2019-07-31T13:47:20","guid":{"rendered":"http:\/\/www.tvturk.com\/index.php\/sivas-belediyespor-onur-uslucani-transfer-etti\/"},"modified":"2019-07-31T16:47:20","modified_gmt":"2019-07-31T13:47:20","slug":"sivas-belediyespor-onur-uslucani-transfer-etti","status":"publish","type":"post","link":"http:\/\/www.tvturk.com\/index.php\/sivas-belediyespor-onur-uslucani-transfer-etti\/","title":{"rendered":"Sivas Belediyespor, Onur Uslucan\u2019\u0131 transfer etti"},"content":{"rendered":"<p>TFF 2. Lig tak\u0131mlar\u0131ndan Sivas Belediyespor, 27 ya\u015f\u0131ndaki orta saha Onur Uslucan\u2019\u0131 kadrosuna katt\u0131.<\/p>\n<p>Yeni sezon \u00f6ncesi transfer \u00e7al\u0131\u015fmalar\u0131n\u0131 s\u00fcrd\u00fcren ye\u015fil-beyazl\u0131 kul\u00fcp, son olarak TFF 2. Lig ekibi Zonguldak K\u00f6m\u00fcrspor\u2019da forma giyen ba\u015far\u0131l\u0131 orta saha Onur Uslucan ile anla\u015fmaya vard\u0131. Teknik Direkt\u00f6r Nam\u0131k Altunsoy\u2019un raporu do\u011frultusunda 27 ya\u015f\u0131ndaki orta saha oyuncusu, \u00f6nceki g\u00fcn Afyon kamp\u0131na kat\u0131larak \u00e7al\u0131\u015fmalara start verdi.<\/p>\n<p>Onur Uslucan, kariyerinde 159 ma\u00e7a \u00e7\u0131karken 24 gol kaydetti.<\/p>\n","protected":false},"excerpt":{"rendered":"<p>S\u0130VAS BELED\u0130YESPOR 27 YA\u015eINDAK\u0130 ORTA SAHA ONUR USLUCAN\u2019I KADROSUNA KATTI.<\/p>\n","protected":false},"author":1,"featured_media":188632,"comment_status":"closed","ping_status":"open","sticky":false,"template":"","format":"standard","meta":{"jetpack_post_was_ever_published":false,"_jetpack_newsletter_access":"","_jetpack_dont_email_post_to_subs":false,"_jetpack_newsletter_tier_id":0,"_jetpack_memberships_contains_paywalled_content":false,"_jetpack_memberships_contains_paid_content":false,"footnotes":"","jetpack_publicize_message":"","jetpack_publicize_feature_enabled":true,"jetpack_social_post_already_shared":true,"jetpack_social_options":{"image_generator_settings":{"template":"highway","default_image_id":0,"font":"","enabled":false},"version":2}},"categories":[657],"tags":[2556,207,9079,4247,2518,47025],"class_list":["post-188631","post","type-post","status-publish","format-standard","has-post-thumbnail","hentry","category-spor","tag-belediyespor","tag-etti","tag-onur","tag-sivas","tag-transfer","tag-uslucani"],"jetpack_publicize_connections":[],"jetpack_featured_media_url":"https:\/\/i0.wp.com\/www.tvturk.com\/wp-content\/uploads\/2019\/07\/sivas-belediyespor-onur-uslucani-transfer-etti_e69969d.jpg?fit=606%2C433","jetpack_sharing_enabled":true,"jetpack_shortlink":"https:\/\/wp.me\/paKIfm-N4r","_links":{"self":[{"href":"http:\/\/www.tvturk.com\/index.php\/wp-json\/wp\/v2\/posts\/188631","targetHints":{"allow":["GET"]}}],"collection":[{"href":"http:\/\/www.tvturk.com\/index.php\/wp-json\/wp\/v2\/posts"}],"about":[{"href":"http:\/\/www.tvturk.com\/index.php\/wp-json\/wp\/v2\/types\/post"}],"author":[{"embeddable":true,"href":"http:\/\/www.tvturk.com\/index.php\/wp-json\/wp\/v2\/users\/1"}],"replies":[{"embeddable":true,"href":"http:\/\/www.tvturk.com\/index.php\/wp-json\/wp\/v2\/comments?post=188631"}],"version-history":[{"count":0,"href":"http:\/\/www.tvturk.com\/index.php\/wp-json\/wp\/v2\/posts\/188631\/revisions"}],"wp:featuredmedia":[{"embeddable":true,"href":"http:\/\/www.tvturk.com\/index.php\/wp-json\/wp\/v2\/media\/188632"}],"wp:attachment":[{"href":"http:\/\/www.tvturk.com\/index.php\/wp-json\/wp\/v2\/media?parent=188631"}],"wp:term":[{"taxonomy":"category","embeddable":true,"href":"http:\/\/www.tvturk.com\/index.php\/wp-json\/wp\/v2\/categories?post=188631"},{"taxonomy":"post_tag","embeddable":true,"href":"http:\/\/www.tvturk.com\/index.php\/wp-json\/wp\/v2\/tags?post=188631"}],"curies":[{"name":"wp","href":"https:\/\/api.w.org\/{rel}","templated":true}]}}