{"id":188637,"date":"2019-07-31T17:01:58","date_gmt":"2019-07-31T14:01:58","guid":{"rendered":"http:\/\/www.tvturk.com\/index.php\/yarali-hint-golet-balikcil-kusu-tedavi-altina-alindi\/"},"modified":"2019-07-31T17:01:58","modified_gmt":"2019-07-31T14:01:58","slug":"yarali-hint-golet-balikcil-kusu-tedavi-altina-alindi","status":"publish","type":"post","link":"http:\/\/www.tvturk.com\/index.php\/yarali-hint-golet-balikcil-kusu-tedavi-altina-alindi\/","title":{"rendered":"Yaral\u0131 Hint G\u00f6let Bal\u0131k\u00e7\u0131l ku\u015fu tedavi alt\u0131na al\u0131nd\u0131"},"content":{"rendered":"<p>Elaz\u0131\u011f\u2019da yaral\u0131 halde bulunan ve nesli t\u00fckenmekte olan Hint G\u00f6let Bal\u0131k\u00e7\u0131l ku\u015fu tedavi alt\u0131na al\u0131nd\u0131.<\/p>\n<p>Elaz\u0131\u011f-Malatya karayolunda vatanda\u015flar taraf\u0131ndan yaral\u0131 halde bulunan Hint G\u00f6let Bal\u0131k\u00e7\u0131l ku\u015fu, Elaz\u0131\u011f Belediyesi Hayvan Hastanesi ve Ge\u00e7ici Bak\u0131m Evi ekiplerine teslim edildi. Hastaneye getirilen nesli t\u00fckenmekte olan ku\u015f, hastanede tedavi at\u0131na al\u0131nd\u0131. Kanad\u0131nda ve ayaklar\u0131nda yaralar olan ku\u015fun tedavisinin ard\u0131ndan Do\u011fa Koruma ve Milli Parklar M\u00fcd\u00fcrl\u00fc\u011f\u00fc\u2019ne teslim edilece\u011fi \u00f6\u011frenildi.<\/p>\n<p>Ku\u015f hakk\u0131nda bilgi veren Hastanenin Veteriner Hekimi  K\u00fcbra Yazgan, \u201cMalatya yolunda bulunan Hint G\u00f6let Bal\u0131k\u00e7\u0131l ku\u015fu, vatanda\u015flar taraf\u0131ndan yaral\u0131 bir \u015fekilde bulundu. Elaz\u0131\u011f Belediyesi Hayvan Hastanesi ve Ge\u00e7ici Bak\u0131m evi ekipleri taraf\u0131ndan hastanemize getirildi. Kanad\u0131nda ve ayaklar\u0131nda yara var. Tedavisine krem ile ba\u015flad\u0131k. Tedavisi bitti\u011fi zaman do\u011fa koruma milli parklar m\u00fcd\u00fcrl\u00fc\u011f\u00fcne teslim edilecek. Bu ku\u015f nesli t\u00fckenmek olan bir hayvan. Elaz\u0131\u011f\u2019da \u00e7ok g\u00f6r\u00fclmez\u201d dedi.<\/p>\n","protected":false},"excerpt":{"rendered":"<p>ELAZI\u011e\u2019DA YARALI HALDE BULUNAN H\u0130NT G\u00d6LET BALIK\u00c7IL KU\u015eU TEDAV\u0130 ALTINA ALINDI.<\/p>\n","protected":false},"author":1,"featured_media":188638,"comment_status":"closed","ping_status":"open","sticky":false,"template":"","format":"standard","meta":{"jetpack_post_was_ever_published":false,"_jetpack_newsletter_access":"","_jetpack_dont_email_post_to_subs":false,"_jetpack_newsletter_tier_id":0,"_jetpack_memberships_contains_paywalled_content":false,"_jetpack_memberships_contains_paid_content":false,"footnotes":"","jetpack_publicize_message":"","jetpack_publicize_feature_enabled":true,"jetpack_social_post_already_shared":true,"jetpack_social_options":{"image_generator_settings":{"template":"highway","default_image_id":0,"font":"","enabled":false},"version":2}},"categories":[1],"tags":[1014,1186,13448,5663,7937,18786,144,774],"class_list":["post-188637","post","type-post","status-publish","format-standard","has-post-thumbnail","hentry","category-genel","tag-alindi","tag-altina","tag-balikcil","tag-golet","tag-hint","tag-kusu","tag-tedavi","tag-yarali"],"jetpack_publicize_connections":[],"jetpack_featured_media_url":"https:\/\/i0.wp.com\/www.tvturk.com\/wp-content\/uploads\/2019\/07\/yarali-hint-golet-balikcil-kusu-tedavi-altina-alindi_41214b3.jpg?fit=1000%2C672","jetpack_sharing_enabled":true,"jetpack_shortlink":"https:\/\/wp.me\/paKIfm-N4x","_links":{"self":[{"href":"http:\/\/www.tvturk.com\/index.php\/wp-json\/wp\/v2\/posts\/188637","targetHints":{"allow":["GET"]}}],"collection":[{"href":"http:\/\/www.tvturk.com\/index.php\/wp-json\/wp\/v2\/posts"}],"about":[{"href":"http:\/\/www.tvturk.com\/index.php\/wp-json\/wp\/v2\/types\/post"}],"author":[{"embeddable":true,"href":"http:\/\/www.tvturk.com\/index.php\/wp-json\/wp\/v2\/users\/1"}],"replies":[{"embeddable":true,"href":"http:\/\/www.tvturk.com\/index.php\/wp-json\/wp\/v2\/comments?post=188637"}],"version-history":[{"count":0,"href":"http:\/\/www.tvturk.com\/index.php\/wp-json\/wp\/v2\/posts\/188637\/revisions"}],"wp:featuredmedia":[{"embeddable":true,"href":"http:\/\/www.tvturk.com\/index.php\/wp-json\/wp\/v2\/media\/188638"}],"wp:attachment":[{"href":"http:\/\/www.tvturk.com\/index.php\/wp-json\/wp\/v2\/media?parent=188637"}],"wp:term":[{"taxonomy":"category","embeddable":true,"href":"http:\/\/www.tvturk.com\/index.php\/wp-json\/wp\/v2\/categories?post=188637"},{"taxonomy":"post_tag","embeddable":true,"href":"http:\/\/www.tvturk.com\/index.php\/wp-json\/wp\/v2\/tags?post=188637"}],"curies":[{"name":"wp","href":"https:\/\/api.w.org\/{rel}","templated":true}]}}