{"id":188655,"date":"2019-07-31T17:31:59","date_gmt":"2019-07-31T14:31:59","guid":{"rendered":"http:\/\/www.tvturk.com\/index.php\/kolombiyada-turkiyenin-yeni-kuresel-siyasete-etkisi-baslikli-konferans-serisi-duzenlendi\/"},"modified":"2019-07-31T17:31:59","modified_gmt":"2019-07-31T14:31:59","slug":"kolombiyada-turkiyenin-yeni-kuresel-siyasete-etkisi-baslikli-konferans-serisi-duzenlendi","status":"publish","type":"post","link":"http:\/\/www.tvturk.com\/index.php\/kolombiyada-turkiyenin-yeni-kuresel-siyasete-etkisi-baslikli-konferans-serisi-duzenlendi\/","title":{"rendered":"Kolombiya\u2019da \u201cT\u00fcrkiye\u2019nin Yeni K\u00fcresel Siyasete Etkisi\u201d ba\u015fl\u0131kl\u0131 konferans serisi d\u00fczenlendi"},"content":{"rendered":"<p>\u201c15 Temmuz Demokrasi ve Milli Birlik G\u00fcn\u00fc\u201d anma etkinlikleri \u00e7er\u00e7evesinde, T\u00fcrk \u0130\u015fbirli\u011fi ve Koordinasyon Ajans\u0131 Ba\u015fkanl\u0131\u011f\u0131 (T\u0130KA) ile T.C. Bogota B\u00fcy\u00fckel\u00e7ili\u011fi i\u015fbirli\u011finde Kolombiya\u2019n\u0131n en b\u00fcy\u00fck \u015fehirlerinden Bogota ve Cali\u2019de \u201cT\u00fcrkiye\u2019nin Yeni K\u00fcresel Siyasete Etkisi\u201d ba\u015fl\u0131kl\u0131 konferans serisi d\u00fczenlendi.<\/p>\n<p>Konferanslara, h\u00fck\u00fcmet yetkilileri, yat\u0131r\u0131mc\u0131lar, akademisyenler, \u00f6\u011frenciler ve T\u00fcrkiye\u2019nin ekonomik, politik ve sosyo-k\u00fclt\u00fcrel boyutlar\u0131 ile ilgilenen Kolombiyal\u0131lar kat\u0131ld\u0131. Cali \u015fehrindeki konferans, ICESI \u00dcniversitesinde ger\u00e7ekle\u015ftirildi. Konferansa Kolombiya\u2019n\u0131n T\u00fcrkiye Eski B\u00fcy\u00fckel\u00e7isi (2015-2018 d\u00f6nemi) Dr. Juan Alfredo Pinto ve SETA (Siyaset, Ekonomi ve Toplum Ara\u015ft\u0131rmalar\u0131 Vakf\u0131) Washington Direkt\u00f6r\u00fc Dr. Kadir \u00dcst\u00fcn panelist olarak kat\u0131ld\u0131. Ayr\u0131ca, ICESI \u00dcniversitesindeki Siyaset ve Uluslararas\u0131 \u0130li\u015fkiler Ara\u015ft\u0131rma Merkezi Direkt\u00f6r\u00fc Dr. Vladimir Rouvinski ve T\u0130KA yetkilileri de konu\u015fmac\u0131 olarak yer ald\u0131.<\/p>\n<p>Konferans kapsam\u0131nda \u0130leti\u015fim Ba\u015fkanl\u0131\u011f\u0131nca haz\u0131rlanan 15 Temmuz\u2019da meydana gelen hain darbe giri\u015fimini anlatan video sunumu yap\u0131larak, Fethullah\u00e7\u0131 Ter\u00f6r \u00d6rg\u00fct\u00fc\u2019n\u00fcn (FET\u00d6) ba\u015far\u0131s\u0131z darbe giri\u015fiminin nas\u0131l bast\u0131r\u0131ld\u0131\u011f\u0131 ve T\u00fcrkiye\u2019nin k\u00f6kl\u00fc demokrasisinin i\u015fleyi\u015fi hakk\u0131nda bilgi verildi.<\/p>\n<p>Panelistler T\u00fcrkiye\u2019nin siyasal, sosyal ve ekonomik yap\u0131s\u0131ndan bahsetti.<\/p>\n<p>&#8220;T\u00fcrkiye \u00e7ok g\u00fc\u00e7l\u00fc bir siyasi co\u011frafyaya aittir &#8220;diyen Pinto, T\u00fcrkiye\u2019nin b\u00f6lgesel ve k\u00fcresel g\u00fcc\u00fcn\u00fc anlatt\u0131. Pinto, d\u00fcnyan\u0131n en b\u00fcy\u00fck ekonomilerinden biri olan ve en \u00e7ok insani d\u0131\u015f yard\u0131m yapan \u00fclke olan T\u00fcrkiye\u2019nin k\u00fcresel d\u00fczeyde ba\u015far\u0131lar\u0131ndan bahsetti.<\/p>\n<p>Ayr\u0131ca, T\u00fcrkiye\u2019nin k\u00fcresel kalk\u0131nmadaki \u00f6nemli rol\u00fc ve 2019 y\u0131l\u0131na kadar d\u00fcnya \u00e7ap\u0131nda 167\u2019den fazla \u00fclkeden ba\u015fvuru alan Yurt d\u0131\u015f\u0131 T\u00fcrkler ve Akraba Topluluklar Ba\u015fkanl\u0131\u011f\u0131n\u0131n (YTB) d\u00fczenledi\u011fi T\u00fcrkiye Burslar\u0131 program\u0131 hakk\u0131nda kat\u0131l\u0131mc\u0131lara sunum yap\u0131ld\u0131.<\/p>\n<p>Kolombiya\u2019n\u0131n ba\u015fkenti Bogota\u2019da Externado \u00dcniversitesinin T\u00fcrkiye ve Kafkasya Ara\u015ft\u0131rmalar\u0131 Merkezinde ger\u00e7ekle\u015ftirilen ikinci konferansta Kolombiya\u2019n\u0131n T\u00fcrkiye eski B\u00fcy\u00fckel\u00e7isi Dr. Juan Alfredo Pinto, SETA Washington Direkt\u00f6r Yard\u0131mc\u0131s\u0131 Dr. K\u0131l\u0131\u00e7 Bu\u011fra Kanat, T\u00fcrkiye ve Kafkasya Ara\u015ft\u0131rmalar\u0131 Merkezi Direkt\u00f6r\u00fc Dr. Soraya Caro konu\u015fac\u0131 olarak kat\u0131ld\u0131. Ayr\u0131ca, seminerin ikinci b\u00f6l\u00fcm\u00fcnde an\u0131lan \u00fcniversitede Asya uzman\u0131 \u00f6\u011fretim \u00fcyesi Pio Garcia ve Uluslararas\u0131 \u0130li\u015fkiler Do\u00e7enti Maria Teresa Aya da k\u0131sa birer sunumla T\u00fcrkiye\u2019nin uluslararas\u0131 alandaki \u00f6nemini anlatt\u0131. Konferans\u0131n a\u00e7\u0131l\u0131\u015f konu\u015fmas\u0131 Bogota B\u00fcy\u00fckel\u00e7isi Sn. Ece \u00d6zt\u00fcrk taraf\u0131ndan yap\u0131ld\u0131. Emekli B\u00fcy\u00fckel\u00e7i Dr. Pinto, ba\u015far\u0131s\u0131z darbe giri\u015fimini \u201csiyasi felaket\u201d olarak nitelendirerek, T\u00fcrkiye halk\u0131n demokrasiyi kurtard\u0131\u011f\u0131n\u0131 s\u00f6yledi.<\/p>\n<p>Dr. Kanat, T\u00fcrkiye\u2019nin d\u0131\u015f politikas\u0131n\u0131 analiz ederek, T\u00fcrkiye\u2019nin b\u00f6lgesel ve k\u00fcresel \u00f6l\u00e7ekte \u00f6nemli zorluklar\u0131 istikrarl\u0131 ve bar\u0131\u015f\u00e7\u0131l politikalar izleyerek \u00e7\u00f6z\u00fcme kavu\u015fturmaya \u00e7al\u0131\u015ft\u0131\u011f\u0131n\u0131 belirtti.<\/p>\n<p>Externado \u00dcniversitesinde g\u00f6revli ara\u015ft\u0131rmac\u0131lar Po Garca ve Mara Teresa Aya, konferans s\u0131ras\u0131nda ger\u00e7ekle\u015ftirilen panelde kat\u0131l\u0131mc\u0131lar\u0131n sorular\u0131n\u0131 yan\u0131tlad\u0131.<\/p>\n<p>Ayr\u0131ca, 15 Temmuz tarihinde Kolombiya\u2019n\u0131n en y\u00fcksek tirajl\u0131 ulusal gazetelerinden olan \u2018El Espectador\u2019da 15 Temmuz Demokrasi ve Milli Birlik G\u00fcn\u00fc hakk\u0131nda tam sayfa bilgi metni ve g\u00f6rselden olu\u015fan ilan yay\u0131mland\u0131.<\/p>\n","protected":false},"excerpt":{"rendered":"<p>BOGOTA VE CAL\u0130&#8217;DE \u201cT\u00dcRK\u0130YE\u2019N\u0130N YEN\u0130 K\u00dcRESEL S\u0130YASETE ETK\u0130S\u0130\u201d BA\u015eLIKLI KONFERANS SER\u0130S\u0130 D\u00dcZENLEND\u0130.<\/p>\n","protected":false},"author":1,"featured_media":188656,"comment_status":"closed","ping_status":"open","sticky":false,"template":"","format":"standard","meta":{"jetpack_post_was_ever_published":false,"_jetpack_newsletter_access":"","_jetpack_dont_email_post_to_subs":false,"_jetpack_newsletter_tier_id":0,"_jetpack_memberships_contains_paywalled_content":false,"_jetpack_memberships_contains_paid_content":false,"footnotes":"","jetpack_publicize_message":"","jetpack_publicize_feature_enabled":true,"jetpack_social_post_already_shared":true,"jetpack_social_options":{"image_generator_settings":{"template":"highway","default_image_id":0,"font":"","enabled":false},"version":2}},"categories":[1],"tags":[37163,2202,20053,18781,6347,15619,14051,8027,177,87],"class_list":["post-188655","post","type-post","status-publish","format-standard","has-post-thumbnail","hentry","category-genel","tag-baslikli","tag-duzenlendi","tag-etkisi","tag-kolombiyada","tag-konferans","tag-kuresel","tag-serisi","tag-siyasete","tag-turkiyenin","tag-yeni"],"jetpack_publicize_connections":[],"jetpack_featured_media_url":"https:\/\/i0.wp.com\/www.tvturk.com\/wp-content\/uploads\/2019\/07\/kolombiyada-turkiyenin-yeni-kuresel-siyasete-etkisi-baslikli-konferans-serisi-duzenlendi_37b18c5.jpg?fit=1000%2C564","jetpack_sharing_enabled":true,"jetpack_shortlink":"https:\/\/wp.me\/paKIfm-N4P","_links":{"self":[{"href":"http:\/\/www.tvturk.com\/index.php\/wp-json\/wp\/v2\/posts\/188655","targetHints":{"allow":["GET"]}}],"collection":[{"href":"http:\/\/www.tvturk.com\/index.php\/wp-json\/wp\/v2\/posts"}],"about":[{"href":"http:\/\/www.tvturk.com\/index.php\/wp-json\/wp\/v2\/types\/post"}],"author":[{"embeddable":true,"href":"http:\/\/www.tvturk.com\/index.php\/wp-json\/wp\/v2\/users\/1"}],"replies":[{"embeddable":true,"href":"http:\/\/www.tvturk.com\/index.php\/wp-json\/wp\/v2\/comments?post=188655"}],"version-history":[{"count":0,"href":"http:\/\/www.tvturk.com\/index.php\/wp-json\/wp\/v2\/posts\/188655\/revisions"}],"wp:featuredmedia":[{"embeddable":true,"href":"http:\/\/www.tvturk.com\/index.php\/wp-json\/wp\/v2\/media\/188656"}],"wp:attachment":[{"href":"http:\/\/www.tvturk.com\/index.php\/wp-json\/wp\/v2\/media?parent=188655"}],"wp:term":[{"taxonomy":"category","embeddable":true,"href":"http:\/\/www.tvturk.com\/index.php\/wp-json\/wp\/v2\/categories?post=188655"},{"taxonomy":"post_tag","embeddable":true,"href":"http:\/\/www.tvturk.com\/index.php\/wp-json\/wp\/v2\/tags?post=188655"}],"curies":[{"name":"wp","href":"https:\/\/api.w.org\/{rel}","templated":true}]}}