{"id":188683,"date":"2019-07-31T18:46:39","date_gmt":"2019-07-31T15:46:39","guid":{"rendered":"http:\/\/www.tvturk.com\/index.php\/kilicdarogluturk-is-genel-baskani-atalayi-ziyaret-etti\/"},"modified":"2019-07-31T18:46:39","modified_gmt":"2019-07-31T15:46:39","slug":"kilicdarogluturk-is-genel-baskani-atalayi-ziyaret-etti","status":"publish","type":"post","link":"http:\/\/www.tvturk.com\/index.php\/kilicdarogluturk-is-genel-baskani-atalayi-ziyaret-etti\/","title":{"rendered":"K\u0131l\u0131\u00e7daro\u011flu,T\u00fcrk-\u0130\u015f Genel Ba\u015fkan\u0131 Atalay\u2019\u0131 ziyaret etti"},"content":{"rendered":"<p>CHP Genel Ba\u015fkan\u0131 Kemal K\u0131l\u0131\u00e7daro\u011flu, T\u00fcrk-\u0130\u015f Genel Ba\u015fkan\u0131 Erg\u00fcn Atalay\u2019\u0131 ziyaret etti. T\u00fcrk-\u0130\u015f Genel Ba\u015fkanI Atalay, &#8220;D\u00fcn bize verilen en son teklif, ilk alt\u0131 ay i\u00e7in y\u00fczde 6, ikinci alt\u0131 ay i\u00e7in y\u00fczde 4&#8221; dedi.<\/p>\n<p>T\u00fcrk-\u0130\u015f\u2019in kurulu\u015funun 67. y\u0131l d\u00f6n\u00fcm\u00fc dolay\u0131s\u0131yla T\u00fcrk-\u0130\u015f Genel Merkezi\u2019nde ger\u00e7ekle\u015ftirilen ziyarete, CHP Genel Ba\u015fkan\u0131 Kemal K\u0131l\u0131\u00e7daro\u011flu, CHP Genel Ba\u015fkan Yard\u0131mc\u0131s\u0131 Murat Emir, CHP Genel Ba\u015fkan Yard\u0131mc\u0131s\u0131 Y\u0131ld\u0131r\u0131m Kaya ve CHP S\u00f6zc\u00fcs\u00fc Faik \u00d6ztrak kat\u0131ld\u0131.<\/p>\n<p>T\u00fcrk-\u0130\u015f ve CHP\u2019li heyet aras\u0131nda ger\u00e7ekle\u015ftirilen g\u00f6r\u00fc\u015fme sonras\u0131nda T\u00fcrk-\u0130\u015f Genel Ba\u015fkan\u0131 Erg\u00fcn Atalay ve CHP Genel Ba\u015fkan\u0131 Kemal K\u0131l\u0131\u00e7daro\u011flu ortak bas\u0131n a\u00e7\u0131klama yapt\u0131.<\/p>\n<p>Aile, \u00c7al\u0131\u015fma ve Sosyal Hizmetler Bakan\u0131 Zehra Z\u00fcmr\u00fct Sel\u00e7uk\u2019un \u00f6nceki g\u00fcn T\u00fcrk &#8211; \u0130\u015f Genel Merkezi\u2019ni ziyaret etti\u011fini ifade eden T\u00fcrk &#8211; \u0130\u015f Genel Ba\u015fkan\u0131 Erg\u00fcn Atalay, kamu i\u015f\u00e7ilerinin zam anla\u015fmas\u0131 konusunda kendi taleplerinin ilk alt\u0131 i\u00e7in y\u00fczde 15 ikinci alt\u0131 i\u00e7in ise enflasyon ve refah pay\u0131 oldu\u011funu ancak bakanl\u0131k taraf\u0131ndan kendilerine gelen en son teklifin ilk alt\u0131 ay i\u00e7in y\u00fczde 6, ikinci alt\u0131 ay i\u00e7in y\u00fczde 4 oldu\u011funu belirtti.<\/p>\n<p>Bakan Sel\u00e7uk\u2019a iki sene \u00f6ncesinde kamu s\u00f6zle\u015fmesi imzalar\u0131nda ilk alt\u0131 ay i\u00e7in y\u00fczde 7.5, ikinci alt\u0131 ay i\u00e7in y\u00fczde 5 verildi\u011fini ancak i\u015f\u00e7i al\u0131m noktas\u0131nda daha iyi bir noktada olduklar\u0131n\u0131 anlatt\u0131klar\u0131n\u0131 belirten Atalay, &#8220;Aradan iki sene ge\u00e7ti, al\u0131m g\u00fcc\u00fcm\u00fcz y\u00fczde 27 d\u00fc\u015ft\u00fc. Bu rakam\u0131 anlamakta zorland\u0131\u011f\u0131m\u0131z\u0131 anlatt\u0131k kendilerine, \u00f6n\u00fcm\u00fczdeki g\u00fcnlerde bir daha de\u011ferlendireceklerini s\u00f6ylediler ama maalesef bug\u00fcn saat 12 civar\u0131nda \u0130stanbul\u2019da darphanede grev ilan\u0131n\u0131 ast\u0131k. Kanuni s\u00fcre\u00e7ti bu, mecburuz asmaya, asmazsak yetkimiz d\u00fc\u015f\u00fcyor. Ay\u0131n 19\u2019unda da darphanede, tar\u0131mda, madende, ET\u0130 borda 30 bine yak\u0131n arkada\u015f\u0131m\u0131z greve \u00e7\u0131kmak mecburiyetinde, bir sendikac\u0131, i\u015f\u00e7i \u2019illa ben greve \u00e7\u0131kay\u0131m, i\u015f yerini s\u0131k\u0131nt\u0131ya sokay\u0131m, \u00fclkeyi s\u0131k\u0131nt\u0131ya sokay\u0131m\u2019 ne b\u00f6yle bir d\u00fc\u015f\u00fcncemiz oldu nede \u00f6yle bir d\u00fc\u015f\u00fcncede insan toplulu\u011fuyuz&#8221; ifadelerini kulland\u0131.<\/p>\n<p>&#8220;Katk\u0131s\u0131z, hormonsuz bir sendikay\u0131z biz&#8221;<\/p>\n<p>\u00d6nceliklerinin ilk olarak T\u00fcrkiye, sonras\u0131nda temsil ettikleri insanlar oldu\u011funu anlatan Atalay, \u015funlar\u0131 kaydetti:<\/p>\n<p>&#8220;Biz 1 milyon 12 bin \u00fcyeyi bulduk. Katk\u0131s\u0131z, hormonsuz bir sendikay\u0131z biz, burada ba\u015fkanlar kurulunun i\u00e7inde her g\u00f6r\u00fc\u015ften, b\u00f6lgeden arkada\u015flar\u0131m\u0131z var. Biz bu s\u00f6zle\u015fmenin masada bitmesini arzu ediyoruz. Tam s\u00f6zle\u015fmeyi konu\u015furken arkadan \u2019k\u0131dem tazminat\u0131\u2019n\u0131 Hazine Bakan\u0131 a\u00e7\u0131klad\u0131 dedi ki, \u2019taraflar\u0131n mutlu olaca\u011f\u0131, memnun olaca\u011f\u0131 bir \u00e7al\u0131\u015fma yapaca\u011f\u0131z\u2019 bizlerde d\u00f6rt g\u00f6zle bekliyoruz. Nas\u0131l memnun olaca\u011f\u0131z? Ama her sene \u2019k\u0131dem tazminat\u0131\u2019 g\u00fcndeme geliyor. \u0130\u015f yerlerindeki arkada\u015flar\u0131m\u0131z panik yap\u0131yorlar, diyorlar ki \u2019k\u0131dem tazminat\u0131 kalkacak\u2019 emekli oluyorlar. \u0130\u015f yerinde huzurumuz ka\u00e7\u0131yor. Evde huzurumuz ka\u00e7\u0131yor. Mevcut \u2019k\u0131dem tazminat\u0131\u2019n\u0131n yap\u0131s\u0131ndan memnunuz. Almayanlar, alanlardan daha \u00e7ok onlarla ilgili kanuna bir madde ilave edilir, bu mesele hallolur. Ama mevcut yap\u0131 bizim i\u00e7in en ideal yap\u0131, burada fon deniliyor. Fon ile ilgili bizim ba\u015f\u0131m\u0131za gelenler ortada, fonu duydu\u011fumuz zaman biz ve arkada\u015flar\u0131m\u0131z s\u0131k\u0131nt\u0131ya giriyor.&#8221;<\/p>\n<p>Son g\u00fcnlerde \u00f6rg\u00fctlenme konusunun konu\u015fuldu\u011funu, isteyen herkesin istedi\u011fi sendikaya \u00fcye olabilece\u011fini kaydeden Atalay, kendilerinden ayr\u0131lan ve memnun olmayan i\u015f\u00e7ilere sendika de\u011fi\u015ftirdiklerinde s\u00f6vmediklerini ve atmad\u0131klar\u0131n\u0131 dile getirdi.<\/p>\n<p>T\u00fcrk &#8211; \u0130\u015f Konfederasyonu\u2019nun 67 y\u0131l boyunca i\u015f\u00e7i ve emek hareketinin lideri olarak konumunu korudu\u011funu anlatan Cumhuriyet Halk Partisi Genel Ba\u015fkan\u0131 Kemal K\u0131l\u0131\u00e7daro\u011flu, &#8220;Zaman zaman s\u0131k\u0131nt\u0131lara girdi\u011fini biliyorum. Darbe d\u00f6neminde s\u0131k\u0131nt\u0131lara girdi\u011fini biliyorum. Ama b\u00fct\u00fcn bunlar\u0131 a\u015fmas\u0131n\u0131 bildi. Biz T\u00fcrk &#8211; \u0130\u015f\u2019in varl\u0131\u011f\u0131n\u0131 T\u00fcrkiye\u2019de demokrasinin varl\u0131\u011f\u0131 gibi g\u00f6r\u00fcyoruz. E\u011fer bir yerde demokrasi varsa, i\u015f\u00e7iler hak aramal\u0131 i\u015f\u00e7ilerin haklar\u0131 olmal\u0131. E\u011fer i\u015f\u00e7iler hak aramakta zorlan\u0131yorlarsa, hak arama talepleri s\u0131n\u0131rlan\u0131yorsa veya yasaklan\u0131yorsa veya i\u015f\u00e7ilerin \u00f6rg\u00fctlenmesinin \u00f6n\u00fcne barajlar konuyorsa bunu do\u011fru bulmuyoruz&#8221; dedi.<\/p>\n<p>&#8220;Bizde i\u015f\u00e7i hareketinin \u00f6nc\u00fcs\u00fc olmay\u0131 s\u00fcrd\u00fcrece\u011fiz&#8221;<\/p>\n<p>T\u00fcrk &#8211; \u0130\u015f\u2019in 1 milyonun \u00fczerinde \u00fcyesinin bulunmas\u0131n\u0131n g\u00fcc\u00fcn\u00fc g\u00f6sterdi\u011fini an\u0131msatan K\u0131l\u0131\u00e7daro\u011flu, &#8220;Son y\u0131llarda \u00f6zellikle, 12 Eyl\u00fcl darbesi sonras\u0131nda sendikala\u015fman\u0131n zorla\u015ft\u0131\u011f\u0131n\u0131 biliyoruz. Darbe hukukundan T\u00fcrkiye\u2019nin ar\u0131nmas\u0131 gerekti\u011fini de biliyoruz. \u00d6rg\u00fctlenmenin \u00f6n\u00fcndeki b\u00fct\u00fcn engellerin kald\u0131r\u0131lmas\u0131 gerekti\u011fini de y\u00fcrekten inan\u0131yoruz. Bunu da yapaca\u011f\u0131z. Bu konuda kararl\u0131y\u0131z. Rahmetli B\u00fclent Ecevit nas\u0131l i\u015f\u00e7i hareketinin \u00f6nc\u00fcs\u00fc olduysa, bizde i\u015f\u00e7i hareketinin \u00f6nc\u00fcs\u00fc olmay\u0131 s\u00fcrd\u00fcrece\u011fiz. Kimsenin endi\u015fesi olmas\u0131n&#8221; \u015feklinde konu\u015ftu.<\/p>\n<p>\u0130\u015f\u00e7ilerin \u00f6rg\u00fctlenmesinin kendilerini mutlu edece\u011fini anlatan K\u0131l\u0131\u00e7daro\u011flu, &#8220;Burada \u00f6nemli olan \u00e7al\u0131\u015fan i\u015f\u00e7inin hakk\u0131n\u0131 savunan bir sendikac\u0131l\u0131k anlay\u0131\u015f\u0131n\u0131n yerle\u015fmesi, \u00fccret sendikac\u0131l\u0131\u011f\u0131na kar\u015f\u0131y\u0131z. Bunu her yerde ifade ediyorum. Elbette ki T\u00fcrkiye\u2019nin ger\u00e7ekleri de bilinerek bu paralelde davran\u0131lmal\u0131, T\u00fcrkiye\u2019nin i\u00e7inde bulundu\u011fu konumlar\u0131 da iyi biliyorum&#8221; ifadelerini kaydetti.<\/p>\n<p>&#8220;Toplu s\u00f6zle\u015fmede \u00fccret sendikac\u0131l\u0131\u011f\u0131 yap\u0131lmas\u0131n&#8221;<\/p>\n<p>Atalay\u2019\u0131n aktard\u0131\u011f\u0131 toplu s\u00f6zle\u015fme konusunda de\u011ferlendirmelerde bulunan Kemal K\u0131l\u0131\u00e7daro\u011flu, &#8220;Toplu s\u00f6zle\u015fmede \u00fccret sendikac\u0131l\u0131\u011f\u0131 yap\u0131lmas\u0131n, ama \u015funun da g\u00f6z ard\u0131 edilmemesi laz\u0131m. Ya\u015fanan ekonomik krizin faturas\u0131 i\u015f\u00e7inin s\u0131rt\u0131na y\u0131k\u0131lmas\u0131n, kalk\u0131yorlar parlamentodan yasa \u00e7\u0131kart\u0131yorlar. Bir avu\u00e7 \u015firketin borcunu \u00f6demek i\u00e7in 400 milyar lira para ay\u0131r\u0131yorlar, i\u015f\u00e7inin \u00fccretine gelince \u2019ekonomik s\u0131k\u0131nt\u0131 var\u2019 Ni\u00e7in ? Bu ki\u015fi \u00e7al\u0131\u015f\u0131yor, bu ki\u015fi \u00fcretiyor, bu ki\u015fi al\u0131nteri d\u00f6k\u00fcyor, bu ki\u015fi helal para kazan\u0131yor ve bu ki\u015fi evine ekmek g\u00f6t\u00fcr\u00fcyor. Batan \u015firketi kurtarmak i\u00e7in 400 milyar lira para ay\u0131racaks\u0131n, i\u015f\u00e7iye gelince \u2019durumumuz malum, param\u0131z yok veremiyoruz\u2019 bunu do\u011fru bulmuyoruz. Elbette ki y\u00fcksek rakamlar istenmiyor, makul rakamlar isteniyor. Piyasa belli, ekonomi belli, i\u015f\u00e7inin ald\u0131\u011f\u0131 \u00fccret belli, asgari \u00fccret belli, yap\u0131lan zamlar belli, elektri\u011fe yap\u0131lan zam kadar bari versinler&#8221; diye konu\u015ftu.<\/p>\n<p>K\u0131dem tazminat\u0131 konusuna de\u011finen K\u0131l\u0131\u00e7daro\u011flu, &#8220;Biz sendikalar, 3 konfederasyon, aralar\u0131nda uzla\u015f\u0131rlarsa bizim a\u00e7\u0131m\u0131zdan hi\u00e7bir problem yok. Ama sendikaya ra\u011fmen, parlamentoya k\u0131dem tazminat\u0131 ile ilgili bir d\u00fczenleme gelirse buna kar\u015f\u0131 \u00e7\u0131kaca\u011f\u0131m\u0131z\u0131, parlamentoda muhalefet yapaca\u011f\u0131m\u0131z\u0131 ifade ettik&#8221; dedi.<\/p>\n<p>&#8220;Ter\u00f6rden daha fazla kay\u0131p veriyoruz i\u015f kazalar\u0131nda, her g\u00fcn 5 ki\u015fi hayat\u0131n\u0131 kaybediyor&#8221;<\/p>\n<p>T\u00fcrkiye\u2019nin, i\u015f kazalar\u0131 konusunda Avrupa\u2019da birinci, d\u00fcnyada \u00fc\u00e7\u00fcnc\u00fc oldu\u011funu an\u0131msatan K\u0131l\u0131\u00e7daro\u011flu, &#8220;Ter\u00f6rden daha fazla kay\u0131p veriyoruz i\u015f kazalar\u0131nda, her g\u00fcn 5 ki\u015fi hayat\u0131n\u0131 kaybediyorsa hepimizin oturup d\u00fc\u015f\u00fcnmesi laz\u0131m ve \u00fcz\u00fclerek ifade edeyim; hayat\u0131n\u0131 kaybedenlerin \u00f6nemli bir k\u0131sm\u0131 sigortas\u0131z, \u00f6ld\u00fckleri g\u00fcn sigorta yap\u0131l\u0131yor. Buda hayat\u0131n bir ba\u015fka ger\u00e7e\u011fi&#8221; dedi.<\/p>\n<p>&#8220;67 y\u0131ld\u0131r T\u00fcrk &#8211; \u0130\u015f var, iyi ki T\u00fcrk-\u0130\u015f var&#8221;<\/p>\n<p>T\u00fcrk &#8211; \u0130\u015f\u2019in b\u00fct\u00fcn b\u00f6lgede hatta Avrupa\u2019da T\u00fcrkiye\u2019deki i\u015f\u00e7i hareketlerini temsil etti\u011fini anlatan, T\u00fcrk &#8211; \u0130\u015f\u2019in yay\u0131nlar\u0131n\u0131 ve y\u0131ll\u0131k raporlar\u0131n\u0131 b\u00fcy\u00fck bir dikkatle takip ettiklerini vurgulayan K\u0131l\u0131\u00e7daro\u011flu, &#8220;Onlar\u0131n \u015fikayetleri, sorunlar\u0131, \u00e7\u00f6z\u00fcmler bizimde yararland\u0131\u011f\u0131m\u0131z alanlar oluyor. \u00c7\u00fcnk\u00fc, sonu\u00e7ta biz bir d\u00fc\u015f\u00fcnce \u00fcretiriz ama, sorunu ya\u015fayan ki\u015finin \u00fcretti\u011fi \u00e7\u00f6z\u00fcmler bizim i\u00e7in \u00e7ok daha de\u011ferlidir. T\u00fcrk &#8211; \u0130\u015f \u00fczerine d\u00fc\u015fen g\u00f6revleri hakk\u0131yla yerine getirmeye \u00f6zen g\u00f6steriyor. 67 y\u0131ld\u0131r T\u00fcrk &#8211; \u0130\u015f var, iyi ki T\u00fcrk-\u0130\u015f var&#8221; ifadelerini kaydetti.<\/p>\n<p>&#8220;Belediye ba\u015fkanlar\u0131n\u0131n akrabalar\u0131n\u0131n y\u00f6netici pozisyona getirilmelerini do\u011fru bulmuyoruz&#8221;<\/p>\n<p>Yeni se\u00e7ilen belediye ba\u015fkanlar\u0131n\u0131n tan\u0131d\u0131klar\u0131n\u0131 i\u015fe alma konusunu de\u011ferlendiren K\u0131l\u0131\u00e7daro\u011flu, &#8220;Bunlar\u0131n hepsi d\u00fczelecek. Belediye ba\u015fkanlar\u0131n\u0131n akrabalar\u0131n\u0131n y\u00f6netici pozisyona getirilmelerini do\u011fru bulmuyoruz. Arkada\u015flar\u0131m\u0131z da gerekli giri\u015fimlerde bulundular. Bildi\u011fim kadar\u0131yla b\u00fcy\u00fck bir k\u0131sm\u0131 \u00e7\u00f6z\u00fcld\u00fc zaten&#8221; diye konu\u015ftu.<\/p>\n<p>&#8220;Biz \u00fcst\u00fcm\u00fcze d\u00fc\u015feni s\u00fcratle yap\u0131yoruz&#8221;<\/p>\n<p>Y\u00f6netici yak\u0131nlar\u0131n\u0131n sadece CHP\u2019li belediyelerde olmad\u0131\u011f\u0131n\u0131 aktaran K\u0131l\u0131\u00e7daro\u011flu, &#8220;Bak\u0131n biz \u00fcst\u00fcm\u00fcze d\u00fc\u015feni s\u00fcratle yap\u0131yoruz. CHP nas\u0131l biliyor musunuz? CHP beyaz bir ka\u011f\u0131t gibi, \u00fczerinde siyah bir nokta olunca derhal fark edersiniz. Ama simsiyah olsayd\u0131 bu yeni bir siyah\u0131 fark edemezdiniz. O nedenle biz, bu sorunun k\u00f6kten ve kal\u0131c\u0131 \u00e7\u00f6z\u00fclmesini istiyoruz. Parlamentoya gelsin siyasi ahlak kanunu\u2019nu \u00e7\u0131karal\u0131m. Bu kadar basit, avukat\u0131n etik kurallar\u0131 var, doktorun, esnaf\u0131n, i\u015f\u00e7ilerin, hayat\u0131n her kanal\u0131n\u0131n etik kurallar\u0131 var, ahlaki kurallar\u0131 var. Esnaf bile, y\u00fcz y\u0131llardan beri s\u00fcre gelen Ahi Evran kurallar\u0131 var. Siyaset\u00e7inin neden etik kurallar\u0131 yok, niye yok, hangi gerek\u00e7eyle yok ? Davuto\u011flu getirdi geri \u00e7ektiler, biz getirdik uygulamaya koymad\u0131lar. Burada TBMM Ba\u015fkan\u0131\u2019na a\u00e7\u0131k ve net \u00e7a\u011fr\u0131 yap\u0131yorum. Toplum, kay\u0131rmac\u0131l\u0131ktan rahats\u0131z, o zaman siyasi ahlak yasas\u0131n\u0131 \u00e7\u0131karal\u0131m. Kurallar belli olsun, her belediye ba\u015fkan\u0131, her milletvekili, her belediye meclis \u00fcyesi kim se\u00e7imle geldiyse bir yere kurallar\u0131 olmal\u0131 ve kurallar\u0131n d\u0131\u015f\u0131na \u00e7\u0131kmamal\u0131. Bu da TBMM\u2019nin topluma bir arma\u011fan\u0131 olsun. Bizde siyaset\u00e7i olarak kendimize \u00f6zel alanlar belirledik, s\u0131n\u0131rlamalar getirdik, ahlaki kurallar getirdik diyelim. TBMM Ba\u015fkan\u0131ndan cevap bekliyorum&#8221; ifadelerini aktard\u0131.<\/p>\n<p>&#8220;Sen eskiden girmi\u015ftin, seni atal\u0131m\u2019 bu da do\u011fru olmaz&#8221;<\/p>\n<p>Haks\u0131zl\u0131k yap\u0131lan belediyelerde g\u00f6revden ayr\u0131lmalar\u0131n oldu\u011funu ve olaca\u011f\u0131n\u0131 aktaran K\u0131l\u0131\u00e7daro\u011flu, baz\u0131 belediyelerle ilgili verilen bilgilerin yanl\u0131\u015f oldu\u011funu ifade ederek, &#8220;\u00d6rne\u011fin Sel\u00e7uk Belediyesi\u2019nde belediye ba\u015fkan\u0131m\u0131z\u0131n yak\u0131n\u0131, kendisi ba\u015fkan se\u00e7ilmeden \u00e7ok \u00f6nce orada \u00e7al\u0131\u015f\u0131yordu. Orada \u00e7al\u0131\u015fan insan\u0131 belediye ba\u015fkan\u0131 se\u00e7ildi diye, \u2019sen eskiden girmi\u015ftin, seni atal\u0131m\u2019 bu da do\u011fru olmaz. Biz hepsine dikkat ediyoruz&#8221; ifadelerini kulland\u0131.<\/p>\n<p>K\u0131l\u0131\u00e7daro\u011flu, &#8220;Bak\u0131n ben havuz medyas\u0131na te\u015fekk\u00fcr ediyorum. Diyorum ki; \u2019Bunu yazd\u0131n\u0131z, bizde bunu g\u00f6rd\u00fck ve hemen d\u00fczelttik\u2019 ama siz ger\u00e7ekten gazetecilik yap\u0131yorsan\u0131z ger\u00e7ekten halk\u0131n beklentilerine terc\u00fcman oluyorsan\u0131z, di\u011fer belediyelerin yapt\u0131klar\u0131n\u0131 da yaz\u0131n hatta daha da \u00f6teye gidin&#8221; dedi.<\/p>\n<p>Bakanl\u0131ktaki baz\u0131 b\u00fcrokratlar\u0131n \u00e7ift maa\u015f almas\u0131 konusunda a\u00e7\u0131klamalarda bulunan K\u0131l\u0131\u00e7daro\u011flu \u015funlar\u0131 aktard\u0131:<\/p>\n<p>&#8220;Do\u011fru de\u011fil arkada\u015flar, bu kadar i\u015fsizin oldu\u011fu bir yerde b\u00fcrokratlar\u0131n sadece 2-3 yer de\u011fil, 4-5 yerden ayl\u0131k alanlar var. Buradaki temel sorun \u015fu, bir b\u00fcrokrat bakanl\u0131\u011fa ba\u011fl\u0131 bir \u015firkette g\u00f6rev al\u0131yor ve o \u015firketin denetiminden de ayn\u0131 zamanda sorumlu, hem y\u00f6netici hem denet\u00e7i nas\u0131l olur burada, garabet burada ba\u015fl\u0131yor zaten, bu t\u00fcr \u015feyleri siyasi ahlak yasas\u0131 \u00e7\u0131kararak b\u00fct\u00fcn bunlar\u0131n hepsini objektif kurala ba\u011flar\u0131z. Buna, sivil toplum kurulu\u015flar\u0131 ve sendikalarda dahil olsun.&#8221;<\/p>\n<p>\u201cOrtado\u011fu\u2019da bar\u0131\u015f\u0131 savunduk ve savunmaya devam ediyoruz\u201d<\/p>\n<p>Suriye\u2019de olu\u015fturulmak istenen \u2019bar\u0131\u015f koridoru\u2019 meselesine de\u011finen K\u0131l\u0131\u00e7daro\u011flu, &#8220;\u00d6teden beri biz Ortado\u011fu\u2019da bar\u0131\u015f\u0131 savunduk ve savunmaya devam ediyoruz. T\u00fcrkiye, Ortado\u011fu politikas\u0131nda kendi g\u00fcvenli\u011fini sa\u011flamak zorundad\u0131r. Bu ba\u011flamda, \u2019bar\u0131\u015f koridoru\u2019da olabilir, \u00f6zel bir b\u00f6lge de olabilir. Biz T\u00fcrkiye\u2019nin i\u00e7inde bulundu\u011fu co\u011frafyada kendi g\u00fcvenli\u011fini sa\u011flayacak b\u00fct\u00fcn ad\u0131mlar\u0131 atmak zorundad\u0131r&#8221; \u015feklinde konu\u015ftu.<\/p>\n<p>Eyl\u00fcl ay\u0131nda \u0130stanbul\u2019da Suriye ile ilgili bir \u00e7al\u0131\u015ftay d\u00fczenlenece\u011fini vurgulayan K\u0131l\u0131\u00e7daro\u011flu, &#8220;Bu konuda \u00e7al\u0131\u015fma yap\u0131yoruz. \u0130simler belirlenmedi, T\u00fcrkiye\u2019de b\u00fct\u00fcn taraflar\u0131n oldu\u011fu bir Suriye sorununu masaya yat\u0131rmak istiyoruz. B\u00fct\u00fcn taraflar olmal\u0131, bizim siyaseten sa\u011fc\u0131 dedi\u011fimiz, siyaseten solcu dedi\u011fimiz, siyaseten ortac\u0131 dedi\u011fimiz, siyasi partilerin temsilcileri hatta yurt d\u0131\u015f\u0131nda Avrupa Birli\u011fi\u2019nden, Birle\u015fmi\u015f Milletlerden Suriye konusunda yetkililerin gelip hep beraber T\u00fcrkiye\u2019de Suriye \u00e7al\u0131\u015ftay\u0131 yapmak zorunday\u0131z. Suriye\u2019de ki olaylar\u0131 t\u00fcm boyutlar\u0131yla de\u011ferlendirmek zorunday\u0131z. Meseleyi tek boyutlu ele al\u0131rsan\u0131z, sa\u011fl\u0131kl\u0131 \u00e7\u00f6z\u00fcm \u00fcretemezsiniz&#8221; ifadelerini kaydetti.<\/p>\n","protected":false},"excerpt":{"rendered":"<p>CHP GENEL BA\u015eKANI KEMAL KILI\u00c7DARO\u011eLU, T\u00dcRK-\u0130\u015e GENEL BA\u015eKANI ERG\u00dcN ATALAY&#8217;I Z\u0130YARET ETT\u0130.<\/p>\n","protected":false},"author":1,"featured_media":188684,"comment_status":"closed","ping_status":"open","sticky":false,"template":"","format":"standard","meta":{"jetpack_post_was_ever_published":false,"_jetpack_newsletter_access":"","_jetpack_dont_email_post_to_subs":false,"_jetpack_newsletter_tier_id":0,"_jetpack_memberships_contains_paywalled_content":false,"_jetpack_memberships_contains_paid_content":false,"footnotes":"","jetpack_publicize_message":"","jetpack_publicize_feature_enabled":true,"jetpack_social_post_already_shared":true,"jetpack_social_options":{"image_generator_settings":{"template":"highway","default_image_id":0,"font":"","enabled":false},"version":2}},"categories":[1],"tags":[47038,216,207,869,170,27349,150],"class_list":["post-188683","post","type-post","status-publish","format-standard","has-post-thumbnail","hentry","category-genel","tag-atalayi","tag-baskani","tag-etti","tag-genel","tag-kilicdaroglu","tag-turk-is","tag-ziyaret"],"jetpack_publicize_connections":[],"jetpack_featured_media_url":"https:\/\/i0.wp.com\/www.tvturk.com\/wp-content\/uploads\/2019\/07\/kilicdarogluturk-is-genel-baskani-atalayi-ziyaret-etti_9ba1151.jpg?fit=1000%2C750","jetpack_sharing_enabled":true,"jetpack_shortlink":"https:\/\/wp.me\/paKIfm-N5h","_links":{"self":[{"href":"http:\/\/www.tvturk.com\/index.php\/wp-json\/wp\/v2\/posts\/188683","targetHints":{"allow":["GET"]}}],"collection":[{"href":"http:\/\/www.tvturk.com\/index.php\/wp-json\/wp\/v2\/posts"}],"about":[{"href":"http:\/\/www.tvturk.com\/index.php\/wp-json\/wp\/v2\/types\/post"}],"author":[{"embeddable":true,"href":"http:\/\/www.tvturk.com\/index.php\/wp-json\/wp\/v2\/users\/1"}],"replies":[{"embeddable":true,"href":"http:\/\/www.tvturk.com\/index.php\/wp-json\/wp\/v2\/comments?post=188683"}],"version-history":[{"count":0,"href":"http:\/\/www.tvturk.com\/index.php\/wp-json\/wp\/v2\/posts\/188683\/revisions"}],"wp:featuredmedia":[{"embeddable":true,"href":"http:\/\/www.tvturk.com\/index.php\/wp-json\/wp\/v2\/media\/188684"}],"wp:attachment":[{"href":"http:\/\/www.tvturk.com\/index.php\/wp-json\/wp\/v2\/media?parent=188683"}],"wp:term":[{"taxonomy":"category","embeddable":true,"href":"http:\/\/www.tvturk.com\/index.php\/wp-json\/wp\/v2\/categories?post=188683"},{"taxonomy":"post_tag","embeddable":true,"href":"http:\/\/www.tvturk.com\/index.php\/wp-json\/wp\/v2\/tags?post=188683"}],"curies":[{"name":"wp","href":"https:\/\/api.w.org\/{rel}","templated":true}]}}