{"id":188691,"date":"2019-07-31T20:01:54","date_gmt":"2019-07-31T17:01:54","guid":{"rendered":"http:\/\/www.tvturk.com\/index.php\/kadinlar-kocasi-tarafindan-oldurulen-hatice-kavak-icin-toplandi\/"},"modified":"2019-07-31T20:01:54","modified_gmt":"2019-07-31T17:01:54","slug":"kadinlar-kocasi-tarafindan-oldurulen-hatice-kavak-icin-toplandi","status":"publish","type":"post","link":"http:\/\/www.tvturk.com\/index.php\/kadinlar-kocasi-tarafindan-oldurulen-hatice-kavak-icin-toplandi\/","title":{"rendered":"Kad\u0131nlar, kocas\u0131 taraf\u0131ndan \u00f6ld\u00fcr\u00fclen Hatice Kavak i\u00e7in topland\u0131"},"content":{"rendered":"<p>MERS\u0130N (\u0130HA) \u2013 Mersin\u2019in G\u00fclnar il\u00e7esinde 26 Temmuz\u2019da kocas\u0131 taraf\u0131ndan defalarca b\u0131\u00e7aklanarak \u00f6ld\u00fcr\u00fclen iki \u00e7ocuk annesi Hatice Kavak i\u00e7in toplanan kad\u0131nlar, tepkilerini dile getirerek, kad\u0131n cinayetlerinin durdurulmas\u0131 \u00e7a\u011fr\u0131s\u0131 yapt\u0131.<\/p>\n<p>Mersin\u2019in G\u00fclnar il\u00e7esinde, iki \u00e7ocuk annesi Hatice Kavak (36), 26 Temmuz Cuma g\u00fcn\u00fc pazar al\u0131\u015fveri\u015finden d\u00f6nd\u00fc\u011f\u00fc s\u0131rada, e\u015fi Durmu\u015f Ali Kavak\u2019\u0131n b\u0131\u00e7akl\u0131 sald\u0131r\u0131s\u0131na u\u011frad\u0131. Kocas\u0131 taraf\u0131ndan defalarca b\u0131\u00e7aklanarak a\u011f\u0131r yaralanan ve ilk m\u00fcdahalesi G\u00fclnar Devlet Hastanesinde yap\u0131lan Kavak, daha sonra sevk edildi\u011fi Silifke Devlet Hastanesinde yap\u0131lan t\u00fcm m\u00fcdahalelere ra\u011fmen kurtar\u0131lamayarak ya\u015fam\u0131n\u0131 yitirdi. Bo\u015fanmak istedi\u011fi i\u00e7in e\u015fini \u00f6ld\u00fcrd\u00fc\u011f\u00fc iddia edilen zanl\u0131 koca ise polis ekiplerince su\u00e7 aletiyle birlikte k\u0131sa s\u00fcrede yakalanarak sevk edildi\u011fi adliyede \u00e7\u0131kar\u0131ld\u0131\u011f\u0131 mahkemece tutukland\u0131.<\/p>\n<p>G\u00fclnarl\u0131 kad\u0131nlar ve Kad\u0131n \u0130nisiyatifinden tepki<\/p>\n<p>Cinayetin ard\u0131ndan harekete ge\u00e7en kad\u0131n \u00f6rg\u00fctleri, bug\u00fcn G\u00fclnar\u2019da Hatice Kavak\u2019\u0131n Ayval\u0131 Mahallesi\u2019ndeki mezar\u0131na giderek dua edip karanfil b\u0131rakt\u0131. G\u00fclnarl\u0131 kad\u0131nlar ve Kad\u0131n \u0130nisiyatifi taraf\u0131ndan ger\u00e7ekle\u015ftirilen etkinli\u011fe kat\u0131lanlar, daha sonra G\u00fclnar Kaymakaml\u0131\u011f\u0131 \u00f6n\u00fcnde topland\u0131. Aralar\u0131nda G\u00fclnar Belediye Ba\u015fkan\u0131 Alpaslan \u00dcn\u00fcvar\u2019\u0131n da bulundu\u011fu grup, 36 ya\u015f\u0131ndaki Hatice Kavak\u2019\u0131n vah\u015fice \u00f6ld\u00fcr\u00fclmesine tepki g\u00f6sterdi. Burada yap\u0131lan bas\u0131n a\u00e7\u0131klamas\u0131nda konu\u015fan Belediye Ba\u015fkan\u0131 \u00dcn\u00fcvar, \u00fcz\u00fcnt\u00fclerini dile getirerek, Hatice Kavak\u2019\u0131n \u00f6l\u00fcm\u00fcyle G\u00fclnar\u2019da insanl\u0131\u011f\u0131n \u00f6ld\u00fc\u011f\u00fcn\u00fc s\u00f6yledi. Bu olay\u0131n ilk ve son olmas\u0131 temennisinde bulunan \u00dcn\u00fcvar, \u201c\u0130n\u015fallah b\u00f6yle bir ac\u0131y\u0131 bir daha ya\u015famay\u0131z. Kavak\u2019a Allah\u2019tan rahmet, ailesine ba\u015fsa\u011fl\u0131\u011f\u0131 diliyorum\u201d dedi.<\/p>\n<p>\u201cMersin\u2019de son 7 ayda \u00f6ld\u00fcr\u00fclen kad\u0131n say\u0131s\u0131 9\u2019a ula\u015ft\u0131\u201d<\/p>\n<p>Daha sonra Kad\u0131n \u0130nisiyatifi ad\u0131na konu\u015fan kad\u0131n haklar\u0131 savunucusu Av. \u015eerife Ar\u0131c\u0131 Y\u0131ld\u0131z ise son y\u0131llarda T\u00fcrkiye\u2019de kad\u0131nlar\u0131n ya\u015fam hakk\u0131na, e\u015fleri, eski e\u015fleri, babalar\u0131, a\u011fabeyleri taraf\u0131ndan yap\u0131lan hunharca sald\u0131r\u0131lar\u0131n \u00fcrk\u00fct\u00fcc\u00fc boyutlara vard\u0131\u011f\u0131n\u0131 s\u00f6yledi. Mersin\u2019de bu sald\u0131r\u0131lar sonucu ya\u015fam\u0131n\u0131 yitiren kad\u0131n say\u0131s\u0131n\u0131n son 7 ayda 9\u2019a ula\u015ft\u0131\u011f\u0131na dikkat \u00e7eken Y\u0131ld\u0131z, \u201cYa\u015famay\u0131 herkesten \u00e7ok hak eden kad\u0131nlar\u0131n ya\u015fam\u0131na kast eden bu cinayetler, sadece kad\u0131nlar\u0131 ya\u015famdan ay\u0131rmakla kalmamakta, toplumumuzu, t\u00fcm kad\u0131nlar\u0131n ya\u015fam hakk\u0131n\u0131 tehdit etmekte, bununla birlikte kentimizi kad\u0131n cinayetleri ile an\u0131lan bir kente d\u00f6n\u00fc\u015ft\u00fcrmektedir. Daha ge\u00e7ti\u011fimiz g\u00fcnlerde Toroslar\u2019da eski e\u015fi taraf\u0131ndan \u00f6ld\u00fcr\u00fclen Filiz Kaplan can\u0131m\u0131z\u0131n yas\u0131 kalkmadan, G\u00fclnar\u2019da Hatice Kavak can\u0131m\u0131z\u0131n herkesin g\u00f6z\u00fc \u00f6n\u00fcnde b\u0131\u00e7akla onlarca kez vurularak \u00f6ld\u00fcr\u00fclmesi, hepimizi ta\u015f\u0131nmas\u0131 zor bir ac\u0131ya ve utanca gark etmi\u015ftir. Kad\u0131nlar sokak ortas\u0131nda d\u00f6v\u00fcl\u00fcp \u00f6ld\u00fcr\u00fcl\u00fcrken, toplumun g\u00f6sterdi\u011fi kay\u0131ts\u0131zl\u0131k ve duyars\u0131zl\u0131k, kad\u0131nlar\u0131n korunamamas\u0131, \u00f6l\u00fcmler kadar vicdanlar\u0131m\u0131z\u0131 rahats\u0131z eden bir durumdur. Her kad\u0131n cinayeti kad\u0131n kimli\u011fine bir sald\u0131r\u0131d\u0131r\u201d diye konu\u015ftu.<\/p>\n<p>Kad\u0131na \u015fiddet ve kad\u0131n cinayetlerini asla kabul edilemeyece\u011fini vurgulayan Y\u0131ld\u0131z, \u201cKad\u0131n cinayeti sadece insana kar\u015f\u0131 de\u011fil, topluma kar\u015f\u0131 i\u015flenmi\u015f bir su\u00e7tur. Kad\u0131na \u015fiddeti, kad\u0131n cinayetlerini k\u0131n\u0131yor, lanetliyoruz. Bu olay kar\u015f\u0131s\u0131nda t\u00fcm hem\u015fehrilerimizi, sivil toplum kurulu\u015flar\u0131n\u0131, siyasileri, kamu kurumlar\u0131n\u0131 duyarl\u0131l\u0131\u011fa, kad\u0131na \u015fiddete kar\u015f\u0131 tav\u0131r almaya, \u00f6nlem almaya, sorumluluk almaya davet ediyoruz. Risk ve tehdit alt\u0131ndaki kad\u0131nlar lay\u0131k\u0131yla korunmal\u0131d\u0131r. Yarg\u0131lamalarda en a\u011f\u0131r cezalar ivedi olarak verilmeli, hi\u00e7 bir ceza indirimi uygulanmamal\u0131d\u0131r\u201d ifadelerini kulland\u0131.<\/p>\n","protected":false},"excerpt":{"rendered":"<p>MERS\u0130N\u2019\u0130N G\u00dcLNAR \u0130L\u00c7ES\u0130NDE 26 TEMMUZ\u2019DA KOCASI TARAFINDAN DEFALARCA BI\u00c7AKLANARAK \u00d6LD\u00dcR\u00dcLEN \u0130K\u0130 \u00c7OCUK ANNES\u0130 HAT\u0130CE KAVAK \u0130\u00c7\u0130N TOPLANAN KADINLAR, TEPK\u0130LER\u0130N\u0130 D\u0130LE GET\u0130REREK, KADIN C\u0130NAYETLER\u0130N\u0130N DURDURULMASI \u00c7A\u011eRISI YAPTI.<\/p>\n","protected":false},"author":1,"featured_media":188692,"comment_status":"closed","ping_status":"open","sticky":false,"template":"","format":"standard","meta":{"jetpack_post_was_ever_published":false,"_jetpack_newsletter_access":"","_jetpack_dont_email_post_to_subs":false,"_jetpack_newsletter_tier_id":0,"_jetpack_memberships_contains_paywalled_content":false,"_jetpack_memberships_contains_paid_content":false,"footnotes":"","jetpack_publicize_message":"","jetpack_publicize_feature_enabled":true,"jetpack_social_post_already_shared":true,"jetpack_social_options":{"image_generator_settings":{"template":"highway","default_image_id":0,"font":"","enabled":false},"version":2}},"categories":[1],"tags":[42678,44,3104,4920,1352,6246,765,249],"class_list":["post-188691","post","type-post","status-publish","format-standard","has-post-thumbnail","hentry","category-genel","tag-hatice","tag-icin","tag-kadinlar","tag-kavak","tag-kocasi","tag-oldurulen","tag-tarafindan","tag-toplandi"],"jetpack_publicize_connections":[],"jetpack_featured_media_url":"https:\/\/i0.wp.com\/www.tvturk.com\/wp-content\/uploads\/2019\/07\/kadinlar-kocasi-tarafindan-oldurulen-hatice-kavak-icin-toplandi_5320fa4.jpg?fit=1000%2C750","jetpack_sharing_enabled":true,"jetpack_shortlink":"https:\/\/wp.me\/paKIfm-N5p","_links":{"self":[{"href":"http:\/\/www.tvturk.com\/index.php\/wp-json\/wp\/v2\/posts\/188691","targetHints":{"allow":["GET"]}}],"collection":[{"href":"http:\/\/www.tvturk.com\/index.php\/wp-json\/wp\/v2\/posts"}],"about":[{"href":"http:\/\/www.tvturk.com\/index.php\/wp-json\/wp\/v2\/types\/post"}],"author":[{"embeddable":true,"href":"http:\/\/www.tvturk.com\/index.php\/wp-json\/wp\/v2\/users\/1"}],"replies":[{"embeddable":true,"href":"http:\/\/www.tvturk.com\/index.php\/wp-json\/wp\/v2\/comments?post=188691"}],"version-history":[{"count":0,"href":"http:\/\/www.tvturk.com\/index.php\/wp-json\/wp\/v2\/posts\/188691\/revisions"}],"wp:featuredmedia":[{"embeddable":true,"href":"http:\/\/www.tvturk.com\/index.php\/wp-json\/wp\/v2\/media\/188692"}],"wp:attachment":[{"href":"http:\/\/www.tvturk.com\/index.php\/wp-json\/wp\/v2\/media?parent=188691"}],"wp:term":[{"taxonomy":"category","embeddable":true,"href":"http:\/\/www.tvturk.com\/index.php\/wp-json\/wp\/v2\/categories?post=188691"},{"taxonomy":"post_tag","embeddable":true,"href":"http:\/\/www.tvturk.com\/index.php\/wp-json\/wp\/v2\/tags?post=188691"}],"curies":[{"name":"wp","href":"https:\/\/api.w.org\/{rel}","templated":true}]}}