{"id":188699,"date":"2019-07-31T21:02:31","date_gmt":"2019-07-31T18:02:31","guid":{"rendered":"http:\/\/www.tvturk.com\/index.php\/galatasarayin-yeni-transferi-emre-mor-istanbula-geldi\/"},"modified":"2019-07-31T21:02:31","modified_gmt":"2019-07-31T18:02:31","slug":"galatasarayin-yeni-transferi-emre-mor-istanbula-geldi","status":"publish","type":"post","link":"http:\/\/www.tvturk.com\/index.php\/galatasarayin-yeni-transferi-emre-mor-istanbula-geldi\/","title":{"rendered":"Galatasaray\u2019\u0131n yeni transferi Emre Mor, \u0130stanbul\u2019a geldi"},"content":{"rendered":"<p>Galatasaray\u2019\u0131n ge\u00e7ici transferi konusunda Celta Vigo ile g\u00f6r\u00fc\u015fmelere ba\u015flad\u0131\u011f\u0131n\u0131 Kamuyu Ayd\u0131nlatma Platformu\u2019na bildirdi\u011fi gen\u00e7 futbolcu Emre Mor \u0130stanbul\u2019a geldi. Mor burada hocas\u0131 Fatih Terim ile ilgili, &#8220;Benim Fatih Terim ile iyi bir ili\u015fkim var. Onunla tekrar \u00e7al\u0131\u015faca\u011f\u0131m i\u00e7in mutluyum. O b\u00fcy\u00fck bir teknik adam&#8221; ifadelerini kulland\u0131.<\/p>\n<p>Galatasaray\u2019\u0131n \u0130spanya\u2019n\u0131n Celta Vigo tak\u0131m\u0131ndan yeni transferi Emre Mor, \u0130stanbul\u2019a geldi. Portekiz\u2019den \u0130stanbul Havaliman\u0131\u2019na ini\u015f yapan Emre\u2019yi \u00e7ok say\u0131da sar\u0131-k\u0131rm\u0131z\u0131l\u0131 taraftarlar kar\u015f\u0131lad\u0131. Taraftarlarla foto\u011fraf \u00e7ektiren Emre daha sonra kendisini bekleyen arabaya bindi ve konaklayaca\u011f\u0131 otele ge\u00e7ti. 22 ya\u015f\u0131ndaki futbolcu, yar\u0131n sa\u011fl\u0131k kontrol\u00fcnden ge\u00e7tikten sonra resmi imzay\u0131 atacak.<\/p>\n<p>Havaliman\u0131nda bas\u0131n mensuplar\u0131na a\u00e7\u0131klamalarda bulunan Mor, &#8220;B\u00fcy\u00fck bir tak\u0131ma geldi\u011fim i\u00e7in mutluyum. Transferim sonu\u00e7land\u0131 ve uzun zamand\u0131r bu an\u0131 bekliyordum. Benim Fatih Terim ile iyi bir ili\u015fkim var. Onunla tekrar \u00e7al\u0131\u015faca\u011f\u0131m i\u00e7in mutluyum. O b\u00fcy\u00fck bir teknik adam. Tak\u0131m arkada\u015flar\u0131mla \u00e7al\u0131\u015fmak i\u00e7in sab\u0131rs\u0131zlan\u0131yorum. Haz\u0131r bir haldeyim. Sadece \u00e7al\u0131\u015fmalara odakland\u0131m. Benim i\u00e7in ba\u015far\u0131l\u0131 bir haz\u0131rl\u0131k d\u00f6nemi ge\u00e7ti&#8221; \u015feklinde konu\u015ftu.<\/p>\n<p>Emre Mor, kariyerinde Nordsjaelland, Borussia Dortmund ve Celta Vigo\u2019da toplam 72 resmi ma\u00e7a \u00e7\u0131kt\u0131 ve 4 gol, 8 asist ile m\u00fccadele etti. 15 kez de A Milli Futbol Tak\u0131m\u0131 formas\u0131 giyen Emre 1 kez gol sevinci ya\u015fad\u0131.<\/p>\n","protected":false},"excerpt":{"rendered":"<p>GALATASARAY&#8217;IN GE\u00c7\u0130C\u0130 TRANSFER\u0130 KONUSUNDA CELTA V\u0130GO \u0130LE G\u00d6R\u00dc\u015eMELERE BA\u015eLADI\u011eINI KAMUYU AYDINLATMA PLATFORMU&#8217;NA B\u0130LD\u0130RD\u0130\u011e\u0130 GEN\u00c7 FUTBOLCU EMRE MOR \u0130STANBUL&#8217;A GELD\u0130. MOR BURADA HOCASI FAT\u0130H TER\u0130M \u0130LE \u0130LG\u0130L\u0130, &#8220;BEN\u0130M FAT\u0130H TER\u0130M \u0130LE \u0130Y\u0130 B\u0130R \u0130L\u0130\u015eK\u0130M VAR. ONUNLA TEKRAR \u00c7ALI\u015eACA\u011eIM \u0130\u00c7\u0130N MUTLUYUM. O B\u00dcY\u00dcK B\u0130R TEKN\u0130K ADAM&#8221; \u0130FADELER\u0130N\u0130 KULLANDI.<\/p>\n","protected":false},"author":1,"featured_media":188700,"comment_status":"closed","ping_status":"open","sticky":false,"template":"","format":"standard","meta":{"jetpack_post_was_ever_published":false,"_jetpack_newsletter_access":"","_jetpack_dont_email_post_to_subs":false,"_jetpack_newsletter_tier_id":0,"_jetpack_memberships_contains_paywalled_content":false,"_jetpack_memberships_contains_paid_content":false,"footnotes":"","jetpack_publicize_message":"","jetpack_publicize_feature_enabled":true,"jetpack_social_post_already_shared":true,"jetpack_social_options":{"image_generator_settings":{"template":"highway","default_image_id":0,"font":"","enabled":false},"version":2}},"categories":[657],"tags":[6360,17835,127,2174,9982,18554,87],"class_list":["post-188699","post","type-post","status-publish","format-standard","has-post-thumbnail","hentry","category-spor","tag-emre","tag-galatasarayin","tag-geldi","tag-istanbula","tag-mor","tag-transferi","tag-yeni"],"jetpack_publicize_connections":[],"jetpack_featured_media_url":"https:\/\/i0.wp.com\/www.tvturk.com\/wp-content\/uploads\/2019\/07\/galatasarayin-yeni-transferi-emre-mor-istanbula-geldi_57b1e12.jpg?fit=1000%2C750","jetpack_sharing_enabled":true,"jetpack_shortlink":"https:\/\/wp.me\/paKIfm-N5x","_links":{"self":[{"href":"http:\/\/www.tvturk.com\/index.php\/wp-json\/wp\/v2\/posts\/188699","targetHints":{"allow":["GET"]}}],"collection":[{"href":"http:\/\/www.tvturk.com\/index.php\/wp-json\/wp\/v2\/posts"}],"about":[{"href":"http:\/\/www.tvturk.com\/index.php\/wp-json\/wp\/v2\/types\/post"}],"author":[{"embeddable":true,"href":"http:\/\/www.tvturk.com\/index.php\/wp-json\/wp\/v2\/users\/1"}],"replies":[{"embeddable":true,"href":"http:\/\/www.tvturk.com\/index.php\/wp-json\/wp\/v2\/comments?post=188699"}],"version-history":[{"count":0,"href":"http:\/\/www.tvturk.com\/index.php\/wp-json\/wp\/v2\/posts\/188699\/revisions"}],"wp:featuredmedia":[{"embeddable":true,"href":"http:\/\/www.tvturk.com\/index.php\/wp-json\/wp\/v2\/media\/188700"}],"wp:attachment":[{"href":"http:\/\/www.tvturk.com\/index.php\/wp-json\/wp\/v2\/media?parent=188699"}],"wp:term":[{"taxonomy":"category","embeddable":true,"href":"http:\/\/www.tvturk.com\/index.php\/wp-json\/wp\/v2\/categories?post=188699"},{"taxonomy":"post_tag","embeddable":true,"href":"http:\/\/www.tvturk.com\/index.php\/wp-json\/wp\/v2\/tags?post=188699"}],"curies":[{"name":"wp","href":"https:\/\/api.w.org\/{rel}","templated":true}]}}