{"id":188709,"date":"2019-07-31T23:17:09","date_gmt":"2019-07-31T20:17:09","guid":{"rendered":"http:\/\/www.tvturk.com\/index.php\/galatasarayda-seri-takimla-idmana-cikti\/"},"modified":"2019-07-31T23:17:09","modified_gmt":"2019-07-31T20:17:09","slug":"galatasarayda-seri-takimla-idmana-cikti","status":"publish","type":"post","link":"http:\/\/www.tvturk.com\/index.php\/galatasarayda-seri-takimla-idmana-cikti\/","title":{"rendered":"Galatasaray\u2019da Seri tak\u0131mla idmana \u00e7\u0131kt\u0131"},"content":{"rendered":"<p>Galatasaray, 2019-2020 futbol sezonu haz\u0131rl\u0131klar\u0131 kapsam\u0131ndaki \u00e7al\u0131\u015fmalar\u0131na bu ak\u015fam yapt\u0131\u011f\u0131 antrenmanla devam etti.<\/p>\n<p>Florya Metin Oktay Tesisleri\u2019nde Teknik Direkt\u00f6r Fatih Terim g\u00f6zetiminde yap\u0131lan antrenman salonda core aktivasyon hareketleriyle ba\u015fland\u0131. Daha sonra antrenman sahas\u0131nda koordinasyon \u00e7al\u0131\u015fmas\u0131 yap\u0131ld\u0131. Antrenman\u0131n ana b\u00f6l\u00fcm\u00fcnde interval ko\u015fular \u00fczerinde duruldu.<\/p>\n<p>Antrenmana Fernando Muslera, Christian Luyindama ve Younes Belhanda\u2019n\u0131n yan\u0131 s\u0131ra yeni transferler Jean Michael Seri de kat\u0131ld\u0131.<\/p>\n<p>Galatasaray, yeni sezon haz\u0131rl\u0131klar\u0131na yar\u0131n Florya Metin Oktay Tesisleri\u2019nde yapaca\u011f\u0131 \u00e7ift antrenmanla devam edecek.<\/p>\n","protected":false},"excerpt":{"rendered":"<p>GALATASARAY, 2019-2020 FUTBOL SEZONU HAZIRLIKLARI KAPSAMINDAK\u0130 \u00c7ALI\u015eMALARINA BU AK\u015eAM YAPTI\u011eI ANTRENMANLA DEVAM ETT\u0130.<\/p>\n","protected":false},"author":1,"featured_media":188710,"comment_status":"closed","ping_status":"open","sticky":false,"template":"","format":"standard","meta":{"jetpack_post_was_ever_published":false,"_jetpack_newsletter_access":"","_jetpack_dont_email_post_to_subs":false,"_jetpack_newsletter_tier_id":0,"_jetpack_memberships_contains_paywalled_content":false,"_jetpack_memberships_contains_paid_content":false,"footnotes":"","jetpack_publicize_message":"","jetpack_publicize_feature_enabled":true,"jetpack_social_post_already_shared":true,"jetpack_social_options":{"image_generator_settings":{"template":"highway","default_image_id":0,"font":"","enabled":false},"version":2}},"categories":[657],"tags":[7423,1202,7079,21685,6516],"class_list":["post-188709","post","type-post","status-publish","format-standard","has-post-thumbnail","hentry","category-spor","tag-seri","tag-cikti","tag-galatasarayda","tag-idmana","tag-takimla"],"jetpack_publicize_connections":[],"jetpack_featured_media_url":"https:\/\/i0.wp.com\/www.tvturk.com\/wp-content\/uploads\/2019\/07\/galatasarayda-seri-takimla-idmana-cikti_bb6e872.jpg?fit=1000%2C676","jetpack_sharing_enabled":true,"jetpack_shortlink":"https:\/\/wp.me\/paKIfm-N5H","_links":{"self":[{"href":"http:\/\/www.tvturk.com\/index.php\/wp-json\/wp\/v2\/posts\/188709","targetHints":{"allow":["GET"]}}],"collection":[{"href":"http:\/\/www.tvturk.com\/index.php\/wp-json\/wp\/v2\/posts"}],"about":[{"href":"http:\/\/www.tvturk.com\/index.php\/wp-json\/wp\/v2\/types\/post"}],"author":[{"embeddable":true,"href":"http:\/\/www.tvturk.com\/index.php\/wp-json\/wp\/v2\/users\/1"}],"replies":[{"embeddable":true,"href":"http:\/\/www.tvturk.com\/index.php\/wp-json\/wp\/v2\/comments?post=188709"}],"version-history":[{"count":0,"href":"http:\/\/www.tvturk.com\/index.php\/wp-json\/wp\/v2\/posts\/188709\/revisions"}],"wp:featuredmedia":[{"embeddable":true,"href":"http:\/\/www.tvturk.com\/index.php\/wp-json\/wp\/v2\/media\/188710"}],"wp:attachment":[{"href":"http:\/\/www.tvturk.com\/index.php\/wp-json\/wp\/v2\/media?parent=188709"}],"wp:term":[{"taxonomy":"category","embeddable":true,"href":"http:\/\/www.tvturk.com\/index.php\/wp-json\/wp\/v2\/categories?post=188709"},{"taxonomy":"post_tag","embeddable":true,"href":"http:\/\/www.tvturk.com\/index.php\/wp-json\/wp\/v2\/tags?post=188709"}],"curies":[{"name":"wp","href":"https:\/\/api.w.org\/{rel}","templated":true}]}}