{"id":188717,"date":"2019-08-01T05:17:09","date_gmt":"2019-08-01T02:17:09","guid":{"rendered":"http:\/\/www.tvturk.com\/index.php\/ivanildo-fernandes-trabzona-geldi\/"},"modified":"2019-08-01T05:17:09","modified_gmt":"2019-08-01T02:17:09","slug":"ivanildo-fernandes-trabzona-geldi","status":"publish","type":"post","link":"http:\/\/www.tvturk.com\/index.php\/ivanildo-fernandes-trabzona-geldi\/","title":{"rendered":"Ivanildo Fernandes, Trabzon\u2019a geldi"},"content":{"rendered":"<p>Trabzonspor\u2019un prensip anla\u015fmas\u0131na vard\u0131\u011f\u0131 Portekizli Ivanildo Fernandes, Trabzon\u2019a geldi.<\/p>\n<p>Trabzonspor, Portekizli 23 ya\u015f\u0131ndaki savunma oyuncusu Ivanildo Fernandes\u2019le prensip anla\u015fmas\u0131na vard\u0131. Bu gece saatlerinde havayolu ile Trabzon\u2019a gelen Ivanildo Fernandes, havaliman\u0131nda bir grup taraftar taraf\u0131ndan kar\u015f\u0131land\u0131. Me\u015faleler ve tezah\u00fcratlar e\u015fli\u011finde kar\u015f\u0131lanan Fernandes, bordo-mavili kul\u00fcb\u00fcn arac\u0131na binerek konaklayaca\u011f\u0131 otele gitti.<\/p>\n","protected":false},"excerpt":{"rendered":"<p>TRABZONSPOR\u2019UN PRENS\u0130PTE ANLA\u015eMAYA VARDI\u011eI PORTEK\u0130ZL\u0130 IVAN\u0130LDO FERNANDES, TRABZON\u2019A GELD\u0130.<\/p>\n","protected":false},"author":1,"featured_media":188718,"comment_status":"closed","ping_status":"open","sticky":false,"template":"","format":"standard","meta":{"jetpack_post_was_ever_published":false,"_jetpack_newsletter_access":"","_jetpack_dont_email_post_to_subs":false,"_jetpack_newsletter_tier_id":0,"_jetpack_memberships_contains_paywalled_content":false,"_jetpack_memberships_contains_paid_content":false,"footnotes":"","jetpack_publicize_message":"","jetpack_publicize_feature_enabled":true,"jetpack_social_post_already_shared":true,"jetpack_social_options":{"image_generator_settings":{"template":"highway","default_image_id":0,"font":"","enabled":false},"version":2}},"categories":[657],"tags":[47048,127,47047,8270],"class_list":["post-188717","post","type-post","status-publish","format-standard","has-post-thumbnail","hentry","category-spor","tag-fernandes","tag-geldi","tag-ivanildo","tag-trabzona"],"jetpack_publicize_connections":[],"jetpack_featured_media_url":"https:\/\/i0.wp.com\/www.tvturk.com\/wp-content\/uploads\/2019\/08\/ivanildo-fernandes-trabzona-geldi_13602b9.jpg?fit=1000%2C562","jetpack_sharing_enabled":true,"jetpack_shortlink":"https:\/\/wp.me\/paKIfm-N5P","_links":{"self":[{"href":"http:\/\/www.tvturk.com\/index.php\/wp-json\/wp\/v2\/posts\/188717","targetHints":{"allow":["GET"]}}],"collection":[{"href":"http:\/\/www.tvturk.com\/index.php\/wp-json\/wp\/v2\/posts"}],"about":[{"href":"http:\/\/www.tvturk.com\/index.php\/wp-json\/wp\/v2\/types\/post"}],"author":[{"embeddable":true,"href":"http:\/\/www.tvturk.com\/index.php\/wp-json\/wp\/v2\/users\/1"}],"replies":[{"embeddable":true,"href":"http:\/\/www.tvturk.com\/index.php\/wp-json\/wp\/v2\/comments?post=188717"}],"version-history":[{"count":0,"href":"http:\/\/www.tvturk.com\/index.php\/wp-json\/wp\/v2\/posts\/188717\/revisions"}],"wp:featuredmedia":[{"embeddable":true,"href":"http:\/\/www.tvturk.com\/index.php\/wp-json\/wp\/v2\/media\/188718"}],"wp:attachment":[{"href":"http:\/\/www.tvturk.com\/index.php\/wp-json\/wp\/v2\/media?parent=188717"}],"wp:term":[{"taxonomy":"category","embeddable":true,"href":"http:\/\/www.tvturk.com\/index.php\/wp-json\/wp\/v2\/categories?post=188717"},{"taxonomy":"post_tag","embeddable":true,"href":"http:\/\/www.tvturk.com\/index.php\/wp-json\/wp\/v2\/tags?post=188717"}],"curies":[{"name":"wp","href":"https:\/\/api.w.org\/{rel}","templated":true}]}}