{"id":188721,"date":"2019-08-01T09:02:17","date_gmt":"2019-08-01T06:02:17","guid":{"rendered":"http:\/\/www.tvturk.com\/index.php\/deniz-turuc-fenerbahceyi-tercih-etti\/"},"modified":"2019-08-01T09:02:17","modified_gmt":"2019-08-01T06:02:17","slug":"deniz-turuc-fenerbahceyi-tercih-etti","status":"publish","type":"post","link":"http:\/\/www.tvturk.com\/index.php\/deniz-turuc-fenerbahceyi-tercih-etti\/","title":{"rendered":"Deniz T\u00fcr\u00fc\u00e7 Fenerbah\u00e7e\u2019yi tercih etti"},"content":{"rendered":"<p>\u0130stikbal Mobilya Kayserispor kaptan\u0131 Deniz T\u00fcr\u00fc\u00e7, Fenerbah\u00e7e ile anla\u015ft\u0131.<\/p>\n<p>Fenerbah\u00e7e ile Galatasaray\u2019\u0131n kadrosuna katmak istedi\u011fi \u0130stikbal Mobilya Kayserispor kaptan\u0131 Deniz T\u00fcr\u00fc\u00e7 karar\u0131n\u0131 verdi. Galatasaray\u2019\u0131n Emre Mor transferi sonras\u0131nda Fenerbah\u00e7e ile son bir g\u00f6r\u00fc\u015fme yapan 26 ya\u015f\u0131ndaki orta saha oyuncusu teklifi kabul etti. Fenerbah\u00e7e ile \u0130stikbal Mobilya Kayserispor aras\u0131nda son bir g\u00f6r\u00fc\u015fme yap\u0131lacak ve bonservis rakam\u0131 netle\u015ftirilecek. Deniz\u2019in bu hafta yeni tak\u0131m\u0131 ile mukavele yapaca\u011f\u0131 da \u00f6\u011frenildi.<\/p>\n<p>\u0130stikbal Mobilya Kayserispor Ba\u015fkan\u0131 Erol Bedir, kaptan Deniz T\u00fcr\u00fc\u00e7\u2019\u00fcn tercihi do\u011frultusunda ad\u0131m atacaklar\u0131n\u0131 a\u00e7\u0131klam\u0131\u015ft\u0131.<\/p>\n","protected":false},"excerpt":{"rendered":"<p>\u0130ST\u0130KBAL MOB\u0130LYA KAYSER\u0130SPOR KAPTANI DEN\u0130Z T\u00dcR\u00dc\u00c7, FENERBAH\u00c7E \u0130LE ANLA\u015eTI.<\/p>\n","protected":false},"author":1,"featured_media":188722,"comment_status":"closed","ping_status":"open","sticky":false,"template":"","format":"standard","meta":{"jetpack_post_was_ever_published":false,"_jetpack_newsletter_access":"","_jetpack_dont_email_post_to_subs":false,"_jetpack_newsletter_tier_id":0,"_jetpack_memberships_contains_paywalled_content":false,"_jetpack_memberships_contains_paid_content":false,"footnotes":"","jetpack_publicize_message":"","jetpack_publicize_feature_enabled":true,"jetpack_social_post_already_shared":true,"jetpack_social_options":{"image_generator_settings":{"template":"highway","default_image_id":0,"font":"","enabled":false},"version":2}},"categories":[657],"tags":[1471,207,4375,4504,37979],"class_list":["post-188721","post","type-post","status-publish","format-standard","has-post-thumbnail","hentry","category-spor","tag-deniz","tag-etti","tag-fenerbahceyi","tag-tercih","tag-turuc"],"jetpack_publicize_connections":[],"jetpack_featured_media_url":"https:\/\/i0.wp.com\/www.tvturk.com\/wp-content\/uploads\/2019\/08\/deniz-turuc-fenerbahceyi-tercih-etti_587afda.jpg?fit=1000%2C666","jetpack_sharing_enabled":true,"jetpack_shortlink":"https:\/\/wp.me\/paKIfm-N5T","_links":{"self":[{"href":"http:\/\/www.tvturk.com\/index.php\/wp-json\/wp\/v2\/posts\/188721","targetHints":{"allow":["GET"]}}],"collection":[{"href":"http:\/\/www.tvturk.com\/index.php\/wp-json\/wp\/v2\/posts"}],"about":[{"href":"http:\/\/www.tvturk.com\/index.php\/wp-json\/wp\/v2\/types\/post"}],"author":[{"embeddable":true,"href":"http:\/\/www.tvturk.com\/index.php\/wp-json\/wp\/v2\/users\/1"}],"replies":[{"embeddable":true,"href":"http:\/\/www.tvturk.com\/index.php\/wp-json\/wp\/v2\/comments?post=188721"}],"version-history":[{"count":0,"href":"http:\/\/www.tvturk.com\/index.php\/wp-json\/wp\/v2\/posts\/188721\/revisions"}],"wp:featuredmedia":[{"embeddable":true,"href":"http:\/\/www.tvturk.com\/index.php\/wp-json\/wp\/v2\/media\/188722"}],"wp:attachment":[{"href":"http:\/\/www.tvturk.com\/index.php\/wp-json\/wp\/v2\/media?parent=188721"}],"wp:term":[{"taxonomy":"category","embeddable":true,"href":"http:\/\/www.tvturk.com\/index.php\/wp-json\/wp\/v2\/categories?post=188721"},{"taxonomy":"post_tag","embeddable":true,"href":"http:\/\/www.tvturk.com\/index.php\/wp-json\/wp\/v2\/tags?post=188721"}],"curies":[{"name":"wp","href":"https:\/\/api.w.org\/{rel}","templated":true}]}}