{"id":188735,"date":"2019-08-01T09:32:07","date_gmt":"2019-08-01T06:32:07","guid":{"rendered":"http:\/\/www.tvturk.com\/index.php\/ozel-4-cocuk-annesi-motosikletli-kurye-gorenleri-hayrete-dusuruyor\/"},"modified":"2019-08-01T09:32:07","modified_gmt":"2019-08-01T06:32:07","slug":"ozel-4-cocuk-annesi-motosikletli-kurye-gorenleri-hayrete-dusuruyor","status":"publish","type":"post","link":"http:\/\/www.tvturk.com\/index.php\/ozel-4-cocuk-annesi-motosikletli-kurye-gorenleri-hayrete-dusuruyor\/","title":{"rendered":"(\u00d6zel) 4 \u00e7ocuk annesi motosikletli kurye g\u00f6renleri hayrete d\u00fc\u015f\u00fcr\u00fcyor"},"content":{"rendered":"<p>\u0130stanbul\u2019da d\u00f6rt y\u0131ld\u0131r motosikletli kurye olarak \u00e7al\u0131\u015fan evli ve d\u00f6rt \u00e7ocuk annesi Kadriye Mercan, mesle\u011fine duydu\u011fu hayranl\u0131kla g\u00f6renleri hayrete d\u00fc\u015f\u00fcr\u00fcyor. \u0130stanbul trafi\u011finde s\u00fcr\u00fcc\u00fclerle ilgin\u00e7 diyaloglar ya\u015fad\u0131\u011f\u0131n\u0131 s\u00f6yleyen Mercan, \u201cTrafikte day\u0131, yak\u0131\u015f\u0131kl\u0131, emmi diye seslenenler oluyor. Kafam\u0131 \u00e7eviriyorum, kad\u0131n oldu\u011fumu anlay\u0131nca \u00f6z\u00fcr diliyorlar\u201d dedi.<\/p>\n<p>\u0130stanbul trafi\u011finde d\u00f6rt y\u0131ld\u0131r motosikletli kurye olarak \u00e7al\u0131\u015fan d\u00f6rt \u00e7ocuk ve bir torun sahibi Kadriye Mercan (45), mesle\u011fine duydu\u011fu ba\u011fl\u0131l\u0131kla g\u00f6renleri hayrete d\u00fc\u015f\u00fcr\u00fcyor. E\u015finin deste\u011fi ile bu mesle\u011fe ilk ad\u0131m\u0131 att\u0131\u011f\u0131n\u0131 s\u00f6yleyen Mercan, \u0130stanbul trafi\u011finde di\u011fer s\u00fcr\u00fcc\u00fclerle ilgin\u00e7 diyaloglar ya\u015fad\u0131\u011f\u0131n\u0131 belirtti.<\/p>\n<p>\u201cD\u00f6rt y\u0131ld\u0131r \u0130stanbul\u2019un ablas\u0131, annesi, teyzesi oldum\u201d<\/p>\n<p>\u0130stanbul\u2019da d\u00f6rt y\u0131ld\u0131r motosikletli kurye olarak \u00e7al\u0131\u015ft\u0131\u011f\u0131n\u0131 s\u00f6yleyen Kadriye Mercan, \u201c\u0130\u015fime ger\u00e7ekten a\u015f\u0131k bir insan\u0131m. En b\u00fcy\u00fck destek\u00e7im de e\u015fim. E\u015fimle 26 y\u0131ld\u0131r evliyiz. Bu mesle\u011fi bana e\u015fim \u00f6\u011fretti, destekledi, yapabilece\u011fimi s\u00f6yledi. \u0130stanbul\u2019da d\u00f6rt y\u0131ld\u0131r motosikletli kurye olarak \u00e7al\u0131\u015f\u0131yorum. Evet yapt\u0131\u011f\u0131m i\u015f bir erkek mesle\u011fi. Toplumda \u00f6nce yad\u0131rg\u0131yorlar, sonra tebrik ediyorlar. Evet zor ama ben \u00e7ok seviyorum. Ger\u00e7ekten mesle\u011fimi \u00e7ok severek yap\u0131yorum. Erkek i\u015fi diyorlar; ama bence i\u015fin cinsiyeti olmaz. Trafikte bir bayan olarak bir aksilik, bir ayk\u0131r\u0131l\u0131kla kar\u015f\u0131la\u015fm\u0131yorum. \u0130nsanlar bana sayg\u0131 duyuyor. D\u00f6rt y\u0131ld\u0131r \u0130stanbul\u2019un ablas\u0131, annesi, teyzesi oldum. Benden ba\u015fka bir\u00e7ok arkada\u015f\u0131m\u0131z da \u0130stanbul\u2019da motosikletli kurye olarak \u00e7al\u0131\u015f\u0131yor. Motosiklet s\u00fcren bayanlar \u00e7ok; ama bunu meslek olarak, motosikletli kurye olarak yapmak istemiyorlar. Ben onlara bu mesle\u011fi tavsiye ediyorum. Trafikte ilgin\u00e7 hikayelerim oluyor. Trafikte day\u0131, yak\u0131\u015f\u0131kl\u0131, emmi diye seslenenler oluyor. Kafam\u0131 \u00e7eviriyorum, kad\u0131n oldu\u011fumu anlay\u0131nca \u00f6z\u00fcr diliyorlar. Adres soracaklar\u0131 zaman kad\u0131n oldu\u011fumu anlay\u0131nca geri duruyorlar. Ne demek sorun diyorum\u201d diye konu\u015ftu.<\/p>\n","protected":false},"excerpt":{"rendered":"<p>\u0130STANBUL\u2019DA D\u00d6RT YILDIR MOTOS\u0130KLETL\u0130 KURYE OLARAK \u00c7ALI\u015eAN EVL\u0130 VE D\u00d6RT \u00c7OCUK ANNES\u0130 KADR\u0130YE MERCAN, MESLE\u011e\u0130NE DUYDU\u011eU HAYRANLIKLA G\u00d6RENLER\u0130 HAYRETE D\u00dc\u015e\u00dcR\u00dcYOR.<\/p>\n","protected":false},"author":1,"featured_media":188736,"comment_status":"closed","ping_status":"open","sticky":false,"template":"","format":"standard","meta":{"jetpack_post_was_ever_published":false,"_jetpack_newsletter_access":"","_jetpack_dont_email_post_to_subs":false,"_jetpack_newsletter_tier_id":0,"_jetpack_memberships_contains_paywalled_content":false,"_jetpack_memberships_contains_paid_content":false,"footnotes":"","jetpack_publicize_message":"","jetpack_publicize_feature_enabled":true,"jetpack_social_post_already_shared":true,"jetpack_social_options":{"image_generator_settings":{"template":"highway","default_image_id":0,"font":"","enabled":false},"version":2}},"categories":[1],"tags":[1073,5282,1008,17528,2447,12312,6782,6864],"class_list":["post-188735","post","type-post","status-publish","format-standard","has-post-thumbnail","hentry","category-genel","tag-ozel","tag-annesi","tag-cocuk","tag-dusuruyor","tag-gorenleri","tag-hayrete","tag-kurye","tag-motosikletli"],"jetpack_publicize_connections":[],"jetpack_featured_media_url":"https:\/\/i0.wp.com\/www.tvturk.com\/wp-content\/uploads\/2019\/08\/ozel-4-cocuk-annesi-motosikletli-kurye-gorenleri-hayrete-dusuruyor_611d6eb.jpg?fit=1000%2C750","jetpack_sharing_enabled":true,"jetpack_shortlink":"https:\/\/wp.me\/paKIfm-N67","_links":{"self":[{"href":"http:\/\/www.tvturk.com\/index.php\/wp-json\/wp\/v2\/posts\/188735","targetHints":{"allow":["GET"]}}],"collection":[{"href":"http:\/\/www.tvturk.com\/index.php\/wp-json\/wp\/v2\/posts"}],"about":[{"href":"http:\/\/www.tvturk.com\/index.php\/wp-json\/wp\/v2\/types\/post"}],"author":[{"embeddable":true,"href":"http:\/\/www.tvturk.com\/index.php\/wp-json\/wp\/v2\/users\/1"}],"replies":[{"embeddable":true,"href":"http:\/\/www.tvturk.com\/index.php\/wp-json\/wp\/v2\/comments?post=188735"}],"version-history":[{"count":0,"href":"http:\/\/www.tvturk.com\/index.php\/wp-json\/wp\/v2\/posts\/188735\/revisions"}],"wp:featuredmedia":[{"embeddable":true,"href":"http:\/\/www.tvturk.com\/index.php\/wp-json\/wp\/v2\/media\/188736"}],"wp:attachment":[{"href":"http:\/\/www.tvturk.com\/index.php\/wp-json\/wp\/v2\/media?parent=188735"}],"wp:term":[{"taxonomy":"category","embeddable":true,"href":"http:\/\/www.tvturk.com\/index.php\/wp-json\/wp\/v2\/categories?post=188735"},{"taxonomy":"post_tag","embeddable":true,"href":"http:\/\/www.tvturk.com\/index.php\/wp-json\/wp\/v2\/tags?post=188735"}],"curies":[{"name":"wp","href":"https:\/\/api.w.org\/{rel}","templated":true}]}}