{"id":188741,"date":"2019-08-01T09:32:53","date_gmt":"2019-08-01T06:32:53","guid":{"rendered":"http:\/\/www.tvturk.com\/index.php\/kanserli-hastalarda-kemiklere-yayilimda-akilli-atom-tedavisi\/"},"modified":"2019-08-01T09:32:53","modified_gmt":"2019-08-01T06:32:53","slug":"kanserli-hastalarda-kemiklere-yayilimda-akilli-atom-tedavisi","status":"publish","type":"post","link":"http:\/\/www.tvturk.com\/index.php\/kanserli-hastalarda-kemiklere-yayilimda-akilli-atom-tedavisi\/","title":{"rendered":"Kanserli hastalarda kemiklere yay\u0131l\u0131mda ak\u0131ll\u0131 atom tedavisi"},"content":{"rendered":"<p>Do\u00e7. Dr. Umut Elbo\u011fa, kanserli hastalarda kemiklere yay\u0131l\u0131m ger\u00e7ekle\u015fmi\u015fse hastalar\u0131n a\u011fr\u0131lar\u0131na y\u00f6nelik, T\u00fcrkiye\u2019de ilk kez Haziran ay\u0131n\u0131n ilk haftas\u0131nda  Gaziantep \u00dcniversitesi\u2019nde ak\u0131ll\u0131 atom ile yeni bir tedavi ba\u015flatt\u0131klar\u0131n\u0131 s\u00f6yledi.<\/p>\n<p>Gaziantep \u00dcniversitesi T\u0131p Fak\u00fcltesi N\u00fckleer T\u0131p Anabilim Dal\u0131\u2019ndan Do\u00e7. Dr. Umut Elbo\u011fa, meme ve prostat kanseri olmak \u00fczere kemiklere yay\u0131l\u0131m yapma e\u011filiminde olan bir\u00e7ok kanser t\u00fcr\u00fcnde kemiklere yay\u0131l\u0131m\u0131n, n\u00fckleer t\u0131pta yap\u0131lan sintigrafik g\u00f6r\u00fcnt\u00fcleme ile tespiti m\u00fcmk\u00fcn oldu\u011funu s\u00f6yledi. Dr. Elbo\u011fa, bu g\u00f6r\u00fcnt\u00fcleme sonras\u0131nda verilebilecek yeni ak\u0131ll\u0131 atom tedavisi hakk\u0131nda bilgiler verdi. T\u00fcrkiye\u2019de ilk kez  Haziran ay\u0131n\u0131n ilk haftas\u0131nda tedaviyi uygulad\u0131klar\u0131 belirten Do\u00e7. Dr. Elbo\u011fa, ak\u0131ll\u0131 atom tedavisi ile kanserli hastalarda kemiklere yay\u0131l\u0131m durumunda, bu tedavinin a\u011fr\u0131y\u0131 y\u00fczde 60-70 oran\u0131nda azaltt\u0131\u011f\u0131n\u0131 anlatt\u0131. Dr. Elbo\u011fa, ilk uygulamay\u0131 prostat kanseri olan Ya\u015far T. isimli hastada uygulad\u0131klar\u0131n\u0131 s\u00f6yledi.<\/p>\n<p>\u2019\u2019Hastan\u0131n a\u011fr\u0131lar\u0131n\u0131 y\u00fczde 60-70\u2019ler oran\u0131nda azalt\u0131yor\u2019\u2019<\/p>\n<p>Kanser hastalar\u0131nda kemiklere yay\u0131l\u0131m durumunda ak\u0131ll\u0131 atomla tedavi vereceklerini belirten Do\u00e7. Dr. Umut Elbo\u011fa, \u2019\u2019Gaziantep \u00dcniversitesi T\u0131p Fak\u00fcltesi olarak \u00f6zellikle kemiklere yay\u0131l\u0131m yapma e\u011filiminde olan meme ve prostat kanserli hastalar ba\u015fta olmak \u00fczere kanser hastalar\u0131nda kemiklere yay\u0131l\u0131m\u0131 tespit etti\u011fimizde kemik a\u011fr\u0131lar\u0131na y\u00f6nelik ak\u0131ll\u0131 atomla tedavi vermeye ba\u015flad\u0131k. Bu tedavimizi hastan\u0131n b\u00f6l\u00fcm\u00fcm\u00fczde yapt\u0131rd\u0131\u011f\u0131 kemik sintigrafisi ile kanserli h\u00fccrelerin kemiklere yay\u0131l\u0131m\u0131n\u0131 tespit eti\u011fimiz takdirde yapaca\u011f\u0131z. Hastan\u0131n doktoru  ile g\u00f6r\u00fc\u015f al\u0131\u015fveri\u015finde bulunarak \u2019\u2019Hastan\u0131z\u0131n a\u011fr\u0131lar\u0131 di\u011fer alternatif  tedavilere ra\u011fmen devam ediyorsa a\u011fr\u0131y\u0131 azaltmak i\u00e7in  bizim uygulad\u0131\u011f\u0131m\u0131z yeni ak\u0131ll\u0131 atom tedavisini tek ba\u015f\u0131na yada di\u011fer a\u011fr\u0131y\u0131 azaltan ila\u00e7lar ile birlikte kullanabilirsiniz\u2019\u2019 diyece\u011fiz. Hastan\u0131n doktoru uygun g\u00f6rd\u00fc\u011f\u00fc takdirde hastaya ak\u0131ll\u0131 atomla olan bu yeni tedaviyi ba\u015flataca\u011f\u0131z. Hastan\u0131n \u015f\u00f6yle bir \u015fans\u0131 da olacak: A\u011fr\u0131s\u0131 azald\u0131\u011f\u0131 takdirde tedavisi tekrar edilebilecek. Bu tedavinin en b\u00fcy\u00fck avantaj\u0131; bizim verdi\u011fimiz ak\u0131ll\u0131 molek\u00fcl direkt hedefledi\u011fi dokuya gidiyor ve yap\u0131\u015f\u0131yor. Hedefledi\u011fi dokuda yani kemiklerde istenilen cevap al\u0131n\u0131yor, \u00f6zellikle a\u011fr\u0131 azalmas\u0131 ger\u00e7ekle\u015fiyor, hastan\u0131n a\u011fr\u0131s\u0131n\u0131 y\u00fczde 60-70\u2019ler oran\u0131nda azalt\u0131yor. Bu bilimsel \u00e7al\u0131\u015fmalarla ispatlanm\u0131\u015f durumda\u2019\u2019 dedi.<\/p>\n<p>\u2019\u2019Tedavi d\u00fcnyada az say\u0131da \u00fclkede yap\u0131l\u0131yor\u2019\u2019<\/p>\n<p>Yeni tedavinin d\u00fcnyada say\u0131l\u0131 merkezlerde yap\u0131ld\u0131\u011f\u0131n\u0131 aktaran Do\u00e7. Dr. Elbo\u011fa, \u2019\u2019D\u00fcnyada az say\u0131da  \u00fclkede yap\u0131l\u0131yor. Haziran ay\u0131nda  ilk kez T\u00fcrkiye\u2019de  \u00fcniversitemizde yap\u0131ld\u0131. Hastalar\u0131m\u0131z kendi laboratuvarlar\u0131m\u0131zda \u00fcretilecek bu ilaca istedikleri anda ula\u015fabilecekler ve ak\u0131ll\u0131 atomlarla tedaviye karar verdi\u011fimiz anda hastaya bu tedaviyi uygulayabilece\u011fiz\u2019\u2019 \u015feklinde konu\u015ftu.<\/p>\n<p>Do\u00e7. Dr. Elbo\u011fa s\u00f6zlerine \u015f\u00f6yle devam etti: \u2019\u2019Bu tedavi, t\u0131pta metabolik \u0131\u015f\u0131n tedavisi olarak da nitelendiriliyor. Hastalar da bize \u2019\u2019Ben ak\u0131ll\u0131 atom tedavisi almak istiyorum\u2019\u2019 diye ba\u015fvurabiliyorlar. Bu tarz ak\u0131ll\u0131 atom tedavilerini 2015 y\u0131l\u0131ndan beri kendi laboratuarlar\u0131m\u0131zda ila\u00e7lar\u0131 \u00fcreterek uygulamaya alm\u0131\u015f durumday\u0131z. \u00d6zellikle bu zamana kadar prostat kanserlerinde hedefledi\u011fimiz molek\u00fcller vard\u0131. O hedef molek\u00fclleri g\u00f6r\u00fcnt\u00fclemede yakalayan, sonras\u0131nda g\u00f6r\u00fcnt\u00fclemede belirledi\u011fimiz hedefleri de vuran radyoaktif maddelerle yani ak\u0131ll\u0131 atomlarla hem g\u00f6r\u00fcnt\u00fcleyip hem de tedavi edebilmekteyiz. Prostat kanseri d\u0131\u015f\u0131nda gastrointestinal sistemde g\u00f6r\u00fclen n\u00f6roendokrin t\u00fcm\u00f6rlerde (Hormon \u00fcreten h\u00fccreler ile sinir h\u00fccrelerinin  birlikte olu\u015fturdu\u011fu t\u00fcm\u00f6rlerde) hem g\u00f6r\u00fcnt\u00fcleme hem de tedaviyi ak\u0131ll\u0131 atomlarla uygulayabilmekteyiz\u2019\u2019.<\/p>\n<p>\u2019\u2019A\u011fr\u0131lara y\u00f6nelik olan ak\u0131ll\u0131 atom tedavimiz hastan\u0131n ya\u015fam kalitesini artt\u0131racak\u2019\u2019<\/p>\n<p>Haziran  ay\u0131nda  uygulamas\u0131 ger\u00e7ekle\u015fen  kanser hastalar\u0131ndaki kemik yay\u0131l\u0131m\u0131na y\u00f6nelik ak\u0131ll\u0131 atom tedavisinin hastan\u0131n ya\u015fam kalitesini artt\u0131raca\u011f\u0131n\u0131 vurgulayan Do\u00e7. Dr. Elbo\u011fa, \u2019\u2019Ak\u0131ll\u0131 atom tedavisi, n\u00f6roendokrin t\u00fcm\u00f6rlerde ve prostat kanserlerinde \u00e7ok uzun ge\u00e7mi\u015fi olmamas\u0131na ra\u011fmen yakla\u015f\u0131k 15 y\u0131ld\u0131r kullan\u0131lmakta. Bu ak\u0131ll\u0131 atomlarla tedavinin ya\u015fam s\u00fcresine ve ya\u015fam kalitesine etkisi bilimsel \u00e7al\u0131\u015fmalarla ispatlanm\u0131\u015ft\u0131. Kendi  g\u00f6zlemlerimizde; 4 y\u0131ld\u0131r bizim de uygulad\u0131\u011f\u0131m\u0131z ak\u0131ll\u0131 atom tedavilerinin hastalar\u0131n ya\u015fam s\u00fcrelerinde art\u0131\u015f sa\u011flad\u0131\u011f\u0131n\u0131 ve \u00f6zellikle ya\u015fam kalitesinin d\u00fc\u015fmesine sebep olan a\u011fr\u0131lar\u0131 azaltma konusunda da ba\u015far\u0131l\u0131 oldu\u011funu tespit ettik. Yeni uygulad\u0131\u011f\u0131m\u0131z ak\u0131ll\u0131 atom tedavisi ile kanser hastalar\u0131nda kemiklere yay\u0131l\u0131m ger\u00e7ekle\u015fmi\u015fse kemik a\u011fr\u0131lar\u0131n\u0131 azaltmak temel amac\u0131m\u0131z olacak. A\u011fr\u0131lara y\u00f6nelik ak\u0131ll\u0131 atom tedavisi ile bu hastalar\u0131m\u0131z\u0131n daha \u00f6nceki hasta gruplar\u0131nda sa\u011fland\u0131\u011f\u0131 gibi ya\u015fam kaliteleri artt\u0131r\u0131lacak. Daha \u00f6ncelerden kullanmaya ba\u015flad\u0131\u011f\u0131m\u0131z prostat kanseri ve n\u00f6roendokrin t\u00fcm\u00f6rlerdeki ak\u0131ll\u0131 atom tedavilerinin yan\u0131 s\u0131ra son olarak yak\u0131nlarda kullanmaya ba\u015flad\u0131\u011f\u0131m\u0131z kemik yay\u0131l\u0131m\u0131 olan kanserli hastalardaki kemiklere y\u00f6nelik ak\u0131ll\u0131 atom tedavilerinin hepsi hedefe y\u00f6nelik ak\u0131ll\u0131 molek\u00fclerle tedavi olarak nitelendirilmekte ve son derece ba\u015far\u0131l\u0131 sonu\u00e7lar vermektedir\u2019\u2019 diye konu\u015ftu.<\/p>\n","protected":false},"excerpt":{"rendered":"<p>DO\u00c7. DR. UMUT ELBO\u011eA, KANSERL\u0130 HASTALARDA KEM\u0130KLERE YAYILIM GER\u00c7EKLE\u015eM\u0130\u015eSE HASTALARIN A\u011eRILARINA Y\u00d6NEL\u0130K, T\u00dcRK\u0130YE&#8217;DE \u0130LK KEZ HAZ\u0130RAN AYININ \u0130LK HAFTASINDA  GAZ\u0130ANTEP \u00dcN\u0130VERS\u0130TES\u0130&#8217;NDE AKILLI ATOM \u0130LE YEN\u0130 B\u0130R TEDAV\u0130 BA\u015eLATTIKLARINI S\u00d6YLED\u0130.<\/p>\n","protected":false},"author":1,"featured_media":188742,"comment_status":"closed","ping_status":"open","sticky":false,"template":"","format":"standard","meta":{"jetpack_post_was_ever_published":false,"_jetpack_newsletter_access":"","_jetpack_dont_email_post_to_subs":false,"_jetpack_newsletter_tier_id":0,"_jetpack_memberships_contains_paywalled_content":false,"_jetpack_memberships_contains_paid_content":false,"footnotes":"","jetpack_publicize_message":"","jetpack_publicize_feature_enabled":true,"jetpack_social_post_already_shared":true,"jetpack_social_options":{"image_generator_settings":{"template":"highway","default_image_id":0,"font":"","enabled":false},"version":2}},"categories":[1],"tags":[407,31382,24887,15222,47053,6552,47054],"class_list":["post-188741","post","type-post","status-publish","format-standard","has-post-thumbnail","hentry","category-genel","tag-akilli","tag-atom","tag-hastalarda","tag-kanserli","tag-kemiklere","tag-tedavisi","tag-yayilimda"],"jetpack_publicize_connections":[],"jetpack_featured_media_url":"https:\/\/i0.wp.com\/www.tvturk.com\/wp-content\/uploads\/2019\/08\/kanserli-hastalarda-kemiklere-yayilimda-akilli-atom-tedavisi_2a2b272.jpg?fit=1000%2C666","jetpack_sharing_enabled":true,"jetpack_shortlink":"https:\/\/wp.me\/paKIfm-N6d","_links":{"self":[{"href":"http:\/\/www.tvturk.com\/index.php\/wp-json\/wp\/v2\/posts\/188741","targetHints":{"allow":["GET"]}}],"collection":[{"href":"http:\/\/www.tvturk.com\/index.php\/wp-json\/wp\/v2\/posts"}],"about":[{"href":"http:\/\/www.tvturk.com\/index.php\/wp-json\/wp\/v2\/types\/post"}],"author":[{"embeddable":true,"href":"http:\/\/www.tvturk.com\/index.php\/wp-json\/wp\/v2\/users\/1"}],"replies":[{"embeddable":true,"href":"http:\/\/www.tvturk.com\/index.php\/wp-json\/wp\/v2\/comments?post=188741"}],"version-history":[{"count":0,"href":"http:\/\/www.tvturk.com\/index.php\/wp-json\/wp\/v2\/posts\/188741\/revisions"}],"wp:featuredmedia":[{"embeddable":true,"href":"http:\/\/www.tvturk.com\/index.php\/wp-json\/wp\/v2\/media\/188742"}],"wp:attachment":[{"href":"http:\/\/www.tvturk.com\/index.php\/wp-json\/wp\/v2\/media?parent=188741"}],"wp:term":[{"taxonomy":"category","embeddable":true,"href":"http:\/\/www.tvturk.com\/index.php\/wp-json\/wp\/v2\/categories?post=188741"},{"taxonomy":"post_tag","embeddable":true,"href":"http:\/\/www.tvturk.com\/index.php\/wp-json\/wp\/v2\/tags?post=188741"}],"curies":[{"name":"wp","href":"https:\/\/api.w.org\/{rel}","templated":true}]}}