{"id":188749,"date":"2019-08-01T09:47:01","date_gmt":"2019-08-01T06:47:01","guid":{"rendered":"http:\/\/www.tvturk.com\/index.php\/ozel-bu-koyde-asirlardir-davul-calinmiyor\/"},"modified":"2019-08-01T09:47:01","modified_gmt":"2019-08-01T06:47:01","slug":"ozel-bu-koyde-asirlardir-davul-calinmiyor","status":"publish","type":"post","link":"http:\/\/www.tvturk.com\/index.php\/ozel-bu-koyde-asirlardir-davul-calinmiyor\/","title":{"rendered":"(\u00d6zel) Bu k\u00f6yde as\u0131rlard\u0131r davul \u00e7al\u0131nm\u0131yor"},"content":{"rendered":"<p>Ankara\u2019n\u0131n K\u0131z\u0131lcahamam il\u00e7esine ba\u011fl\u0131 Ta\u015fl\u0131ca k\u00f6y\u00fcnde as\u0131rlard\u0131r davul \u00e7al\u0131nm\u0131yor. Gelin kayas\u0131 efsanesine inanan k\u00f6yl\u00fcler, davul \u00e7al\u0131nd\u0131\u011f\u0131nda ba\u015flar\u0131na bir felaket gelece\u011fine ve k\u00f6yde t\u00fcrbesi bulunan Oru\u00e7 Gazi hazretlerinin davul sesinden rahats\u0131z olaca\u011f\u0131na inan\u0131yor.<\/p>\n<p>Ankara\u2019n\u0131n K\u0131z\u0131lcahamam il\u00e7esinde bulunan Ta\u015fl\u0131ca k\u00f6y\u00fc, farkl\u0131 bir\u00e7ok efsaneye ev sahipli\u011fi yap\u0131yor. Gelin alay\u0131n\u0131n davulla ge\u00e7i\u015fi s\u0131ras\u0131nda ta\u015f kesildi\u011fine inan\u0131lan k\u00f6ydeki gelin kayas\u0131 efsanesi, as\u0131rlard\u0131r  ku\u015faktan ku\u015fa\u011fa aktar\u0131l\u0131yor. D\u00fc\u011f\u00fcnlerinde ve Ramazan ay\u0131nda davul \u00e7almaktan korkan k\u00f6yl\u00fcler, k\u00f6yde t\u00fcrbesi bulunan Oru\u00e7 Gazi hazretlerinin davul sesinden rahats\u0131z olaca\u011f\u0131na ve davul \u00e7alan\u0131n bir felakete u\u011frayaca\u011f\u0131na inan\u0131yor. Ta\u015fl\u0131ca k\u00f6y\u00fc, at \u00fczerinde duvakl\u0131 bir gelini and\u0131ran gelin kayas\u0131yla, Oru\u00e7 Gazi T\u00fcrbesi\u2019yle, Anadolu isminin ilk ortaya \u00e7\u0131kt\u0131\u011f\u0131 K\u0131rm\u0131z\u0131 Ebe T\u00fcrbesi\u2019yle ve Ayran Ta\u015f\u0131 efsanesiyle T\u00fcrkiye\u2019nin d\u00f6rt bir yan\u0131ndan ziyaret\u00e7ileri a\u011f\u0131rl\u0131yor.  Bir\u00e7ok gelin ve damat ise efsanelere mazhar olmu\u015f bu k\u00f6ye gelip d\u00fc\u011f\u00fcn \u00e7ekimlerini yapt\u0131r\u0131yor.<\/p>\n<p>\u201cBizim k\u00f6y\u00fcm\u00fcz\u00fcn s\u0131n\u0131rlar\u0131na girildi\u011fi andan itibaren hi\u00e7bir d\u00fc\u011f\u00fcn sahibi davul \u00e7ald\u0131rmaz\u201d<\/p>\n<p>K\u00f6yde bug\u00fcne kadar davul sesi duymad\u0131\u011f\u0131n\u0131 ifade eden Ta\u015fl\u0131ca K\u00f6y\u00fc Muhtar\u0131 Kadir \u00d6zdemir, davul \u00e7al\u0131nmas\u0131n\u0131n s\u00f6z konusu bile olmayaca\u011f\u0131n\u0131 belirterek, \u201dOru\u00e7 Gazi bir g\u00fcn davulcular ge\u00e7erken buradan ben davulun sesinden rahats\u0131z oluyorum, davulcular\u0131 salmay\u0131n diyor. \u00d6yle dedik\u00e7e davulcu daha \u00e7ok \u00e7al\u0131yor. M\u00fcbarek onlara \u2018ta\u015f olarak kal\u0131n\u2019 diyor. Ta\u015f oluyor gelin alay\u0131. Bizim k\u00f6y\u00fcm\u00fcz\u00fcn s\u0131n\u0131rlar\u0131na girildi\u011fi andan itibaren hi\u00e7bir d\u00fc\u011f\u00fcn sahibi davul \u00e7ald\u0131rmaz. Samanpazar\u0131\u2019na gidip davulculara sordum. Bizim k\u00f6y\u00fcm\u00fczde davul \u00e7alar m\u0131s\u0131n\u0131z diye. Hi\u00e7biri asla kabul etmedi. Oru\u00e7 Gazi hazretlerinin rahats\u0131z oldu\u011fundan kaynaklan\u0131yor. Biri inanmay\u0131p gelip davul \u00e7alm\u0131\u015f. Attan d\u00fc\u015f\u00fcp 8 y\u0131l fel\u00e7li olarak ya\u015fad\u0131\u011f\u0131 s\u00f6ylenir. G\u00fcnl\u00fck ziyaret\u00e7isi oluyor k\u00f6y\u00fcm\u00fcz\u00fcn. Babalar\u0131m\u0131z bize anlat\u0131rd\u0131. Anlat\u0131lanlar\u0131 biz de gelenlere anlat\u0131yoruz\u201d dedi.<\/p>\n","protected":false},"excerpt":{"rendered":"<p>ANKARA\u2019NIN KIZILCAHAMAM \u0130L\u00c7ES\u0130NE BA\u011eLI TA\u015eLICA K\u00d6Y\u00dcNDE ASIRLARDIR DAVUL \u00c7ALINMIYOR.<\/p>\n","protected":false},"author":1,"featured_media":188750,"comment_status":"closed","ping_status":"open","sticky":false,"template":"","format":"standard","meta":{"jetpack_post_was_ever_published":false,"_jetpack_newsletter_access":"","_jetpack_dont_email_post_to_subs":false,"_jetpack_newsletter_tier_id":0,"_jetpack_memberships_contains_paywalled_content":false,"_jetpack_memberships_contains_paid_content":false,"footnotes":"","jetpack_publicize_message":"","jetpack_publicize_feature_enabled":true,"jetpack_social_post_already_shared":true,"jetpack_social_options":{"image_generator_settings":{"template":"highway","default_image_id":0,"font":"","enabled":false},"version":2}},"categories":[1],"tags":[1073,35053,47056,17149,2576],"class_list":["post-188749","post","type-post","status-publish","format-standard","has-post-thumbnail","hentry","category-genel","tag-ozel","tag-asirlardir","tag-calinmiyor","tag-davul","tag-koyde"],"jetpack_publicize_connections":[],"jetpack_featured_media_url":"https:\/\/i0.wp.com\/www.tvturk.com\/wp-content\/uploads\/2019\/08\/ozel-bu-koyde-asirlardir-davul-calinmiyor_fe25b4b.jpg?fit=1000%2C666","jetpack_sharing_enabled":true,"jetpack_shortlink":"https:\/\/wp.me\/paKIfm-N6l","_links":{"self":[{"href":"http:\/\/www.tvturk.com\/index.php\/wp-json\/wp\/v2\/posts\/188749","targetHints":{"allow":["GET"]}}],"collection":[{"href":"http:\/\/www.tvturk.com\/index.php\/wp-json\/wp\/v2\/posts"}],"about":[{"href":"http:\/\/www.tvturk.com\/index.php\/wp-json\/wp\/v2\/types\/post"}],"author":[{"embeddable":true,"href":"http:\/\/www.tvturk.com\/index.php\/wp-json\/wp\/v2\/users\/1"}],"replies":[{"embeddable":true,"href":"http:\/\/www.tvturk.com\/index.php\/wp-json\/wp\/v2\/comments?post=188749"}],"version-history":[{"count":0,"href":"http:\/\/www.tvturk.com\/index.php\/wp-json\/wp\/v2\/posts\/188749\/revisions"}],"wp:featuredmedia":[{"embeddable":true,"href":"http:\/\/www.tvturk.com\/index.php\/wp-json\/wp\/v2\/media\/188750"}],"wp:attachment":[{"href":"http:\/\/www.tvturk.com\/index.php\/wp-json\/wp\/v2\/media?parent=188749"}],"wp:term":[{"taxonomy":"category","embeddable":true,"href":"http:\/\/www.tvturk.com\/index.php\/wp-json\/wp\/v2\/categories?post=188749"},{"taxonomy":"post_tag","embeddable":true,"href":"http:\/\/www.tvturk.com\/index.php\/wp-json\/wp\/v2\/tags?post=188749"}],"curies":[{"name":"wp","href":"https:\/\/api.w.org\/{rel}","templated":true}]}}