{"id":188763,"date":"2019-08-01T10:02:36","date_gmt":"2019-08-01T07:02:36","guid":{"rendered":"http:\/\/www.tvturk.com\/index.php\/ozel-maaslari-odenmeyen-ozel-okul-ogretmenleri-isyan-etti\/"},"modified":"2019-08-01T10:02:36","modified_gmt":"2019-08-01T07:02:36","slug":"ozel-maaslari-odenmeyen-ozel-okul-ogretmenleri-isyan-etti","status":"publish","type":"post","link":"http:\/\/www.tvturk.com\/index.php\/ozel-maaslari-odenmeyen-ozel-okul-ogretmenleri-isyan-etti\/","title":{"rendered":"(\u00d6zel) Maa\u015flar\u0131 \u00f6denmeyen \u00f6zel okul \u00f6\u011fretmenleri isyan etti"},"content":{"rendered":"<p>Bursa\u2019da maa\u015flar\u0131n\u0131 alamad\u0131klar\u0131n\u0131 ileri s\u00fcren \u00f6zel okul \u00f6\u011fretmenleri eylem yapt\u0131.<\/p>\n<p>\u00d6zel okullarda \u00e7al\u0131\u015fan e\u011fitimcilerin ma\u011fduriyetleri art\u0131nca \u00f6\u011fretmenler bir araya gelip dernek kurdu. Osmangazi\u2019ye ba\u011fl\u0131 Akp\u0131nar Mahallesi\u2019nde bulunan Bilgi Okullar\u0131 \u00f6n\u00fcnde toplanan \u00f6\u011fretmen grubu, Bursa \u00d6zel Okul \u00d6\u011fretmenleri Dayan\u0131\u015fma Platformu ad\u0131yla bas\u0131n a\u00e7\u0131klamas\u0131 yapt\u0131. E\u011fitim-Sen Bursa \u015eubesi\u2019nin de destek verdi\u011fi bas\u0131n a\u00e7\u0131klamas\u0131nda \u00f6\u011fretmenler, &#8220;Aylard\u0131r alamad\u0131\u011f\u0131m\u0131z maa\u015flar hemen \u00f6densin&#8221; yaz\u0131l\u0131 pankart a\u00e7t\u0131.<\/p>\n<p>Ki\u015fi ba\u015f\u0131 30 bin liraya kadar alacakl\u0131 olan ve evlerine haciz geldi\u011fini ifade eden \u00f6\u011fretmenler ad\u0131na konu\u015fan \u015eeref \u00d6zt\u00fcrk, &#8220;Okul idarecilerinden \u00f6denmeyen \u00fccretlerimizi talep etti\u011fimizde mobbing ya\u015fad\u0131k. Bu g\u00f6r\u00fc\u015fme maddi kayb\u0131n yan\u0131nda manevi kayba da d\u00f6n\u00fc\u015ft\u00fc. Daha \u00f6nce de \u00fccretler s\u00fcrekli gecikmeli ya da k\u0131smen \u00f6deniyordu. \u00c7o\u011fu atanamayan gen\u00e7 \u00f6\u011fretmenler, i\u015fsizlik korkusuyla sesini \u00e7\u0131karam\u0131yor. Sesini \u00e7\u0131karanlar da e\u011fitim \u00f6\u011fretim y\u0131l\u0131 i\u00e7inde i\u015fini b\u0131rakt\u0131. \u00c7\u00fcnk\u00fc s\u00fcre\u00e7 psikolojik bask\u0131ya d\u00f6n\u00fc\u015ft\u00fc. Ancak ya\u015fanan hukuksuzluk ve ma\u011fduriyeti kamuoyunun bilmesi gerekti\u011fi d\u00fc\u015f\u00fcncesindeyiz. \u00d6zel okul \u00f6\u011fretmenleri olarak memur sendikalar\u0131n\u0131 ziyaret  ederek sesimizi duyuraca\u011f\u0131z. \u00dccretlerimiz \u00f6denmedi\u011fi takdirde s\u0131k\u0131nt\u0131 ya\u015fanan okullar\u0131n \u00f6n\u00fcnde geni\u015f \u00e7apl\u0131 bas\u0131n a\u00e7\u0131klamas\u0131 yapaca\u011f\u0131m\u0131z\u0131n bilinmesini isteriz. Bu konuda ma\u011fduriyet ya\u015fayan b\u00fct\u00fcn \u00f6\u011fretmenlerin bir araya gelmesi sa\u011flanacak. Hakk\u0131m\u0131z\u0131 al\u0131ncaya kadar m\u00fccadelemiz devam edecek&#8221; dedi.<\/p>\n<p>&#8220;7 ayd\u0131r maa\u015f\u0131m\u0131 alam\u0131yorum&#8221;<\/p>\n<p>\u0130ngilizce \u00f6\u011fretmeni Hakan K\u0131rc\u0131, kendisine 3 kere haciz geldi\u011fini anlatarak, &#8220;Bilgi Koleji\u2019nde \u00f6\u011fretmendim. 7 ayl\u0131k maa\u015f alaca\u011f\u0131m var. Maa\u015flar\u0131m \u00f6denmedi\u011fi i\u00e7in 3 haciz ve 1 banka takibi geldi. Hatta bizim haberimiz olmadan bizi i\u015ften de \u00e7\u0131kartm\u0131\u015flar. Bu konuda ciddi ma\u011fduriyetler var. Benim gibi sadece bu okulda en az 15 arkada\u015f\u0131m\u0131z var&#8221; dedi.<\/p>\n<p>Toplanan \u00f6\u011fretmenler bas\u0131n a\u00e7\u0131klamas\u0131n\u0131n ard\u0131ndan olays\u0131z \u015fekilde da\u011f\u0131ld\u0131.<\/p>\n","protected":false},"excerpt":{"rendered":"<p>BURSA&#8217;DA \u00d6ZEL OKUL \u00d6\u011eRETMENLER\u0130 MAA\u015eLARININ \u00d6DENMEMES\u0130N\u0130N ARDINDAN OKUL \u00d6N\u00dcNDE PANKART A\u00c7IP TEPK\u0130 G\u00d6STERD\u0130LER. \u00d6ZEL OKUL \u00d6\u011eRETMENLER\u0130N\u0130N STAT\u00dcS\u00dcNDEN VE MA\u011eDUR\u0130YET\u0130NDEN \u015e\u0130KAYET\u00c7\u0130 OLAN E\u011e\u0130T\u0130MC\u0130LER \u00d6DENMEYEN MAA\u015eLARIN ARDINDAN KEND\u0130LER\u0130NE GELEN HAC\u0130Z VE BANKA TAK\u0130PLER\u0130NDEN DERT YANDI.<\/p>\n","protected":false},"author":1,"featured_media":188764,"comment_status":"closed","ping_status":"open","sticky":false,"template":"","format":"standard","meta":{"jetpack_post_was_ever_published":false,"_jetpack_newsletter_access":"","_jetpack_dont_email_post_to_subs":false,"_jetpack_newsletter_tier_id":0,"_jetpack_memberships_contains_paywalled_content":false,"_jetpack_memberships_contains_paid_content":false,"footnotes":"","jetpack_publicize_message":"","jetpack_publicize_feature_enabled":true,"jetpack_social_post_already_shared":true,"jetpack_social_options":{"image_generator_settings":{"template":"highway","default_image_id":0,"font":"","enabled":false},"version":2}},"categories":[1],"tags":[1073,207,5623,28423,9482,923,120],"class_list":["post-188763","post","type-post","status-publish","format-standard","has-post-thumbnail","hentry","category-genel","tag-ozel","tag-etti","tag-isyan","tag-maaslari","tag-odenmeyen","tag-ogretmenleri","tag-okul"],"jetpack_publicize_connections":[],"jetpack_featured_media_url":"https:\/\/i0.wp.com\/www.tvturk.com\/wp-content\/uploads\/2019\/08\/ozel-maaslari-odenmeyen-ozel-okul-ogretmenleri-isyan-etti_8659cfc.jpg?fit=1000%2C562","jetpack_sharing_enabled":true,"jetpack_shortlink":"https:\/\/wp.me\/paKIfm-N6z","_links":{"self":[{"href":"http:\/\/www.tvturk.com\/index.php\/wp-json\/wp\/v2\/posts\/188763","targetHints":{"allow":["GET"]}}],"collection":[{"href":"http:\/\/www.tvturk.com\/index.php\/wp-json\/wp\/v2\/posts"}],"about":[{"href":"http:\/\/www.tvturk.com\/index.php\/wp-json\/wp\/v2\/types\/post"}],"author":[{"embeddable":true,"href":"http:\/\/www.tvturk.com\/index.php\/wp-json\/wp\/v2\/users\/1"}],"replies":[{"embeddable":true,"href":"http:\/\/www.tvturk.com\/index.php\/wp-json\/wp\/v2\/comments?post=188763"}],"version-history":[{"count":0,"href":"http:\/\/www.tvturk.com\/index.php\/wp-json\/wp\/v2\/posts\/188763\/revisions"}],"wp:featuredmedia":[{"embeddable":true,"href":"http:\/\/www.tvturk.com\/index.php\/wp-json\/wp\/v2\/media\/188764"}],"wp:attachment":[{"href":"http:\/\/www.tvturk.com\/index.php\/wp-json\/wp\/v2\/media?parent=188763"}],"wp:term":[{"taxonomy":"category","embeddable":true,"href":"http:\/\/www.tvturk.com\/index.php\/wp-json\/wp\/v2\/categories?post=188763"},{"taxonomy":"post_tag","embeddable":true,"href":"http:\/\/www.tvturk.com\/index.php\/wp-json\/wp\/v2\/tags?post=188763"}],"curies":[{"name":"wp","href":"https:\/\/api.w.org\/{rel}","templated":true}]}}