{"id":188765,"date":"2019-08-01T10:02:42","date_gmt":"2019-08-01T07:02:42","guid":{"rendered":"http:\/\/www.tvturk.com\/index.php\/ozel-istanbulun-en-buyuk-sera-uretiminin-yapildigi-koylerden-gocbeyli-havadan-goruntulendi\/"},"modified":"2019-08-01T10:02:42","modified_gmt":"2019-08-01T07:02:42","slug":"ozel-istanbulun-en-buyuk-sera-uretiminin-yapildigi-koylerden-gocbeyli-havadan-goruntulendi","status":"publish","type":"post","link":"http:\/\/www.tvturk.com\/index.php\/ozel-istanbulun-en-buyuk-sera-uretiminin-yapildigi-koylerden-gocbeyli-havadan-goruntulendi\/","title":{"rendered":"(\u00d6zel) \u0130stanbul\u2019un en b\u00fcy\u00fck sera \u00fcretiminin yap\u0131ld\u0131\u011f\u0131 k\u00f6ylerden G\u00f6\u00e7beyli havadan g\u00f6r\u00fcnt\u00fclendi"},"content":{"rendered":"<p>Serac\u0131l\u0131\u011f\u0131n 25 y\u0131ld\u0131r devam etti\u011fi G\u00f6\u00e7beyli k\u00f6y\u00fc, \u0130stanbul\u2019un meyve ve sebze ihtiyac\u0131n\u0131n \u00f6nemli bir k\u0131sm\u0131n\u0131 kar\u015f\u0131l\u0131yor. Ayn\u0131 zamanda modern serac\u0131l\u0131k tekniklerinin de uyguland\u0131\u011f\u0131 G\u00f6\u00e7beyli havadan g\u00f6r\u00fcnt\u00fclendi.<\/p>\n<p>\u0130stanbul\u2019un en b\u00fcy\u00fcn sera \u00fcretiminin yap\u0131ld\u0131\u011f\u0131 k\u00f6ylerden olan G\u00f6\u00e7beyli\u2019de serac\u0131l\u0131k 25 y\u0131ld\u0131r s\u00fcrd\u00fcr\u00fcl\u00fcyor. \u0130stanbul\u2019un meyve ve sebze ihtiyac\u0131n\u0131n bir k\u0131sm\u0131n\u0131 sa\u011flayan G\u00f6\u00e7beyli\u2019de ayn\u0131 zamanda modern serac\u0131l\u0131k teknikleri de kullan\u0131l\u0131yor. K\u00f6ydeki baz\u0131 seralarda hayata ge\u00e7irilen ve ilerleyen zamanlarda daha da yayg\u0131nla\u015ft\u0131r\u0131lmas\u0131 planlanan modern teknikler ile, seralardaki \u00fcr\u00fcnlerde verim ve kalite art\u0131\u015f\u0131 g\u00f6zleniyor.<\/p>\n<p>G\u00f6\u00e7beyli Kooperatif Ba\u015fkan\u0131 Selim Dilemek, \u201cAtadan dededen kalma serac\u0131l\u0131k yapmaktay\u0131z. Topraklar\u0131m\u0131z \u00e7ok g\u00fc\u00e7l\u00fc ve verimli. Bu topraklarda ne diksen olur. Biber, patl\u0131can akl\u0131n\u0131za ne gelirse. G\u00f6\u00e7beyli, \u0130stanbul\u2019a yak\u0131n, nakliyesi \u00e7ok ucuz\u201d dedi.<\/p>\n<p>G\u00f6\u00e7beyli\u2019de serac\u0131l\u0131kla u\u011fra\u015fan \u0130smet Ayd\u0131n, \u201cSerac\u0131l\u0131k deyince \u0130stanbul\u2019un son k\u00f6y\u00fc olarak buras\u0131 serac\u0131l\u0131\u011f\u0131n zirvesidir. Burada \u015fu anda tabii ki 25 y\u0131ld\u0131r devam eden serac\u0131l\u0131\u011f\u0131 daha iyi, \u00fcst seviyeye \u00e7\u0131karmak i\u00e7in b\u00fcy\u00fcklerimizin de deste\u011fine ihtiyac\u0131 var. Buras\u0131 \u0130stanbul ilimizde bulunmayacak \u00e7ok g\u00fczel topra\u011fa sahip. K\u00f6y\u00fcn \u00f6b\u00fcr ba\u015f\u0131ndan bu ba\u015f\u0131na kadar seralarla kapl\u0131 olan bir yer\u201d \u015feklinde konu\u015ftu.<\/p>\n<p>\u0130stanbul\u2019un en b\u00fcy\u00fck sera \u00fcretiminin yap\u0131ld\u0131\u011f\u0131 k\u00f6ylerden olan G\u00f6\u00e7beyli drone ile g\u00f6r\u00fcnt\u00fclendi.<\/p>\n","protected":false},"excerpt":{"rendered":"<p>SERACILI\u011eIN 25 YILDIR DEVAM ETT\u0130\u011e\u0130 G\u00d6\u00c7BEYL\u0130 K\u00d6Y\u00dc,  \u0130STANBUL\u2019UN MEYVE VE SEBZE \u0130HT\u0130YACININ \u00d6NEML\u0130 B\u0130R KISMINI KAR\u015eILIYOR.<\/p>\n","protected":false},"author":1,"featured_media":188766,"comment_status":"closed","ping_status":"open","sticky":false,"template":"","format":"standard","meta":{"jetpack_post_was_ever_published":false,"_jetpack_newsletter_access":"","_jetpack_dont_email_post_to_subs":false,"_jetpack_newsletter_tier_id":0,"_jetpack_memberships_contains_paywalled_content":false,"_jetpack_memberships_contains_paid_content":false,"footnotes":"","jetpack_publicize_message":"","jetpack_publicize_feature_enabled":true,"jetpack_social_post_already_shared":true,"jetpack_social_options":{"image_generator_settings":{"template":"highway","default_image_id":0,"font":"","enabled":false},"version":2}},"categories":[1],"tags":[1073,545,47061,3388,3387,10066,47060,2012,23896,1200],"class_list":["post-188765","post","type-post","status-publish","format-standard","has-post-thumbnail","hentry","category-genel","tag-ozel","tag-buyuk","tag-gocbeyli","tag-goruntulendi","tag-havadan","tag-istanbulun","tag-koylerden","tag-sera","tag-uretiminin","tag-yapildigi"],"jetpack_publicize_connections":[],"jetpack_featured_media_url":"https:\/\/i0.wp.com\/www.tvturk.com\/wp-content\/uploads\/2019\/08\/ozel-istanbulun-en-buyuk-sera-uretiminin-yapildigi-koylerden-gocbeyli-havadan-goruntulendi_86134b6.jpg?fit=1000%2C562","jetpack_sharing_enabled":true,"jetpack_shortlink":"https:\/\/wp.me\/paKIfm-N6B","_links":{"self":[{"href":"http:\/\/www.tvturk.com\/index.php\/wp-json\/wp\/v2\/posts\/188765","targetHints":{"allow":["GET"]}}],"collection":[{"href":"http:\/\/www.tvturk.com\/index.php\/wp-json\/wp\/v2\/posts"}],"about":[{"href":"http:\/\/www.tvturk.com\/index.php\/wp-json\/wp\/v2\/types\/post"}],"author":[{"embeddable":true,"href":"http:\/\/www.tvturk.com\/index.php\/wp-json\/wp\/v2\/users\/1"}],"replies":[{"embeddable":true,"href":"http:\/\/www.tvturk.com\/index.php\/wp-json\/wp\/v2\/comments?post=188765"}],"version-history":[{"count":0,"href":"http:\/\/www.tvturk.com\/index.php\/wp-json\/wp\/v2\/posts\/188765\/revisions"}],"wp:featuredmedia":[{"embeddable":true,"href":"http:\/\/www.tvturk.com\/index.php\/wp-json\/wp\/v2\/media\/188766"}],"wp:attachment":[{"href":"http:\/\/www.tvturk.com\/index.php\/wp-json\/wp\/v2\/media?parent=188765"}],"wp:term":[{"taxonomy":"category","embeddable":true,"href":"http:\/\/www.tvturk.com\/index.php\/wp-json\/wp\/v2\/categories?post=188765"},{"taxonomy":"post_tag","embeddable":true,"href":"http:\/\/www.tvturk.com\/index.php\/wp-json\/wp\/v2\/tags?post=188765"}],"curies":[{"name":"wp","href":"https:\/\/api.w.org\/{rel}","templated":true}]}}