{"id":188795,"date":"2019-08-01T10:32:29","date_gmt":"2019-08-01T07:32:29","guid":{"rendered":"http:\/\/www.tvturk.com\/index.php\/lunapark-kapilarini-engellilere-acti\/"},"modified":"2019-08-01T10:32:29","modified_gmt":"2019-08-01T07:32:29","slug":"lunapark-kapilarini-engellilere-acti","status":"publish","type":"post","link":"http:\/\/www.tvturk.com\/index.php\/lunapark-kapilarini-engellilere-acti\/","title":{"rendered":"Lunapark kap\u0131lar\u0131n\u0131 engellilere a\u00e7t\u0131"},"content":{"rendered":"<p>Batman\u2019da Bir Kalp Bin Umut Platformu taraf\u0131ndan y\u00fcr\u00fct\u00fclen proje kapsam\u0131nda lunaparka g\u00f6t\u00fcr\u00fclen engelliler g\u00f6n\u00fcllerince e\u011flendi. Lunapark i\u015fletmecisi, engellilerin i\u015fletmelerinden \u00fccretsiz yararlanabilece\u011fi m\u00fcjdesini verdi.<\/p>\n<p>Platform taraf\u0131ndan Batman\u2019da bulunan zihinsel, bedensel, i\u015fitme ve hafif zihinsel engeliler G\u00fcltepe Mahallesinde bulunan lunaparka getirilerek \u00e7arp\u0131\u015fan araba, d\u00f6nme dolap, gondol ba\u015fta olmak \u00fczere parkta bulanan e\u011flence ara\u00e7lar\u0131na bindirildi. \u0130lk kez lunaparka gelen engelliler b\u00fcy\u00fck bir sevin\u00e7 ya\u015fad\u0131.<\/p>\n<p>Bir Kalp Bin Umut Platformu Ba\u015fkan\u0131 Veysi Mercimek\u00e7i, lunapark ile birlikte g\u00fczel bir etkinli\u011fe imza att\u0131klar\u0131n\u0131 s\u00f6yledi. Mercimek\u00e7i, \u201cBug\u00fcnk\u00fc etkinli\u011fimizin amac\u0131 engellilere y\u00f6nelikti i\u015fitme, bedensel ve hafif zihinsel engelli vatanda\u015flar\u0131m\u0131za sa\u011f olsun lunapark\u0131n sahibi ile yapt\u0131\u011f\u0131m\u0131z g\u00f6r\u00fc\u015fmelerde lunapark a\u00e7\u0131k kald\u0131\u011f\u0131 s\u00fcrece t\u00fcm engelli vatanda\u015flar\u0131m\u0131z \u00fccretsiz olarak buradan hizmet g\u00f6receklerdir. Etkinli\u011fimize Evin karde\u015fimizin ad\u0131n\u0131 verdik. Evin kendisi Suriye sava\u015f\u0131nda yaralanm\u0131\u015f \u015farapnel par\u00e7alar\u0131 ile yaralanm\u0131\u015f bir karde\u015fimizdir. Onun ad\u0131n\u0131 projeye vererek t\u00fcm engelli vatanda\u015flar\u0131m\u0131za hizmet etmeye devam edece\u011fiz\u201d dedi.<\/p>\n<p>\u201cEngelli karde\u015flerimizi eve mahkum etmeyelim\u201d<\/p>\n<p>Lunapark sahibi Necdet Nas\u0131ro\u011flu ise daha \u00f6nce de bir\u00e7ok sosyal sorumluluk projesine dahil olduklar\u0131n\u0131 s\u00f6yledi. Nas\u0131ro\u011flu, \u201cSosyal projeler konusunda karnesini getiren b\u00fct\u00fcn \u00f6\u011frencilerimize park\u0131m\u0131zda \u00fccretsiz a\u011f\u0131rlam\u0131\u015ft\u0131k. Yeni kampanyay\u0131 beraber y\u00fcr\u00fct\u00fcyoruz. Evin karde\u015fimizin kampanyas\u0131. Tamam\u0131yla engelli olan t\u00fcm karde\u015flerimize s\u00fcresiz olmak \u00fczere engelli karde\u015flerimize bedava kart \u00e7\u0131kartaca\u011f\u0131m. Lunapark kart\u0131n \u00fczerinde ad\u0131 engelsiz ya\u015fam soyad\u0131 ya\u015fama sevinci not ba\u015farmak olacakt\u0131r. Bu proje tamam\u0131yla Evin karde\u015fimizin projesidir. Lunapark yerimiz oldu\u011fu s\u00fcre boyunca engelli karde\u015flerimiz \u00fccretsiz faydalanacakt\u0131r. Engelli karde\u015flerimiz evlerinden \u00e7\u0131kma imkanlar\u0131 yok ama haftada bir defada ya da ayda bir seferde olsa annelerin veya babalar\u0131n onlar\u0131 buraya getirmelerini istiyorum. Biz \u00fccret alm\u0131yoruz gerekirse ara\u00e7lar\u0131 yoksa bize ula\u015f\u0131p bizi aras\u0131nlar kesinlikle biz onlar\u0131 al\u0131p gelelim ama bu \u00e7ocuklar evde kalmas\u0131nlar\u201d diye konu\u015ftu.<\/p>\n<p>\u201c\u0130lk kez lunapark sevincini ya\u015fad\u0131m\u201d<\/p>\n<p>Engelli Melek Ak\u0131n ise etkinli\u011fi d\u00fczenleyenlere te\u015fekk\u00fcr ederek, \u201cGondola, \u00e7arp\u0131\u015fan arabaya bindik biz engellileri unutmad\u0131klar\u0131 i\u00e7in onlara te\u015fekk\u00fcr ediyorum. \u0130lk defa bindim, g\u00fczel bir duyguydu heyecan ve mutlu verici bir mutluluktu eme\u011fi ge\u00e7en herkese te\u015fekk\u00fcr ediyorum\u201d \u015feklinde konu\u015ftu.<\/p>\n<p>Engelli Nurullah P\u0131lg\u0131s da, ilk defa gondola bindi\u011fini kaydederek etkinlikte eme\u011fi ge\u00e7enlere te\u015fekk\u00fcr etti.<\/p>\n<p>Etkinlikte daha sonra engelli bireylere \u00e7e\u015fitli hediyeler verildi. Engelli bireyler bu etkinli\u011fe kat\u0131lmaktan b\u00fcy\u00fck mutluluk duyduklar\u0131n\u0131 ifade ederek, eme\u011fi ge\u00e7enlere te\u015fekk\u00fcr etti.<\/p>\n","protected":false},"excerpt":{"rendered":"<p>BATMAN&#8217;DA &#8220;B\u0130R KALP B\u0130N UMUT PLATFORMU&#8221; TARAFINDAN Y\u00dcR\u00dcT\u00dcLEN PROJE KAPSAMINDA LUNAPARKA G\u00d6T\u00dcR\u00dcLEN ENGELL\u0130LER G\u00d6NL\u00dcNCE E\u011eLEND\u0130.<\/p>\n","protected":false},"author":1,"featured_media":188796,"comment_status":"closed","ping_status":"open","sticky":false,"template":"","format":"standard","meta":{"jetpack_post_was_ever_published":false,"_jetpack_newsletter_access":"","_jetpack_dont_email_post_to_subs":false,"_jetpack_newsletter_tier_id":0,"_jetpack_memberships_contains_paywalled_content":false,"_jetpack_memberships_contains_paid_content":false,"footnotes":"","jetpack_publicize_message":"","jetpack_publicize_feature_enabled":true,"jetpack_social_post_already_shared":true,"jetpack_social_options":{"image_generator_settings":{"template":"highway","default_image_id":0,"font":"","enabled":false},"version":2}},"categories":[1],"tags":[1494,1735,1560,39564],"class_list":["post-188795","post","type-post","status-publish","format-standard","has-post-thumbnail","hentry","category-genel","tag-acti","tag-engellilere","tag-kapilarini","tag-lunapark"],"jetpack_publicize_connections":[],"jetpack_featured_media_url":"https:\/\/i0.wp.com\/www.tvturk.com\/wp-content\/uploads\/2019\/08\/lunapark-kapilarini-engellilere-acti_1141fd3.jpg?fit=1000%2C664","jetpack_sharing_enabled":true,"jetpack_shortlink":"https:\/\/wp.me\/paKIfm-N75","_links":{"self":[{"href":"http:\/\/www.tvturk.com\/index.php\/wp-json\/wp\/v2\/posts\/188795","targetHints":{"allow":["GET"]}}],"collection":[{"href":"http:\/\/www.tvturk.com\/index.php\/wp-json\/wp\/v2\/posts"}],"about":[{"href":"http:\/\/www.tvturk.com\/index.php\/wp-json\/wp\/v2\/types\/post"}],"author":[{"embeddable":true,"href":"http:\/\/www.tvturk.com\/index.php\/wp-json\/wp\/v2\/users\/1"}],"replies":[{"embeddable":true,"href":"http:\/\/www.tvturk.com\/index.php\/wp-json\/wp\/v2\/comments?post=188795"}],"version-history":[{"count":0,"href":"http:\/\/www.tvturk.com\/index.php\/wp-json\/wp\/v2\/posts\/188795\/revisions"}],"wp:featuredmedia":[{"embeddable":true,"href":"http:\/\/www.tvturk.com\/index.php\/wp-json\/wp\/v2\/media\/188796"}],"wp:attachment":[{"href":"http:\/\/www.tvturk.com\/index.php\/wp-json\/wp\/v2\/media?parent=188795"}],"wp:term":[{"taxonomy":"category","embeddable":true,"href":"http:\/\/www.tvturk.com\/index.php\/wp-json\/wp\/v2\/categories?post=188795"},{"taxonomy":"post_tag","embeddable":true,"href":"http:\/\/www.tvturk.com\/index.php\/wp-json\/wp\/v2\/tags?post=188795"}],"curies":[{"name":"wp","href":"https:\/\/api.w.org\/{rel}","templated":true}]}}