{"id":188803,"date":"2019-08-01T10:33:10","date_gmt":"2019-08-01T07:33:10","guid":{"rendered":"http:\/\/www.tvturk.com\/index.php\/bicakcilar-pazarinda-kurban-bayrami-hareketliligi\/"},"modified":"2019-08-01T10:33:10","modified_gmt":"2019-08-01T07:33:10","slug":"bicakcilar-pazarinda-kurban-bayrami-hareketliligi","status":"publish","type":"post","link":"http:\/\/www.tvturk.com\/index.php\/bicakcilar-pazarinda-kurban-bayrami-hareketliligi\/","title":{"rendered":"B\u0131\u00e7ak\u00e7\u0131lar Pazar\u0131\u2019nda Kurban Bayram\u0131 hareketlili\u011fi"},"content":{"rendered":"<p>\u015eanl\u0131urfa\u2019da, Kurban Bayram\u0131\u2019na say\u0131l\u0131 g\u00fcnler kala kurban kesecek vatanda\u015flar, b\u0131\u00e7aklar\u0131n\u0131 bilemek i\u00e7in b\u0131\u00e7ak\u00e7\u0131lar\u0131n yolunu tuttu.<\/p>\n<p>Kurban Bayram\u0131\u2019na say\u0131l\u0131 g\u00fcnler kala kurbanl\u0131k kesim i\u015finde kullan\u0131lacak b\u0131\u00e7aklar\u0131n yap\u0131m\u0131, tamiri ve bak\u0131m\u0131 sebebiyle \u015eanl\u0131urfa\u2019da b\u0131\u00e7ak\u00e7\u0131 ve bileyiciler yo\u011fun mesai harc\u0131yor. Bayram \u00f6ncesi haz\u0131rl\u0131klar\u0131n\u0131 s\u00fcrd\u00fcren vatanda\u015flar bir yandan hayvan pazarlar\u0131nda kurbanl\u0131k bakarken, di\u011fer taraftan da b\u0131\u00e7aklar\u0131 haz\u0131rlama tela\u015f\u0131na d\u00fc\u015ft\u00fc. Tarihi B\u0131\u00e7ak\u00e7\u0131lar \u00c7ar\u015f\u0131s\u0131\u2019nda b\u0131\u00e7ak bileme i\u015fleriyle u\u011fra\u015fan esnaf da bayrama say\u0131l\u0131 g\u00fcnler kala yo\u011fun mesai yapmaya ba\u015flad\u0131. Yo\u011funlu\u011fun ya\u015fand\u0131\u011f\u0131 \u00e7ar\u015f\u0131da al\u0131\u015fveri\u015fe gelen vatanda\u015flar, Kurban Bayram\u0131 i\u00e7in yeni b\u0131\u00e7ak al\u0131rken, baz\u0131lar\u0131 da eski b\u0131\u00e7aklar\u0131n\u0131 bilemeyi tercih ediyor. Tezgahlardaki b\u0131\u00e7ak fiyatlar\u0131 kalitelerine g\u00f6re 10 lira ile 50 lira aras\u0131nda de\u011fi\u015fiyor.<\/p>\n<p>Kurban Bayram\u0131\u2019na g\u00fcnler kala hareketlilik ya\u015fan\u0131yor<\/p>\n<p>B\u0131\u00e7ak ustas\u0131 Mustafa Kamac\u0131, g\u00fcn ge\u00e7tik\u00e7e hem sat\u0131\u015f hem de bileme i\u015flerinin iyiye gitti\u011fini belirterek, \u201cKurban Bayram\u0131 yakla\u015ft\u0131k\u00e7a vatanda\u015flar b\u0131\u00e7aklara ilgisi art\u0131yor. B\u0131\u00e7ak sat\u0131\u015f\u0131m\u0131z da g\u00fcn ge\u00e7tik\u00e7e daha \u00e7ok artmaya ba\u015flad\u0131. Vatanda\u015flar yava\u015f yava\u015f kurbanl\u0131klar i\u00e7in haz\u0131rl\u0131klar\u0131na ba\u015flad\u0131. B\u0131\u00e7ak al\u0131rken, keskinli\u011fe, yerli mal olmas\u0131na dikkat edilmeli, \u00c7in mal\u0131ndan uzak durulmal\u0131, B\u0131\u00e7aklar\u0131n kalitesi 25 liradan ba\u015flar 50 liraya kadar \u00e7\u0131k\u0131yor. Normal b\u0131\u00e7aklar ise 5 lira ile 20 lira aras\u0131ndad\u0131r\u201d dedi.<\/p>\n<p>Yar\u0131m as\u0131rd\u0131r b\u0131\u00e7ak\u00e7\u0131l\u0131k mesle\u011fini s\u00fcrd\u00fcren 71 ya\u015f\u0131ndaki Osman Pay da, \u201c49 y\u0131ld\u0131r Tarihi B\u0131\u00e7ak\u00e7\u0131lar \u00c7ar\u015f\u0131s\u0131\u2019nda \u00e7al\u0131\u015f\u0131yorum. Kurban Bayram\u0131\u2019na say\u0131l\u0131 g\u00fcnler kala vatanda\u015flar buraya gelip b\u0131\u00e7ak al\u0131rlar. Kurban Bayram\u0131na haz\u0131r\u0131z. Bizim b\u0131\u00e7aklar\u0131m\u0131z Bursa mal\u0131d\u0131r. B\u0131\u00e7ak fiyatlar\u0131m\u0131z kalitesine g\u00f6re 10, 20 ve 30 lira sat\u0131\u015f\u0131n\u0131 yap\u0131yoruz. B\u0131\u00e7aklar\u0131m\u0131z \u00e7ok iyi b\u0131\u00e7aklard\u0131r. Bizde 100 liral\u0131k b\u0131\u00e7ak da var\u201d diye konu\u015ftu.<\/p>\n","protected":false},"excerpt":{"rendered":"<p>\u015eANLIURFA\u2019DA, KURBAN BAYRAMI\u2019NA SAYILI G\u00dcNLER KALA KURBAN KESECEK VATANDA\u015eLAR, BI\u00c7AKLARINI B\u0130LEMEK \u0130\u00c7\u0130N BI\u00c7AK\u00c7ILARIN YOLUNU TUTTU.<\/p>\n","protected":false},"author":1,"featured_media":188804,"comment_status":"closed","ping_status":"open","sticky":false,"template":"","format":"standard","meta":{"jetpack_post_was_ever_published":false,"_jetpack_newsletter_access":"","_jetpack_dont_email_post_to_subs":false,"_jetpack_newsletter_tier_id":0,"_jetpack_memberships_contains_paywalled_content":false,"_jetpack_memberships_contains_paid_content":false,"footnotes":"","jetpack_publicize_message":"","jetpack_publicize_feature_enabled":true,"jetpack_social_post_already_shared":true,"jetpack_social_options":{"image_generator_settings":{"template":"highway","default_image_id":0,"font":"","enabled":false},"version":2}},"categories":[1],"tags":[6193,47074,11563,20956,5968],"class_list":["post-188803","post","type-post","status-publish","format-standard","has-post-thumbnail","hentry","category-genel","tag-bayrami","tag-bicakcilar","tag-hareketliligi","tag-kurban","tag-pazarinda"],"jetpack_publicize_connections":[],"jetpack_featured_media_url":"https:\/\/i0.wp.com\/www.tvturk.com\/wp-content\/uploads\/2019\/08\/bicakcilar-pazarinda-kurban-bayrami-hareketliligi_0c6d175.jpg?fit=1000%2C562","jetpack_sharing_enabled":true,"jetpack_shortlink":"https:\/\/wp.me\/paKIfm-N7d","_links":{"self":[{"href":"http:\/\/www.tvturk.com\/index.php\/wp-json\/wp\/v2\/posts\/188803","targetHints":{"allow":["GET"]}}],"collection":[{"href":"http:\/\/www.tvturk.com\/index.php\/wp-json\/wp\/v2\/posts"}],"about":[{"href":"http:\/\/www.tvturk.com\/index.php\/wp-json\/wp\/v2\/types\/post"}],"author":[{"embeddable":true,"href":"http:\/\/www.tvturk.com\/index.php\/wp-json\/wp\/v2\/users\/1"}],"replies":[{"embeddable":true,"href":"http:\/\/www.tvturk.com\/index.php\/wp-json\/wp\/v2\/comments?post=188803"}],"version-history":[{"count":0,"href":"http:\/\/www.tvturk.com\/index.php\/wp-json\/wp\/v2\/posts\/188803\/revisions"}],"wp:featuredmedia":[{"embeddable":true,"href":"http:\/\/www.tvturk.com\/index.php\/wp-json\/wp\/v2\/media\/188804"}],"wp:attachment":[{"href":"http:\/\/www.tvturk.com\/index.php\/wp-json\/wp\/v2\/media?parent=188803"}],"wp:term":[{"taxonomy":"category","embeddable":true,"href":"http:\/\/www.tvturk.com\/index.php\/wp-json\/wp\/v2\/categories?post=188803"},{"taxonomy":"post_tag","embeddable":true,"href":"http:\/\/www.tvturk.com\/index.php\/wp-json\/wp\/v2\/tags?post=188803"}],"curies":[{"name":"wp","href":"https:\/\/api.w.org\/{rel}","templated":true}]}}