{"id":188819,"date":"2019-08-01T10:47:07","date_gmt":"2019-08-01T07:47:07","guid":{"rendered":"http:\/\/www.tvturk.com\/index.php\/nadir-gorulen-kara-leylekler-bilecikte\/"},"modified":"2019-08-01T10:47:07","modified_gmt":"2019-08-01T07:47:07","slug":"nadir-gorulen-kara-leylekler-bilecikte","status":"publish","type":"post","link":"http:\/\/www.tvturk.com\/index.php\/nadir-gorulen-kara-leylekler-bilecikte\/","title":{"rendered":"Nadir g\u00f6r\u00fclen kara leylekler Bilecik\u2019te"},"content":{"rendered":"<p>D\u00fcnya \u00fczerinde nesli t\u00fckenme tehlikesiyle kar\u015f\u0131 kar\u015f\u0131ya olan ve T\u00fcrkiye\u2019de de nadir g\u00f6r\u00fclen kara leylekler, Bilecik\u2019in S\u00f6\u011f\u00fct il\u00e7esinde g\u00f6r\u00fcnt\u00fclendi.<\/p>\n<p>Bilecik Do\u011fa ve Yaban Hayat\u0131 Sevenler Toplulu\u011fu \u00fcyelerinin g\u00f6r\u00fcnt\u00fcledi\u011fi kara leylekler, Bilecik\u2019te ilk kez g\u00f6r\u00fcl\u00fcyor. Kayal\u0131k alana yuva yapan kara leylekler, yavrular\u0131 ile birlikte uzun s\u00fcre sonra ilk kez yak\u0131ndan g\u00f6r\u00fcnt\u00fclendi. Bilecik Do\u011fa ve Yaban Hayat\u0131 Sevenler Toplulu\u011fu \u00fcyesi Hakan Ert\u00fcrk ve Mehmet \u00c7am, S\u00f6\u011f\u00fct il\u00e7esinde g\u00f6r\u00fcnt\u00fclenen hayvanlar\u0131n neslinin tehlike alt\u0131nda oldu\u011funu belirtti. Kara leyleylekler hakk\u0131nda bilgiler veren \u00c7am, &#8220;Bu ku\u015f t\u00fcr\u00fc di\u011fer t\u00fcrler gibi s\u00fcr\u00fcler gruplar halinde durmuyorlar. Kara leylekler s\u00fcrekli kayal\u0131k yerlerde, ma\u011faralarda yuvalan\u0131rlar. \u0130nsanlara al\u0131\u015f\u0131k olmad\u0131klar\u0131n\u0131 ve g\u00f6l k\u0131y\u0131s\u0131nda de\u011fil de genellikle su kanallar\u0131 kenarlar\u0131nda beslendiklerini biliyoruz. Bilecik do\u011fa ve Yaban Hayat\u0131 Sevenler Toplulu\u011fu olarak Bilecik\u2019te ve di\u011fer illerde grup arkada\u015flar\u0131m\u0131z var onlarda kara leylekleri kendi \u00e7evrelerinde s\u0131k g\u00f6rmedikleri nadir g\u00f6r\u00fclen bir ku\u015f t\u00fcr\u00fc oldu\u011funu belirtiyorlar&#8221; ifadesinde bulundu.<\/p>\n","protected":false},"excerpt":{"rendered":"<p>B\u0130LEC\u0130K\u2019TE \u0130LK KEZ G\u00d6R\u00dcLD\u00dc.<\/p>\n","protected":false},"author":1,"featured_media":188820,"comment_status":"closed","ping_status":"open","sticky":false,"template":"","format":"standard","meta":{"jetpack_post_was_ever_published":false,"_jetpack_newsletter_access":"","_jetpack_dont_email_post_to_subs":false,"_jetpack_newsletter_tier_id":0,"_jetpack_memberships_contains_paywalled_content":false,"_jetpack_memberships_contains_paid_content":false,"footnotes":"","jetpack_publicize_message":"","jetpack_publicize_feature_enabled":true,"jetpack_social_post_already_shared":true,"jetpack_social_options":{"image_generator_settings":{"template":"highway","default_image_id":0,"font":"","enabled":false},"version":2}},"categories":[1],"tags":[506,11348,2053,3624,19681],"class_list":["post-188819","post","type-post","status-publish","format-standard","has-post-thumbnail","hentry","category-genel","tag-bilecikte","tag-gorulen","tag-kara","tag-leylekler","tag-nadir"],"jetpack_publicize_connections":[],"jetpack_featured_media_url":"https:\/\/i0.wp.com\/www.tvturk.com\/wp-content\/uploads\/2019\/08\/nadir-gorulen-kara-leylekler-bilecikte_121cd9c.jpg?fit=960%2C720","jetpack_sharing_enabled":true,"jetpack_shortlink":"https:\/\/wp.me\/paKIfm-N7t","_links":{"self":[{"href":"http:\/\/www.tvturk.com\/index.php\/wp-json\/wp\/v2\/posts\/188819","targetHints":{"allow":["GET"]}}],"collection":[{"href":"http:\/\/www.tvturk.com\/index.php\/wp-json\/wp\/v2\/posts"}],"about":[{"href":"http:\/\/www.tvturk.com\/index.php\/wp-json\/wp\/v2\/types\/post"}],"author":[{"embeddable":true,"href":"http:\/\/www.tvturk.com\/index.php\/wp-json\/wp\/v2\/users\/1"}],"replies":[{"embeddable":true,"href":"http:\/\/www.tvturk.com\/index.php\/wp-json\/wp\/v2\/comments?post=188819"}],"version-history":[{"count":0,"href":"http:\/\/www.tvturk.com\/index.php\/wp-json\/wp\/v2\/posts\/188819\/revisions"}],"wp:featuredmedia":[{"embeddable":true,"href":"http:\/\/www.tvturk.com\/index.php\/wp-json\/wp\/v2\/media\/188820"}],"wp:attachment":[{"href":"http:\/\/www.tvturk.com\/index.php\/wp-json\/wp\/v2\/media?parent=188819"}],"wp:term":[{"taxonomy":"category","embeddable":true,"href":"http:\/\/www.tvturk.com\/index.php\/wp-json\/wp\/v2\/categories?post=188819"},{"taxonomy":"post_tag","embeddable":true,"href":"http:\/\/www.tvturk.com\/index.php\/wp-json\/wp\/v2\/tags?post=188819"}],"curies":[{"name":"wp","href":"https:\/\/api.w.org\/{rel}","templated":true}]}}