{"id":188863,"date":"2019-08-01T11:34:06","date_gmt":"2019-08-01T08:34:06","guid":{"rendered":"http:\/\/www.tvturk.com\/index.php\/aris-dergisinin-14-sayisi-okuyucuyla-bulustu\/"},"modified":"2019-08-01T11:34:06","modified_gmt":"2019-08-01T08:34:06","slug":"aris-dergisinin-14-sayisi-okuyucuyla-bulustu","status":"publish","type":"post","link":"http:\/\/www.tvturk.com\/index.php\/aris-dergisinin-14-sayisi-okuyucuyla-bulustu\/","title":{"rendered":"Ar\u0131\u015f Dergisi\u2019nin 14. say\u0131s\u0131 okuyucuyla bulu\u015ftu"},"content":{"rendered":"<p>Atat\u00fcrk K\u00fclt\u00fcr, Dil ve Tarih Y\u00fcksek Kurumuna ba\u011fl\u0131 Atat\u00fcrk K\u00fclt\u00fcr Merkezi Ba\u015fkanl\u0131\u011f\u0131n\u0131n s\u00fcreli yay\u0131nlar\u0131ndan \u2019Ar\u0131\u015f\u2019\u0131n Haziran say\u0131s\u0131 okuyucuyla bulu\u015ftu.<\/p>\n<p>\u2019T\u00fcrkiye El Dokuma Hal\u0131 Yay\u0131n Atlas\u0131\u2019n\u0131n da okuyucuya sunuldu\u011fu hakemli derginin 14. say\u0131s\u0131nda, T\u00fcrk k\u00fclt\u00fcr\u00fcn\u00fcn en eski ve zengin sahalar\u0131ndan biri olan hal\u0131 dokuma ve i\u015fleme sanatlar\u0131na dair 6 makaleye yer veriliyor.<\/p>\n<p>Naile Rengin Oyman taraf\u0131ndan yaz\u0131lan &#8220;Baz\u0131 Anadolu Kilim Yan\u0131\u015flar\u0131n\u0131n Sembolik \u00c7\u00f6z\u00fcmlemesi\u201d isimli makalede, Anadolu kilim motiflerinden ku\u015f, hayat a\u011fac\u0131, el, ibrik motiflerinin sembolik \u00e7\u00f6z\u00fcmlemeleri yap\u0131larak, bu motiflerin dokuma i\u00e7indeki alt metinleri ile teknik ve sanatsal \u00f6zelliklerine yer veriliyor.<\/p>\n<p>\u00dclk\u00fc K\u00fc\u00e7\u00fckkurt\u2019un \u201cAfyonkarahisar Sultan D\u00eev\u00e2n\u00ee Mevlev\u00eeh\u00e2nesi ve M\u00fczesi\u2019nde Bulunan Dival \u0130\u015flemeli \u00d6rt\u00fcler\u201d isimli makalesinde, Karahis\u00e2r-\u0131 S\u00e2hip Sultan D\u00eev\u00e2n\u00ee Mevlev\u00eeh\u00e2nesi ve M\u00fczesi\u2019nde sergilenen dival i\u015flemeli \u00f6rt\u00fcler inceleniyor.<\/p>\n<p>Ebru \u00c7atalkaya G\u00f6k\u2019\u00fcn \u201cT\u00fcrkiye El Dokuma Hal\u0131 Yay\u0131n Atlas\u0131\u201d isimli makalesi t\u00fcm bu \u00fcretim faaliyetine daha geni\u015f bir \u00e7er\u00e7eveden bakma imk\u00e2n\u0131 sunuyor.<\/p>\n<p>\u00c7i\u011fdem Kara\u00e7ay\u2019\u0131n kaleme ald\u0131\u011f\u0131 \u201c20. Y\u00fczy\u0131la Ait Bir Grup G\u00f6rdes Hal\u0131s\u0131n\u0131n Motif \u00d6zelliklerine Dair De\u011ferlendirmeler\u201d isimli makalede ise Ankara Vak\u0131f Eserleri M\u00fczesi Koleksiyonu\u2019nda yer alan 20. y\u00fczy\u0131la ait bir grup G\u00f6rdes hal\u0131s\u0131n\u0131n motif ve kompozisyon \u00f6zellikleri tan\u0131t\u0131l\u0131yor.<\/p>\n<p>Beg\u00fcl \u00d6zkoca\u2019n\u0131n \u201c\u00c7orum\u2019un Baz\u0131 K\u00f6ylerinde Yer Alan K\u0131l Dokuma \u00d6rnekleri\u201d isimli makalesinde \u00c7orum\u2019un baz\u0131 k\u00f6ylerinde \u00f6rneklerine ula\u015f\u0131lan k\u0131l dokumalar renk, motif, ham madde ve kullan\u0131m amac\u0131 y\u00f6n\u00fcnden ele al\u0131n\u0131yor.<\/p>\n<p>Gonca Karavar ve Bahad\u0131r \u00d6zt\u00fcrk taraf\u0131ndan yaz\u0131lan \u201c20. Y\u00fczy\u0131la Ait Bir Grup Yuntda\u011f Hal\u0131s\u0131\u201d ba\u015fl\u0131kl\u0131 makalede ise Yuntda\u011f hal\u0131s\u0131n\u0131n 20. Y\u00fczy\u0131ldaki \u00f6rnekleri \u00fczerinden teknik ve desen \u00f6zellikleri ortaya konuyor.<\/p>\n<p>Y\u0131lda iki say\u0131 olmak \u00fczere haziran ve aral\u0131k aylar\u0131nda hem bas\u0131l\u0131 olarak hem de sanal ortamda yay\u0131mlanan dergiye okuyucular, Atat\u00fcrk K\u00fclt\u00fcr Merkezi Ba\u015fkanl\u0131\u011f\u0131n\u0131n genel a\u011f sayfas\u0131ndan da ula\u015fabiliyor.<\/p>\n","protected":false},"excerpt":{"rendered":"<p>ATAT\u00dcRK K\u00dcLT\u00dcR, D\u0130L VE TAR\u0130H Y\u00dcKSEK KURUMUNA BA\u011eLI ATAT\u00dcRK K\u00dcLT\u00dcR MERKEZ\u0130 BA\u015eKANLI\u011eININ S\u00dcREL\u0130 YAYINLARINDAN \u201cARI\u015e\u201dIN HAZ\u0130RAN SAYISI OKUYUCUYLA BULU\u015eTU.<\/p>\n","protected":false},"author":1,"featured_media":188864,"comment_status":"closed","ping_status":"open","sticky":false,"template":"","format":"standard","meta":{"jetpack_post_was_ever_published":false,"_jetpack_newsletter_access":"","_jetpack_dont_email_post_to_subs":false,"_jetpack_newsletter_tier_id":0,"_jetpack_memberships_contains_paywalled_content":false,"_jetpack_memberships_contains_paid_content":false,"footnotes":"","jetpack_publicize_message":"","jetpack_publicize_feature_enabled":true,"jetpack_social_post_already_shared":true,"jetpack_social_options":{"image_generator_settings":{"template":"highway","default_image_id":0,"font":"","enabled":false},"version":2}},"categories":[656],"tags":[2779,35686,389,2749,11797,611],"class_list":["post-188863","post","type-post","status-publish","format-standard","has-post-thumbnail","hentry","category-kultur-sanat","tag-2779","tag-aris","tag-bulustu","tag-dergisinin","tag-okuyucuyla","tag-sayisi"],"jetpack_publicize_connections":[],"jetpack_featured_media_url":"https:\/\/i0.wp.com\/www.tvturk.com\/wp-content\/uploads\/2019\/08\/aris-dergisinin-14-sayisi-okuyucuyla-bulustu_b169b70.jpg?fit=633%2C865","jetpack_sharing_enabled":true,"jetpack_shortlink":"https:\/\/wp.me\/paKIfm-N8b","_links":{"self":[{"href":"http:\/\/www.tvturk.com\/index.php\/wp-json\/wp\/v2\/posts\/188863","targetHints":{"allow":["GET"]}}],"collection":[{"href":"http:\/\/www.tvturk.com\/index.php\/wp-json\/wp\/v2\/posts"}],"about":[{"href":"http:\/\/www.tvturk.com\/index.php\/wp-json\/wp\/v2\/types\/post"}],"author":[{"embeddable":true,"href":"http:\/\/www.tvturk.com\/index.php\/wp-json\/wp\/v2\/users\/1"}],"replies":[{"embeddable":true,"href":"http:\/\/www.tvturk.com\/index.php\/wp-json\/wp\/v2\/comments?post=188863"}],"version-history":[{"count":0,"href":"http:\/\/www.tvturk.com\/index.php\/wp-json\/wp\/v2\/posts\/188863\/revisions"}],"wp:featuredmedia":[{"embeddable":true,"href":"http:\/\/www.tvturk.com\/index.php\/wp-json\/wp\/v2\/media\/188864"}],"wp:attachment":[{"href":"http:\/\/www.tvturk.com\/index.php\/wp-json\/wp\/v2\/media?parent=188863"}],"wp:term":[{"taxonomy":"category","embeddable":true,"href":"http:\/\/www.tvturk.com\/index.php\/wp-json\/wp\/v2\/categories?post=188863"},{"taxonomy":"post_tag","embeddable":true,"href":"http:\/\/www.tvturk.com\/index.php\/wp-json\/wp\/v2\/tags?post=188863"}],"curies":[{"name":"wp","href":"https:\/\/api.w.org\/{rel}","templated":true}]}}