{"id":188867,"date":"2019-08-01T11:46:51","date_gmt":"2019-08-01T08:46:51","guid":{"rendered":"http:\/\/www.tvturk.com\/index.php\/yaralanan-vatandas-tsknin-helikopteriyle-tahliye-edildi\/"},"modified":"2019-08-01T11:46:51","modified_gmt":"2019-08-01T08:46:51","slug":"yaralanan-vatandas-tsknin-helikopteriyle-tahliye-edildi","status":"publish","type":"post","link":"http:\/\/www.tvturk.com\/index.php\/yaralanan-vatandas-tsknin-helikopteriyle-tahliye-edildi\/","title":{"rendered":"Yaralanan vatanda\u015f TSK\u2019n\u0131n helikopteriyle tahliye edildi"},"content":{"rendered":"<p>\u015e\u0131rnak\u2019\u0131n Beyt\u00fc\u015f\u015febap il\u00e7esinde kaza sonucu yaralanan vatanda\u015f T\u00fcrk Silahl\u0131 Kuvvetlerine ait helikopterle \u015e\u0131rnak Devlet Hastanesine tahliye edildi.<\/p>\n<p>\u015e\u0131rnak\u2019\u0131n Beyt\u00fc\u015f\u015febap il\u00e7esinde kaza sonucu yaralanan ve kafatas\u0131 k\u0131r\u0131\u011f\u0131 \u015f\u00fcphesi olu\u015fan bir vatanda\u015f, T\u00fcrk Silahl\u0131 Kuvvetlerine (TSK) ait helikopterle \u015e\u0131rnak Devlet Hastanesine tahliye edildi.<\/p>\n","protected":false},"excerpt":{"rendered":"<p>\u015eIRNAK&#8217;IN BEYT\u00dc\u015e\u015eEBAP \u0130L\u00c7ES\u0130NDE KAZA SONUCU YARALANAN VATANDA\u015e T\u00dcRK KARA KUVVETLER\u0130NE A\u0130T HEL\u0130KOPTERLE \u015eIRNAK DEVLET HASTANES\u0130NE TAHL\u0130YE ED\u0130LD\u0130.<\/p>\n","protected":false},"author":1,"featured_media":188868,"comment_status":"closed","ping_status":"open","sticky":false,"template":"","format":"standard","meta":{"jetpack_post_was_ever_published":false,"_jetpack_newsletter_access":"","_jetpack_dont_email_post_to_subs":false,"_jetpack_newsletter_tier_id":0,"_jetpack_memberships_contains_paywalled_content":false,"_jetpack_memberships_contains_paid_content":false,"footnotes":"","jetpack_publicize_message":"","jetpack_publicize_feature_enabled":true,"jetpack_social_post_already_shared":true,"jetpack_social_options":{"image_generator_settings":{"template":"highway","default_image_id":0,"font":"","enabled":false},"version":2}},"categories":[1],"tags":[25401,857,47100,153,1626,4060],"class_list":["post-188867","post","type-post","status-publish","format-standard","has-post-thumbnail","hentry","category-genel","tag-tsknin","tag-edildi","tag-helikopteriyle","tag-tahliye","tag-vatandas","tag-yaralanan"],"jetpack_publicize_connections":[],"jetpack_featured_media_url":"https:\/\/i0.wp.com\/www.tvturk.com\/wp-content\/uploads\/2019\/08\/yaralanan-vatandas-tsknin-helikopteriyle-tahliye-edildi_1f03249.jpg?fit=808%2C534","jetpack_sharing_enabled":true,"jetpack_shortlink":"https:\/\/wp.me\/paKIfm-N8f","_links":{"self":[{"href":"http:\/\/www.tvturk.com\/index.php\/wp-json\/wp\/v2\/posts\/188867","targetHints":{"allow":["GET"]}}],"collection":[{"href":"http:\/\/www.tvturk.com\/index.php\/wp-json\/wp\/v2\/posts"}],"about":[{"href":"http:\/\/www.tvturk.com\/index.php\/wp-json\/wp\/v2\/types\/post"}],"author":[{"embeddable":true,"href":"http:\/\/www.tvturk.com\/index.php\/wp-json\/wp\/v2\/users\/1"}],"replies":[{"embeddable":true,"href":"http:\/\/www.tvturk.com\/index.php\/wp-json\/wp\/v2\/comments?post=188867"}],"version-history":[{"count":0,"href":"http:\/\/www.tvturk.com\/index.php\/wp-json\/wp\/v2\/posts\/188867\/revisions"}],"wp:featuredmedia":[{"embeddable":true,"href":"http:\/\/www.tvturk.com\/index.php\/wp-json\/wp\/v2\/media\/188868"}],"wp:attachment":[{"href":"http:\/\/www.tvturk.com\/index.php\/wp-json\/wp\/v2\/media?parent=188867"}],"wp:term":[{"taxonomy":"category","embeddable":true,"href":"http:\/\/www.tvturk.com\/index.php\/wp-json\/wp\/v2\/categories?post=188867"},{"taxonomy":"post_tag","embeddable":true,"href":"http:\/\/www.tvturk.com\/index.php\/wp-json\/wp\/v2\/tags?post=188867"}],"curies":[{"name":"wp","href":"https:\/\/api.w.org\/{rel}","templated":true}]}}