{"id":188887,"date":"2019-08-01T12:01:31","date_gmt":"2019-08-01T09:01:31","guid":{"rendered":"http:\/\/www.tvturk.com\/index.php\/japon-imparatorundan-parlamentoya-tekerlekli-sandalye-duzenegi\/"},"modified":"2019-08-01T12:01:31","modified_gmt":"2019-08-01T09:01:31","slug":"japon-imparatorundan-parlamentoya-tekerlekli-sandalye-duzenegi","status":"publish","type":"post","link":"http:\/\/www.tvturk.com\/index.php\/japon-imparatorundan-parlamentoya-tekerlekli-sandalye-duzenegi\/","title":{"rendered":"Japon imparatorundan parlamentoya tekerlekli sandalye d\u00fczene\u011fi"},"content":{"rendered":"<p>Japon \u0130mparatoru Naruhito, Temmuz ay\u0131nda ger\u00e7ekle\u015ftirilen se\u00e7imlerde milletvekili olan iki engelli vekil i\u00e7in parlamentoya tekerlekli sandalye d\u00fczene\u011fi yapt\u0131rd\u0131.<\/p>\n<p>Japon \u0130mparatoru Naruhito, son se\u00e7imlerde engelli iki yeni milletvekilinin parlamentoya eri\u015fimini sa\u011flamak i\u00e7in tekerlekli sandalye d\u00fczene\u011finin yapt\u0131r\u0131lmas\u0131n\u0131n ard\u0131ndan Japonya meclisinde ilk a\u00e7\u0131l\u0131\u015f konu\u015fmas\u0131n\u0131 ger\u00e7ekle\u015ftirdi. Naruhito, &#8220;\u00c7e\u015fitli yurt i\u00e7i ve yurt d\u0131\u015f\u0131 konular\u0131n\u0131 ele alan meclisin en y\u00fcksek egemenlik kurumu olarak sorumlulu\u011funu yerine getirece\u011fini ve halk\u0131n g\u00fcvenine cevap verece\u011fini umuyorum&#8221; dedi.<\/p>\n<p>Engelsiz meclis olarak adland\u0131r\u0131lan oturumdan \u00f6nce h\u00fck\u00fcmet tekerlekli sandalye kullanan ve bak\u0131c\u0131 yard\u0131m\u0131na ihtiyac\u0131 olan 2 milletvekili i\u00e7in bir alan olu\u015fturdu.<\/p>\n<p>Tekerlekli sandalyeleri bir sinir sistemi hastal\u0131\u011f\u0131na sahip olan Yasuhiko Funago ve beyin felci ge\u00e7iren Eiko Kimura adl\u0131 milletvekilleri kullan\u0131yor. Milletvekilleri akt\u00f6rl\u00fckten politikac\u0131l\u0131\u011fa ge\u00e7en Taro Yamaoto liderli\u011finde bir muhalefet grubunu temsil ediyor.<\/p>\n<p>Engelli milletvekili Eiko Kimura, &#8220;Fiziksel engelleri kald\u0131rma yolundaki \u00e7abalar\u0131ndan dolay\u0131 parlamentoya m\u00fcte\u015fekkirim ancak daha yap\u0131lmas\u0131 gereken \u00e7ok \u015fey var. Bu sorunlar\u0131n hepsini parlamentoda ele alaca\u011f\u0131z&#8221; dedi.<\/p>\n<p>Di\u011fer engelli milletvekili Yasuhiko Funago ise yard\u0131mc\u0131s\u0131 aral\u0131\u011f\u0131yla yapt\u0131\u011f\u0131 a\u00e7\u0131klamada, herkesin beklentisini kar\u015f\u0131lamak istedi\u011fini s\u00f6yledi.<\/p>\n<p>Kimura ve Funago, engelliler i\u00e7in e\u011fitimde ve bak\u0131m konusunda reform yapacaklar\u0131n\u0131 s\u00f6yledi.<\/p>\n<p>\u0130ki milletvekilinin varl\u0131\u011f\u0131 engelli insanlar\u0131n evde veya \u00f6zel bak\u0131m yerlerinde kalmalar\u0131n\u0131n te\u015fvik edildi\u011fi \u00fclkede de\u011fi\u015fimin bir i\u015fareti olarak g\u00f6r\u00fcl\u00fcyor ve Japonya\u2019n\u0131n muhafazakar siyaset d\u00fcnyas\u0131n\u0131n, Tokyo\u2019da ger\u00e7ekle\u015ftirilecek 2020 olimpiyatlar\u0131ndan \u00f6nce herkes i\u00e7in daha kapsay\u0131c\u0131 bir toplumu te\u015fvik etmeye haz\u0131r olup olmad\u0131\u011f\u0131n\u0131n bir testi oldu\u011fu d\u00fc\u015f\u00fcn\u00fcl\u00fcyor.<\/p>\n","protected":false},"excerpt":{"rendered":"<p>JAPON \u0130MPARATORU NARUH\u0130TO, TEMMUZ AYINDA GER\u00c7EKLE\u015eT\u0130R\u0130LEN SE\u00c7\u0130MLERDE M\u0130LLETVEK\u0130L\u0130 OLAN \u0130K\u0130 ENGELL\u0130 VEK\u0130L \u0130\u00c7\u0130N PARLAMENTOYA TEKERLEKL\u0130 SANDALYE D\u00dcZENE\u011e\u0130 YAPTIRDI.<\/p>\n","protected":false},"author":1,"featured_media":188888,"comment_status":"closed","ping_status":"open","sticky":false,"template":"","format":"standard","meta":{"jetpack_post_was_ever_published":false,"_jetpack_newsletter_access":"","_jetpack_dont_email_post_to_subs":false,"_jetpack_newsletter_tier_id":0,"_jetpack_memberships_contains_paywalled_content":false,"_jetpack_memberships_contains_paid_content":false,"footnotes":"","jetpack_publicize_message":"","jetpack_publicize_feature_enabled":true,"jetpack_social_post_already_shared":true,"jetpack_social_options":{"image_generator_settings":{"template":"highway","default_image_id":0,"font":"","enabled":false},"version":2}},"categories":[10],"tags":[5566,47106,1711,47107,6121,6589],"class_list":["post-188887","post","type-post","status-publish","format-standard","has-post-thumbnail","hentry","category-dunya","tag-duzenegi","tag-imparatorundan","tag-japon","tag-parlamentoya","tag-sandalye","tag-tekerlekli"],"jetpack_publicize_connections":[],"jetpack_featured_media_url":"https:\/\/i0.wp.com\/www.tvturk.com\/wp-content\/uploads\/2019\/08\/japon-imparatorundan-parlamentoya-tekerlekli-sandalye-duzenegi_ee6f2c3.jpg?fit=1000%2C666","jetpack_sharing_enabled":true,"jetpack_shortlink":"https:\/\/wp.me\/paKIfm-N8z","_links":{"self":[{"href":"http:\/\/www.tvturk.com\/index.php\/wp-json\/wp\/v2\/posts\/188887","targetHints":{"allow":["GET"]}}],"collection":[{"href":"http:\/\/www.tvturk.com\/index.php\/wp-json\/wp\/v2\/posts"}],"about":[{"href":"http:\/\/www.tvturk.com\/index.php\/wp-json\/wp\/v2\/types\/post"}],"author":[{"embeddable":true,"href":"http:\/\/www.tvturk.com\/index.php\/wp-json\/wp\/v2\/users\/1"}],"replies":[{"embeddable":true,"href":"http:\/\/www.tvturk.com\/index.php\/wp-json\/wp\/v2\/comments?post=188887"}],"version-history":[{"count":0,"href":"http:\/\/www.tvturk.com\/index.php\/wp-json\/wp\/v2\/posts\/188887\/revisions"}],"wp:featuredmedia":[{"embeddable":true,"href":"http:\/\/www.tvturk.com\/index.php\/wp-json\/wp\/v2\/media\/188888"}],"wp:attachment":[{"href":"http:\/\/www.tvturk.com\/index.php\/wp-json\/wp\/v2\/media?parent=188887"}],"wp:term":[{"taxonomy":"category","embeddable":true,"href":"http:\/\/www.tvturk.com\/index.php\/wp-json\/wp\/v2\/categories?post=188887"},{"taxonomy":"post_tag","embeddable":true,"href":"http:\/\/www.tvturk.com\/index.php\/wp-json\/wp\/v2\/tags?post=188887"}],"curies":[{"name":"wp","href":"https:\/\/api.w.org\/{rel}","templated":true}]}}