{"id":188909,"date":"2019-08-01T12:16:39","date_gmt":"2019-08-01T09:16:39","guid":{"rendered":"http:\/\/www.tvturk.com\/index.php\/kutahyali-sehit-ailesinden-aymnin-kararina-tepki\/"},"modified":"2019-08-01T12:16:39","modified_gmt":"2019-08-01T09:16:39","slug":"kutahyali-sehit-ailesinden-aymnin-kararina-tepki","status":"publish","type":"post","link":"http:\/\/www.tvturk.com\/index.php\/kutahyali-sehit-ailesinden-aymnin-kararina-tepki\/","title":{"rendered":"K\u00fctahyal\u0131 \u015fehit ailesinden AYM\u2019nin karar\u0131na tepki"},"content":{"rendered":"<p>K\u00fctahyal\u0131 \u015fehit ailesi, Anayasa Mahkemesinin (AYM) &#8220;Bar\u0131\u015f \u0130\u00e7in Akademisyenler \u0130nisiyatifi&#8221; metnine imza atan 10 akademisyenle ilgili ald\u0131\u011f\u0131 &#8220;hak ihlali&#8221; karar\u0131n\u0131n yeniden g\u00f6zden ge\u00e7irilmesini istedi.<\/p>\n<p>Evlad\u0131 Uzman \u00c7avu\u015f Hasan Kahraman\u2019\u0131n, 19 May\u0131s 2016 g\u00fcn\u00fc Mardin\u2019in Musaybin il\u00e7esinde ter\u00f6ristlerin tuzaklad\u0131\u011f\u0131 el yap\u0131m\u0131 patlay\u0131c\u0131n\u0131n infilak ettirilmesi sonucu \u015fehit oldu\u011funu belirten baba Beytullah Kahraman, AYM\u2019nin karar\u0131n\u0131n ter\u00f6ristleri hakl\u0131 g\u00f6sterdi\u011fini ve bunun dab\u00fcy\u00fck bir yanl\u0131\u015f oldu\u011funu ifade etti.<\/p>\n<p>Baba Kahraman, &#8220;Anayasa Mahkemesi\u2019nin (AYM) karar\u0131 ile belki de bizim \u00e7ocuklar\u0131m\u0131z haks\u0131z duruma d\u00fc\u015fecek. Bu karar derhal g\u00f6zden ge\u00e7irilmeli. \u015eehit aileleri olarak bizde Cumhurba\u015fkan\u0131m\u0131z tepkisine kat\u0131l\u0131yoruz. Bu d\u0131\u015f kaynakl\u0131 bir oyun. Benim o\u011flum g\u00f6revdeyken \u2019Baba biz burada 7 d\u00fcvel ile sava\u015f\u0131yoruz\u2019 diyordu.Bizim o\u011flumuz vatan, bayrak ve ezan i\u00e7in \u015fehit oldu&#8221; diye konu\u015ftu.<\/p>\n<p>\u015eehit Hasan Kahraman\u2019\u0131n annesi Seviye Kahraman\u2019da, &#8220;T\u00fcrkiye\u2019de hi\u00e7bir ayr\u0131m yokken bunlar ne yapmak istiyor. \u015eehit ailelerin g\u00f6r\u00fc\u015fleri de al\u0131ns\u0131n. Bu akademisyenler evlad\u0131n\u0131 Do\u011fu ve G\u00fcnaydo\u011fu\u2019ya g\u00f6nderdiler mi?. Kendileri okumu\u015flar b\u00fcy\u00fck adam olmu\u015flar ama, T\u00fcrkiye\u2019yi b\u00f6lmek i\u00e7in buralara gelmi\u015fler. Verilen karar\u0131 kesinlikle onaylam\u0131yoruz. Cumhurba\u015fkan\u0131m\u0131z bunun gere\u011fini yaps\u0131n. Biz \u015fehit aileleri olarak Cumhurba\u015fkan\u0131m\u0131z\u0131n arkas\u0131nday\u0131z.Benim o\u011flum vatan i\u00e7in \u015fehit oldu. Ben her g\u00fcn a\u011fl\u0131yorum. A\u011flamad\u0131\u011f\u0131m g\u00fcn yok. Karar iptal edilsin&#8221; \u015feklinde konu\u015ftu.<\/p>\n","protected":false},"excerpt":{"rendered":"<p>\u015eEH\u0130T A\u0130LES\u0130. BABA BEYTULLAH KAHRAMAN. ANNE SEV\u0130YE KAHRAMAN<\/p>\n","protected":false},"author":1,"featured_media":188910,"comment_status":"closed","ping_status":"open","sticky":false,"template":"","format":"standard","meta":{"jetpack_post_was_ever_published":false,"_jetpack_newsletter_access":"","_jetpack_dont_email_post_to_subs":false,"_jetpack_newsletter_tier_id":0,"_jetpack_memberships_contains_paywalled_content":false,"_jetpack_memberships_contains_paid_content":false,"footnotes":"","jetpack_publicize_message":"","jetpack_publicize_feature_enabled":true,"jetpack_social_post_already_shared":true,"jetpack_social_options":{"image_generator_settings":{"template":"highway","default_image_id":0,"font":"","enabled":false},"version":2}},"categories":[1],"tags":[46610,15506,12513,11460,237,961],"class_list":["post-188909","post","type-post","status-publish","format-standard","has-post-thumbnail","hentry","category-genel","tag-aymnin","tag-ailesinden","tag-kararina","tag-kutahyali","tag-sehit","tag-tepki"],"jetpack_publicize_connections":[],"jetpack_featured_media_url":"https:\/\/i0.wp.com\/www.tvturk.com\/wp-content\/uploads\/2019\/08\/kutahyali-sehit-ailesinden-aymnin-kararina-tepki_05e1aea.jpg?fit=1000%2C653","jetpack_sharing_enabled":true,"jetpack_shortlink":"https:\/\/wp.me\/paKIfm-N8V","_links":{"self":[{"href":"http:\/\/www.tvturk.com\/index.php\/wp-json\/wp\/v2\/posts\/188909","targetHints":{"allow":["GET"]}}],"collection":[{"href":"http:\/\/www.tvturk.com\/index.php\/wp-json\/wp\/v2\/posts"}],"about":[{"href":"http:\/\/www.tvturk.com\/index.php\/wp-json\/wp\/v2\/types\/post"}],"author":[{"embeddable":true,"href":"http:\/\/www.tvturk.com\/index.php\/wp-json\/wp\/v2\/users\/1"}],"replies":[{"embeddable":true,"href":"http:\/\/www.tvturk.com\/index.php\/wp-json\/wp\/v2\/comments?post=188909"}],"version-history":[{"count":0,"href":"http:\/\/www.tvturk.com\/index.php\/wp-json\/wp\/v2\/posts\/188909\/revisions"}],"wp:featuredmedia":[{"embeddable":true,"href":"http:\/\/www.tvturk.com\/index.php\/wp-json\/wp\/v2\/media\/188910"}],"wp:attachment":[{"href":"http:\/\/www.tvturk.com\/index.php\/wp-json\/wp\/v2\/media?parent=188909"}],"wp:term":[{"taxonomy":"category","embeddable":true,"href":"http:\/\/www.tvturk.com\/index.php\/wp-json\/wp\/v2\/categories?post=188909"},{"taxonomy":"post_tag","embeddable":true,"href":"http:\/\/www.tvturk.com\/index.php\/wp-json\/wp\/v2\/tags?post=188909"}],"curies":[{"name":"wp","href":"https:\/\/api.w.org\/{rel}","templated":true}]}}