{"id":188925,"date":"2019-08-01T12:31:54","date_gmt":"2019-08-01T09:31:54","guid":{"rendered":"http:\/\/www.tvturk.com\/index.php\/siirtte-gercegi-aratmayan-deprem-tatbikati\/"},"modified":"2019-08-01T12:31:54","modified_gmt":"2019-08-01T09:31:54","slug":"siirtte-gercegi-aratmayan-deprem-tatbikati","status":"publish","type":"post","link":"http:\/\/www.tvturk.com\/index.php\/siirtte-gercegi-aratmayan-deprem-tatbikati\/","title":{"rendered":"Siirt\u2019te ger\u00e7e\u011fi aratmayan deprem tatbikat\u0131"},"content":{"rendered":"<p>Siirt\u2019in Kurtalan il\u00e7esinde deprem tatbikat\u0131 ger\u00e7ekle\u015ftirildi.<\/p>\n<p>PTT Kurtalan \u0130lce M\u00fcd\u00fcrl\u00fc\u011f\u00fc\u2019nde ger\u00e7e\u011fi aratmayan deprem tatbikat\u0131 ger\u00e7ekle\u015ftirildi. AFAD, UMKE ve 112 acil sa\u011fl\u0131k ekiplerinin kat\u0131ld\u0131\u011f\u0131 tatbikatta 5,6 \u015fiddetinde depreme g\u00f6re uygulama yap\u0131ld\u0131. Tehlike alarm\u0131n\u0131n \u00e7almas\u0131n\u0131n ard\u0131ndan \u00e7al\u0131\u015fanlar masa altlar\u0131 ve kolonlar\u0131n yanlar\u0131na ko\u015ftu. Tatbikatta, yaral\u0131lara 112 acil sa\u011fl\u0131k ekipleri taraf\u0131ndan an\u0131nda m\u00fcdahale edildi. Tatbikat sonunda AFAD ve UMKE ekipleri taraf\u0131ndan \u00e7al\u0131\u015fanlara deprem an\u0131nda neler yap\u0131lmas\u0131 gerekti\u011fi konusunda bilgi verildi.<\/p>\n<p>PTT Kurtalan \u0130l\u00e7e M\u00fcd\u00fcr\u00fc Fahri G\u00fcr\u00fchan, bug\u00fcn hizmet binalar\u0131nda 5,6 \u015fiddetinde deprem tatbikat\u0131 ger\u00e7ekle\u015ftirdiklerini s\u00f6yledi. G\u00fcr\u00fchan, \u201cDEDA\u015e, hastane ve itfaiyemize bize verdikleri katk\u0131dan dolay\u0131 te\u015fekk\u00fcr ediyoruz. Allah ger\u00e7e\u011fini g\u00f6stermesin\u201d dedi.<\/p>\n","protected":false},"excerpt":{"rendered":"<p>S\u0130\u0130RT\u2019\u0130N KURTALAN \u0130L\u00c7ES\u0130NDE BULUNAN B\u0130R KAMU KURUMUNDA, DEPREM TATB\u0130KATI GER\u00c7EKLE\u015eT\u0130R\u0130LD\u0130.<\/p>\n","protected":false},"author":1,"featured_media":188926,"comment_status":"closed","ping_status":"open","sticky":false,"template":"","format":"standard","meta":{"jetpack_post_was_ever_published":false,"_jetpack_newsletter_access":"","_jetpack_dont_email_post_to_subs":false,"_jetpack_newsletter_tier_id":0,"_jetpack_memberships_contains_paywalled_content":false,"_jetpack_memberships_contains_paid_content":false,"footnotes":"","jetpack_publicize_message":"","jetpack_publicize_feature_enabled":true,"jetpack_social_post_already_shared":true,"jetpack_social_options":{"image_generator_settings":{"template":"highway","default_image_id":0,"font":"","enabled":false},"version":2}},"categories":[1],"tags":[220,221,219,890,222],"class_list":["post-188925","post","type-post","status-publish","format-standard","has-post-thumbnail","hentry","category-genel","tag-aratmayan","tag-deprem","tag-gercegi","tag-siirtte","tag-tatbikati"],"jetpack_publicize_connections":[],"jetpack_featured_media_url":"https:\/\/i0.wp.com\/www.tvturk.com\/wp-content\/uploads\/2019\/08\/siirtte-gercegi-aratmayan-deprem-tatbikati_b9f23fb.jpg?fit=1000%2C750","jetpack_sharing_enabled":true,"jetpack_shortlink":"https:\/\/wp.me\/paKIfm-N9b","_links":{"self":[{"href":"http:\/\/www.tvturk.com\/index.php\/wp-json\/wp\/v2\/posts\/188925","targetHints":{"allow":["GET"]}}],"collection":[{"href":"http:\/\/www.tvturk.com\/index.php\/wp-json\/wp\/v2\/posts"}],"about":[{"href":"http:\/\/www.tvturk.com\/index.php\/wp-json\/wp\/v2\/types\/post"}],"author":[{"embeddable":true,"href":"http:\/\/www.tvturk.com\/index.php\/wp-json\/wp\/v2\/users\/1"}],"replies":[{"embeddable":true,"href":"http:\/\/www.tvturk.com\/index.php\/wp-json\/wp\/v2\/comments?post=188925"}],"version-history":[{"count":0,"href":"http:\/\/www.tvturk.com\/index.php\/wp-json\/wp\/v2\/posts\/188925\/revisions"}],"wp:featuredmedia":[{"embeddable":true,"href":"http:\/\/www.tvturk.com\/index.php\/wp-json\/wp\/v2\/media\/188926"}],"wp:attachment":[{"href":"http:\/\/www.tvturk.com\/index.php\/wp-json\/wp\/v2\/media?parent=188925"}],"wp:term":[{"taxonomy":"category","embeddable":true,"href":"http:\/\/www.tvturk.com\/index.php\/wp-json\/wp\/v2\/categories?post=188925"},{"taxonomy":"post_tag","embeddable":true,"href":"http:\/\/www.tvturk.com\/index.php\/wp-json\/wp\/v2\/tags?post=188925"}],"curies":[{"name":"wp","href":"https:\/\/api.w.org\/{rel}","templated":true}]}}