{"id":188943,"date":"2019-08-01T12:46:47","date_gmt":"2019-08-01T09:46:47","guid":{"rendered":"http:\/\/www.tvturk.com\/index.php\/ankara-tarimi-masaya-yatirildi\/"},"modified":"2019-08-01T12:46:47","modified_gmt":"2019-08-01T09:46:47","slug":"ankara-tarimi-masaya-yatirildi","status":"publish","type":"post","link":"http:\/\/www.tvturk.com\/index.php\/ankara-tarimi-masaya-yatirildi\/","title":{"rendered":"Ankara tar\u0131m\u0131 masaya yat\u0131r\u0131ld\u0131"},"content":{"rendered":"<p>Ankara tar\u0131m ve orman sekt\u00f6r\u00fc de\u011ferlendirme toplant\u0131s\u0131 yap\u0131ld\u0131.<\/p>\n<p>Ankara tar\u0131m ve orman sekt\u00f6r\u00fc de\u011ferlendirme toplant\u0131s\u0131 \u2018K\u00f6klerinde Bereket Var\u2019 afi\u015fiyle Ba\u015fkent\u2019te bir otelde ger\u00e7ekle\u015ftirdi. Toplant\u0131ya, Tar\u0131m ve Orman Bakanl\u0131\u011f\u0131 E\u011fitim ve Yay\u0131n Dairesi Ba\u015fkan\u0131 \u0130sa Sertkaya, Ankara Vali Yard\u0131mc\u0131s\u0131 Recep Erk\u0131l\u0131\u00e7, Ankara Tar\u0131m ve Orman \u0130l M\u00fcd\u00fcr\u00fc B\u00fclent Korkmaz ve bir \u00e7ok davetli kat\u0131ld\u0131. Program sinevizyon g\u00f6sterisiyle ba\u015flad\u0131.<\/p>\n<p>Tar\u0131m\u0131n ba\u015fkentinin Ankara oldu\u011funu ifade eden Korkmaz, \u201cAnkara, 2 milyon dekar arazide yap\u0131lan tar\u0131mla tiftik ve so\u011fan ba\u015fta olmak \u00fczere 10 tar\u0131msal  \u00fcr\u00fcnde \u00fclkemizde 1. s\u0131rada yer al\u0131rken, bu\u011fday, arpa nohut gibi ekonomik de\u011feri y\u00fcksek 10 \u00fcr\u00fcnde 2\u2019inci; 3 \u00fcr\u00fcnde ise 3\u2019\u00fcnc\u00fc s\u0131rada yer almaktad\u0131r. Yine hayvansal  \u00fcretimde 600 bine yakla\u015fan b\u00fcy\u00fckba\u015f say\u0131s\u0131,1,5 milyonu a\u015fk\u0131n k\u00fc\u00e7\u00fckba\u015f varl\u0131\u011f\u0131 ile T\u00fcrkiye\u2019nin ba\u015fkenti tar\u0131m\u0131n da ba\u015fkenti s\u00f6ylemini hakl\u0131 \u00e7\u0131karmaktad\u0131r\u201d \u015feklinde konu\u015ftu.<\/p>\n","protected":false},"excerpt":{"rendered":"<p>ANKARA TARIM VE ORMAN SEKT\u00d6R\u00dc. \u2018 K\u00d6KLER\u0130NDE BEREKET VAR\u2019 AF\u0130\u015e\u0130YLE DE\u011eERLEND\u0130RME TOPLANTISI YAPILDI.<\/p>\n","protected":false},"author":1,"featured_media":188944,"comment_status":"closed","ping_status":"open","sticky":false,"template":"","format":"standard","meta":{"jetpack_post_was_ever_published":false,"_jetpack_newsletter_access":"","_jetpack_dont_email_post_to_subs":false,"_jetpack_newsletter_tier_id":0,"_jetpack_memberships_contains_paywalled_content":false,"_jetpack_memberships_contains_paid_content":false,"footnotes":"","jetpack_publicize_message":"","jetpack_publicize_feature_enabled":true,"jetpack_social_post_already_shared":true,"jetpack_social_options":{"image_generator_settings":{"template":"highway","default_image_id":0,"font":"","enabled":false},"version":2}},"categories":[1],"tags":[1475,843,10163,2884],"class_list":["post-188943","post","type-post","status-publish","format-standard","has-post-thumbnail","hentry","category-genel","tag-ankara","tag-masaya","tag-tarimi","tag-yatirildi"],"jetpack_publicize_connections":[],"jetpack_featured_media_url":"https:\/\/i0.wp.com\/www.tvturk.com\/wp-content\/uploads\/2019\/08\/ankara-tarimi-masaya-yatirildi_d209cbc.jpg?fit=1000%2C666","jetpack_sharing_enabled":true,"jetpack_shortlink":"https:\/\/wp.me\/paKIfm-N9t","_links":{"self":[{"href":"http:\/\/www.tvturk.com\/index.php\/wp-json\/wp\/v2\/posts\/188943","targetHints":{"allow":["GET"]}}],"collection":[{"href":"http:\/\/www.tvturk.com\/index.php\/wp-json\/wp\/v2\/posts"}],"about":[{"href":"http:\/\/www.tvturk.com\/index.php\/wp-json\/wp\/v2\/types\/post"}],"author":[{"embeddable":true,"href":"http:\/\/www.tvturk.com\/index.php\/wp-json\/wp\/v2\/users\/1"}],"replies":[{"embeddable":true,"href":"http:\/\/www.tvturk.com\/index.php\/wp-json\/wp\/v2\/comments?post=188943"}],"version-history":[{"count":0,"href":"http:\/\/www.tvturk.com\/index.php\/wp-json\/wp\/v2\/posts\/188943\/revisions"}],"wp:featuredmedia":[{"embeddable":true,"href":"http:\/\/www.tvturk.com\/index.php\/wp-json\/wp\/v2\/media\/188944"}],"wp:attachment":[{"href":"http:\/\/www.tvturk.com\/index.php\/wp-json\/wp\/v2\/media?parent=188943"}],"wp:term":[{"taxonomy":"category","embeddable":true,"href":"http:\/\/www.tvturk.com\/index.php\/wp-json\/wp\/v2\/categories?post=188943"},{"taxonomy":"post_tag","embeddable":true,"href":"http:\/\/www.tvturk.com\/index.php\/wp-json\/wp\/v2\/tags?post=188943"}],"curies":[{"name":"wp","href":"https:\/\/api.w.org\/{rel}","templated":true}]}}