{"id":188959,"date":"2019-08-01T13:16:40","date_gmt":"2019-08-01T10:16:40","guid":{"rendered":"http:\/\/www.tvturk.com\/index.php\/sehit-babasi-atmaca-anayasa-mahkemesi-kararini-kiniyoruz\/"},"modified":"2019-08-01T13:16:40","modified_gmt":"2019-08-01T10:16:40","slug":"sehit-babasi-atmaca-anayasa-mahkemesi-kararini-kiniyoruz","status":"publish","type":"post","link":"http:\/\/www.tvturk.com\/index.php\/sehit-babasi-atmaca-anayasa-mahkemesi-kararini-kiniyoruz\/","title":{"rendered":"\u015eehit babas\u0131 Atmaca: \u201cAnayasa Mahkemesi karar\u0131n\u0131 k\u0131n\u0131yoruz\u201d"},"content":{"rendered":"<p>Hendek \u015fehidi babas\u0131 Osman Atmaca, Anayasa Mahkemesinin ald\u0131\u011f\u0131 karar\u0131 k\u0131nayarak, \u201cAnayasa mahkemesinin ald\u0131\u011f\u0131 bu karar devletimizin, milletimizin huzurunu bozacak bir karard\u0131r. \u015eehit babas\u0131 olarak bu karar\u0131n d\u00fczeltilmesini istiyoruz\u201d dedi.<\/p>\n<p>Anayasa Mahkemesi\u2019nin \u2018Bar\u0131\u015f Bildirisine\u2019 imza atanlarla ilgili hak ihlali karar\u0131na \u015fehit yak\u0131nlar\u0131 ve aileleri tepki g\u00f6sterdi. 2016 y\u0131l\u0131nda Diyarbak\u0131r\u2019\u0131n Sur il\u00e7esinde ter\u00f6ristlere y\u00f6nelik Hendek Operasyonunda \u015fehit d\u00fc\u015fen Yozgat\u2019\u0131n Sorgun il\u00e7esine kay\u0131tl\u0131 Jandarma K\u0131demli \u00dcst\u00e7avu\u015f Nusret Atmaca\u2019n\u0131n babas\u0131 Osman Atmaca, Anayasa Mahkemesinin ald\u0131\u011f\u0131 karar \u00fczerine a\u00e7\u0131klamalarda bulundu.<\/p>\n<p>\u015eehit babas\u0131 Atmaca, \u201cO\u011flum jandarma K\u0131demli \u00dcst \u00c7avu\u015f Nusret Atmaca, Hendek Operasyonunda 2016\u2019da Diyarbak\u0131r Sur\u2019da \u015fehit oldu. Anayasa Mahkemesinin ald\u0131\u011f\u0131 bu karar, devletimizin, milletimizin huzurunu bozacak bir karard\u0131r. Biz \u015fehit babas\u0131 \u015fehit aileleri olarak \u00e7ok zor durumday\u0131z bu karar bizi \u00e7ok \u00fczm\u00fc\u015ft\u00fcr. \u015eehit babas\u0131 olarak bu karar\u0131n d\u00fczeltilmesini istiyoruz. Milletimiz olarak bunu bekliyoruz vatan\u0131m\u0131z\u0131n milletimizin yan\u0131nday\u0131z. Bu karar\u0131 i\u00e7tenlikle k\u0131n\u0131yoruz. Devletimiz sa\u011f olsun, \u00e7ok \u00fczg\u00fcn\u00fcz biz \u015fehit ailesi olarak. Anayasa mahkemesi katliam olarak karar vermi\u015ftir ama bizim evlatlar\u0131m\u0131z vatan\u0131 milleti i\u00e7in orada \u015fehit olmu\u015ftur arkada\u015flar\u0131yla birlikte\u201d dedi.<\/p>\n","protected":false},"excerpt":{"rendered":"<p>HENDEK OPERASYONUNDA \u015eEH\u0130T OLAN JANDARMA KIDEML\u0130 \u00dcST\u00c7AVU\u015e NUSRET ATMACA\u2019NIN BABASI OSMAN ATMACA, ANAYASA MAHKEMES\u0130N\u0130N KARARINI KINADI<\/p>\n","protected":false},"author":1,"featured_media":188960,"comment_status":"closed","ping_status":"open","sticky":false,"template":"","format":"standard","meta":{"jetpack_post_was_ever_published":false,"_jetpack_newsletter_access":"","_jetpack_dont_email_post_to_subs":false,"_jetpack_newsletter_tier_id":0,"_jetpack_memberships_contains_paywalled_content":false,"_jetpack_memberships_contains_paid_content":false,"footnotes":"","jetpack_publicize_message":"","jetpack_publicize_feature_enabled":true,"jetpack_social_post_already_shared":true,"jetpack_social_options":{"image_generator_settings":{"template":"highway","default_image_id":0,"font":"","enabled":false},"version":2}},"categories":[1],"tags":[11792,13968,1841,12619,24208,11843,237],"class_list":["post-188959","post","type-post","status-publish","format-standard","has-post-thumbnail","hentry","category-genel","tag-anayasa","tag-atmaca","tag-babasi","tag-kararini","tag-kiniyoruz","tag-mahkemesi","tag-sehit"],"jetpack_publicize_connections":[],"jetpack_featured_media_url":"https:\/\/i0.wp.com\/www.tvturk.com\/wp-content\/uploads\/2019\/08\/sehit-babasi-atmaca-anayasa-mahkemesi-kararini-kiniyoruz_4b0af34.jpg?fit=1000%2C666","jetpack_sharing_enabled":true,"jetpack_shortlink":"https:\/\/wp.me\/paKIfm-N9J","_links":{"self":[{"href":"http:\/\/www.tvturk.com\/index.php\/wp-json\/wp\/v2\/posts\/188959","targetHints":{"allow":["GET"]}}],"collection":[{"href":"http:\/\/www.tvturk.com\/index.php\/wp-json\/wp\/v2\/posts"}],"about":[{"href":"http:\/\/www.tvturk.com\/index.php\/wp-json\/wp\/v2\/types\/post"}],"author":[{"embeddable":true,"href":"http:\/\/www.tvturk.com\/index.php\/wp-json\/wp\/v2\/users\/1"}],"replies":[{"embeddable":true,"href":"http:\/\/www.tvturk.com\/index.php\/wp-json\/wp\/v2\/comments?post=188959"}],"version-history":[{"count":0,"href":"http:\/\/www.tvturk.com\/index.php\/wp-json\/wp\/v2\/posts\/188959\/revisions"}],"wp:featuredmedia":[{"embeddable":true,"href":"http:\/\/www.tvturk.com\/index.php\/wp-json\/wp\/v2\/media\/188960"}],"wp:attachment":[{"href":"http:\/\/www.tvturk.com\/index.php\/wp-json\/wp\/v2\/media?parent=188959"}],"wp:term":[{"taxonomy":"category","embeddable":true,"href":"http:\/\/www.tvturk.com\/index.php\/wp-json\/wp\/v2\/categories?post=188959"},{"taxonomy":"post_tag","embeddable":true,"href":"http:\/\/www.tvturk.com\/index.php\/wp-json\/wp\/v2\/tags?post=188959"}],"curies":[{"name":"wp","href":"https:\/\/api.w.org\/{rel}","templated":true}]}}